{"id":166970,"date":"2019-06-08T17:44:16","date_gmt":"2019-06-08T14:44:16","guid":{"rendered":"http:\/\/www.tvturk.com\/index.php\/kumsazda-cadir-operasyonu\/"},"modified":"2019-06-08T17:44:16","modified_gmt":"2019-06-08T14:44:16","slug":"kumsazda-cadir-operasyonu","status":"publish","type":"post","link":"http:\/\/www.tvturk.com\/index.php\/kumsazda-cadir-operasyonu\/","title":{"rendered":"Kumsaz\u2019da \u00e7ad\u0131r operasyonu"},"content":{"rendered":"<p>Bursa\u2019n\u0131n Gemlik il\u00e7esinde zab\u0131ta ekipleri, emniyet g\u00fc\u00e7leri ile Kumsaz b\u00f6lgesinde sahil ve ye\u015fil alanlara kurulan \u00e7ad\u0131rlar\u0131 kald\u0131rd\u0131.<\/p>\n<p>Mudanya ve Gemlik\u2019te deniz k\u0131y\u0131s\u0131nda genellikle yabanc\u0131 uyruklu ailelerce kurulan \u00e7ad\u0131rlar b\u00f6lge halk\u0131n\u0131n yo\u011fun \u015fik\u00e2yeti sebep oluyor. Kamp alanlar\u0131 d\u0131\u015f\u0131nda \u00e7ad\u0131r kurulmas\u0131n\u0131n yasak oldu\u011fu b\u00f6lgelerde konaklayan yabanc\u0131 aileler burada vatanda\u015flar\u0131n sahili kullanmas\u0131na engel olurke,n \u00e7evre kirlili\u011fine de sebebiyet veriyor.<\/p>\n<p>Konuyla ilgili g\u00fcnlerdir devam eden \u015fik\u00e2yetleri de\u011ferlendiren Gemlik Belediyesi ekipleri, emniyet g\u00fc\u00e7lerinin deste\u011fi ile \u00e7ad\u0131r kuran kimselere ihtarda bulunarak b\u00f6lgede uyulmas\u0131 gereken kurallar\u0131 anlatt\u0131 ve \u00e7ad\u0131rlar\u0131n kald\u0131r\u0131lmas\u0131n\u0131 talep etti. Kimi \u00e7ad\u0131rc\u0131lar\u0131n zab\u0131ta ve polis kar\u015f\u0131s\u0131ndaki rahat tav\u0131rlar\u0131 dikkatlerden ka\u00e7mad\u0131. Sahil b\u00f6lgesinde kurulmas\u0131 yasak olan \u00e7ad\u0131rlar bir s\u00fcre sonra sahipleri ile bir s\u00fcre sonra ekiplerce topland\u0131.<\/p>\n<p>Gen\u00e7ali Muhtar\u0131 M\u00fcr\u00fcvvet G\u00fcnay yapt\u0131\u011f\u0131 a\u00e7\u0131klamada kurumlar\u0131n ortak koordinasyonu ile Kumsaz sahilinin bir nebze olsun nefes ald\u0131\u011f\u0131n\u0131 ifade ederken, ekiplere de te\u015fekk\u00fcr etti.<\/p>\n<p>\u0130l\u00e7e Jandarma Komutan\u0131 Bar\u0131\u015f Bozkurt ve \u0130l\u00e7e Emniyet M\u00fcd\u00fcr\u00fc Abdulkadir Y\u00fcce de \u00e7al\u0131\u015fmalar\u0131 yerinde takip ederken, vatanda\u015flardan \u00e7ok say\u0131da \u015fikayet al\u0131nd\u0131\u011f\u0131n\u0131 ve Polis ve Jandarma ekiplerinin b\u00f6lgede kontrollerini artt\u0131rarak devam edeceklerini belirttiler.<\/p>\n<p>Konuyla ilgili a\u00e7\u0131klama yapan Gemlik Belediye Ba\u015fkan\u0131 Mehmet U\u011fur Sertaslan, her vatanda\u015f\u0131n sahilleri \u00e2dil \u015fekilde kullanmaya hakk\u0131 oldu\u011funu s\u00f6yleyerek, \u201cKimsenin bir ba\u015fka kimseyi rahats\u0131z etme ve sahillerin kullan\u0131m\u0131ndan mahrum b\u0131rakma hakk\u0131 yoktur. \u00c7ad\u0131r  kurulacak kamp alanlar\u0131 ilgili mevzuatla belirlenmi\u015ftir. M\u00fcdahale etti\u011fimiz alanlar kamp alan\u0131 de\u011fildir, bu sebeple \u00e7ad\u0131r kurulamaz. \u00c7ad\u0131r ve \u00e7evre kirlili\u011finden dolay\u0131 ald\u0131\u011f\u0131m\u0131z \u015fik\u00e2yetlerden m\u00fcdahale ihtiyac\u0131 do\u011fmu\u015ftur. Biz Gemlik Belediyesi olarak vatanda\u015flar\u0131m\u0131z\u0131n faydalanaca\u011f\u0131 temiz alanlar\u0131 sa\u011flamaya devam edece\u011fiz\u201d dedi.<\/p>\n","protected":false},"excerpt":{"rendered":"<p>GEML\u0130K \u0130L\u00c7ES\u0130NDE ZABITA EK\u0130PLER\u0130, EMN\u0130YET G\u00dc\u00c7LER\u0130 \u0130LE KUMSAZ B\u00d6LGES\u0130NDE SAH\u0130L VE YE\u015e\u0130L ALANLARA KURULAN \u00c7ADIRLARI KALDIRDI<\/p>\n","protected":false},"author":1,"featured_media":166971,"comment_status":"closed","ping_status":"open","sticky":false,"template":"","format":"standard","meta":{"jetpack_post_was_ever_published":false,"_jetpack_newsletter_access":"","_jetpack_dont_email_post_to_subs":false,"_jetpack_newsletter_tier_id":0,"_jetpack_memberships_contains_paywalled_content":false,"_jetpack_memberships_contains_paid_content":false,"footnotes":"","jetpack_publicize_message":"","jetpack_publicize_feature_enabled":true,"jetpack_social_post_already_shared":true,"jetpack_social_options":{"image_generator_settings":{"template":"highway","default_image_id":0,"font":"","enabled":false},"version":2}},"categories":[1],"tags":[16130,39906,1157],"class_list":["post-166970","post","type-post","status-publish","format-standard","has-post-thumbnail","hentry","category-genel","tag-cadir","tag-kumsazda","tag-operasyonu"],"jetpack_publicize_connections":[],"jetpack_featured_media_url":"https:\/\/i0.wp.com\/www.tvturk.com\/wp-content\/uploads\/2019\/06\/kumsazda-cadir-operasyonu_085a27a.jpg?fit=1000%2C461","jetpack_sharing_enabled":true,"jetpack_shortlink":"https:\/\/wp.me\/paKIfm-Hr4","_links":{"self":[{"href":"http:\/\/www.tvturk.com\/index.php\/wp-json\/wp\/v2\/posts\/166970","targetHints":{"allow":["GET"]}}],"collection":[{"href":"http:\/\/www.tvturk.com\/index.php\/wp-json\/wp\/v2\/posts"}],"about":[{"href":"http:\/\/www.tvturk.com\/index.php\/wp-json\/wp\/v2\/types\/post"}],"author":[{"embeddable":true,"href":"http:\/\/www.tvturk.com\/index.php\/wp-json\/wp\/v2\/users\/1"}],"replies":[{"embeddable":true,"href":"http:\/\/www.tvturk.com\/index.php\/wp-json\/wp\/v2\/comments?post=166970"}],"version-history":[{"count":0,"href":"http:\/\/www.tvturk.com\/index.php\/wp-json\/wp\/v2\/posts\/166970\/revisions"}],"wp:featuredmedia":[{"embeddable":true,"href":"http:\/\/www.tvturk.com\/index.php\/wp-json\/wp\/v2\/media\/166971"}],"wp:attachment":[{"href":"http:\/\/www.tvturk.com\/index.php\/wp-json\/wp\/v2\/media?parent=166970"}],"wp:term":[{"taxonomy":"category","embeddable":true,"href":"http:\/\/www.tvturk.com\/index.php\/wp-json\/wp\/v2\/categories?post=166970"},{"taxonomy":"post_tag","embeddable":true,"href":"http:\/\/www.tvturk.com\/index.php\/wp-json\/wp\/v2\/tags?post=166970"}],"curies":[{"name":"wp","href":"https:\/\/api.w.org\/{rel}","templated":true}]}}