{"id":166988,"date":"2019-06-08T20:50:12","date_gmt":"2019-06-08T17:50:12","guid":{"rendered":"http:\/\/www.tvturk.com\/index.php\/suriye-sinirindaki-yangina-toma-mudahale-etti\/"},"modified":"2019-06-08T20:50:12","modified_gmt":"2019-06-08T17:50:12","slug":"suriye-sinirindaki-yangina-toma-mudahale-etti","status":"publish","type":"post","link":"http:\/\/www.tvturk.com\/index.php\/suriye-sinirindaki-yangina-toma-mudahale-etti\/","title":{"rendered":"Suriye s\u0131n\u0131r\u0131ndaki yang\u0131na TOMA m\u00fcdahale etti"},"content":{"rendered":"<p>Mardin\u2019in Nusaybin il\u00e7esinde, T\u00fcrkiye-Suriye s\u0131n\u0131r\u0131n\u0131 ay\u0131ran may\u0131nl\u0131 b\u00f6lgede kuru otlar\u0131n tutu\u015fmas\u0131 sonucu yang\u0131n \u00e7\u0131kt\u0131.<\/p>\n<p>R\u00fczg\u00e2r\u0131n da etkisiyle yang\u0131n k\u0131sa s\u00fcrede b\u00fcy\u00fcd\u00fc. Bunun \u00fczerine Mardin B\u00fcy\u00fck\u015fehir Belediyesine ba\u011fl\u0131 Nusaybin \u0130tfaiye ekipleri yang\u0131na m\u00fcdahale etti. Yang\u0131n\u0131n b\u00fcy\u00fcmesi \u00fczerine Garnizon Komutanl\u0131\u011f\u0131 ile Emniyet M\u00fcd\u00fcrl\u00fc\u011f\u00fcne ait Toplumsal Olaylara M\u00fcdahale (TOMA) ara\u00e7lar\u0131 b\u00f6lgeye gelerek itfaiye ekipleriyle birlikte yang\u0131na m\u00fcdahale etti.<\/p>\n<p>B\u00f6lgenin may\u0131nl\u0131 olmas\u0131 nedeniyle itfaiye ve TOMA ekipleri, s\u0131n\u0131rda g\u00f6rev yapan askerlerin belirledi\u011fi noktalardan yang\u0131na m\u00fcdahale etti\u011fi g\u00f6r\u00fcld\u00fc.<\/p>\n<p>S\u0131n\u0131r b\u00f6lgesindeki yang\u0131n g\u00fc\u00e7l\u00fckle kontrol alt\u0131na al\u0131n\u0131rken b\u00f6lgede so\u011futma \u00e7al\u0131\u015fmalar\u0131 s\u00fcr\u00fcyor.<\/p>\n","protected":false},"excerpt":{"rendered":"<p>MARD\u0130N&#8217;\u0130N NUSAYB\u0130N \u0130L\u00c7ES\u0130NDE, T\u00dcRK\u0130YE-SUR\u0130YE SINIRINI AYIRAN MAYINLI B\u00d6LGEDE KURU OTLARIN TUTU\u015eMASI SONUCU YANGIN \u00c7IKTI.<\/p>\n","protected":false},"author":1,"featured_media":166989,"comment_status":"closed","ping_status":"open","sticky":false,"template":"","format":"standard","meta":{"jetpack_post_was_ever_published":false,"_jetpack_newsletter_access":"","_jetpack_dont_email_post_to_subs":false,"_jetpack_newsletter_tier_id":0,"_jetpack_memberships_contains_paywalled_content":false,"_jetpack_memberships_contains_paid_content":false,"footnotes":"","jetpack_publicize_message":"","jetpack_publicize_feature_enabled":true,"jetpack_social_post_already_shared":true,"jetpack_social_options":{"image_generator_settings":{"template":"highway","default_image_id":0,"font":"","enabled":false},"version":2}},"categories":[1],"tags":[207,5125,18439,6521,39909,13971],"class_list":["post-166988","post","type-post","status-publish","format-standard","has-post-thumbnail","hentry","category-genel","tag-etti","tag-mudahale","tag-sinirindaki","tag-suriye","tag-toma","tag-yangina"],"jetpack_publicize_connections":[],"jetpack_featured_media_url":"https:\/\/i0.wp.com\/www.tvturk.com\/wp-content\/uploads\/2019\/06\/suriye-sinirindaki-yangina-toma-mudahale-etti_f895fb9.jpg?fit=1000%2C668","jetpack_sharing_enabled":true,"jetpack_shortlink":"https:\/\/wp.me\/paKIfm-Hrm","_links":{"self":[{"href":"http:\/\/www.tvturk.com\/index.php\/wp-json\/wp\/v2\/posts\/166988","targetHints":{"allow":["GET"]}}],"collection":[{"href":"http:\/\/www.tvturk.com\/index.php\/wp-json\/wp\/v2\/posts"}],"about":[{"href":"http:\/\/www.tvturk.com\/index.php\/wp-json\/wp\/v2\/types\/post"}],"author":[{"embeddable":true,"href":"http:\/\/www.tvturk.com\/index.php\/wp-json\/wp\/v2\/users\/1"}],"replies":[{"embeddable":true,"href":"http:\/\/www.tvturk.com\/index.php\/wp-json\/wp\/v2\/comments?post=166988"}],"version-history":[{"count":0,"href":"http:\/\/www.tvturk.com\/index.php\/wp-json\/wp\/v2\/posts\/166988\/revisions"}],"wp:featuredmedia":[{"embeddable":true,"href":"http:\/\/www.tvturk.com\/index.php\/wp-json\/wp\/v2\/media\/166989"}],"wp:attachment":[{"href":"http:\/\/www.tvturk.com\/index.php\/wp-json\/wp\/v2\/media?parent=166988"}],"wp:term":[{"taxonomy":"category","embeddable":true,"href":"http:\/\/www.tvturk.com\/index.php\/wp-json\/wp\/v2\/categories?post=166988"},{"taxonomy":"post_tag","embeddable":true,"href":"http:\/\/www.tvturk.com\/index.php\/wp-json\/wp\/v2\/tags?post=166988"}],"curies":[{"name":"wp","href":"https:\/\/api.w.org\/{rel}","templated":true}]}}