{"id":166994,"date":"2019-06-08T21:34:15","date_gmt":"2019-06-08T18:34:15","guid":{"rendered":"http:\/\/www.tvturk.com\/index.php\/izmire-sehit-atesi-dustu\/"},"modified":"2019-06-08T21:34:15","modified_gmt":"2019-06-08T18:34:15","slug":"izmire-sehit-atesi-dustu","status":"publish","type":"post","link":"http:\/\/www.tvturk.com\/index.php\/izmire-sehit-atesi-dustu\/","title":{"rendered":"\u0130zmir\u2019e \u015fehit ate\u015fi d\u00fc\u015ft\u00fc"},"content":{"rendered":"<p>Ni\u011fde\u2019nin Demirkaz\u0131k Da\u011f\u0131\u2019nda, t\u0131rman\u0131\u015f yaparken aya\u011f\u0131n\u0131 k\u0131ran da\u011fc\u0131y\u0131 kurtarmak i\u00e7in b\u00f6lgeye giden askeri helikopterden d\u00fc\u015fen ve \u015fehit olan askerin \u0130zmir\u2019deki baba oca\u011f\u0131na ac\u0131 haber ula\u015ft\u0131.<\/p>\n<p>Ni\u011fde\u2019de, Demirkaz\u0131k Da\u011f\u0131\u2019na t\u0131rman\u0131\u015f yaparken aya\u011f\u0131 k\u0131r\u0131lmas\u0131 sonucu mahsur kalan bir da\u011fc\u0131 i\u00e7in kurtarma \u00e7al\u0131\u015fmas\u0131 ba\u015flat\u0131lm\u0131\u015ft\u0131. \u00c7al\u0131\u015fmalar s\u0131ras\u0131nda helikopterden d\u00fc\u015fen Konya 3. Ana jet \u00dcss\u00fc 135 Filo Personeli Hava Teknik Astsubay \u00dcst\u00e7avu\u015f U\u011fur G\u00f6rkem Harmankaya (30) ipten kayarak y\u00fcksekten d\u00fc\u015fmesi sonucu yaralanm\u0131\u015f, ard\u0131ndan da kald\u0131r\u0131ld\u0131\u011f\u0131 hastanede \u015fehit olmu\u015ftu.<\/p>\n<p>Ac\u0131 haberin ard\u0131ndan \u015fehit askerin, \u0130zmir\u2019in \u00c7i\u011fli il\u00e7esindeki baba oca\u011f\u0131na da ac\u0131 haber ula\u015ft\u0131. Aileye, o\u011fullar\u0131n\u0131n \u015fehadet haberi askeri yetkililer taraf\u0131ndan verildi. Ac\u0131 haberi alan Nuran Harmankaya\u2019ya ilk m\u00fcdahaleyi evin \u00f6n\u00fcnde bekleyen sa\u011fl\u0131k ekipleri yapt\u0131. Ac\u0131 haberin ard\u0131ndan \u015fehidin yak\u0131nlar\u0131 g\u00f6zya\u015flar\u0131na bo\u011fuldu. Ac\u0131l\u0131 aileyi askeri yetkililer ve yak\u0131nlar\u0131 teselli etti.<\/p>\n<p>\u015eehit askerin cenazesinin nerede defnedilece\u011fi ise hen\u00fcz netlik kazanmad\u0131.<\/p>\n","protected":false},"excerpt":{"rendered":"<p>N\u0130\u011eDE\u2019N\u0130N DEM\u0130RKAZIK DA\u011eI\u2019NDA, TIRMANI\u015e YAPARKEN AYA\u011eINI KIRAN DA\u011eCIYI KURTARMAK \u0130\u00c7\u0130N B\u00d6LGEYE G\u0130DEN ASKER\u0130 HEL\u0130KOPTERDEN D\u00dc\u015eEN VE \u015eEH\u0130T OLAN ASKER\u0130N \u0130ZM\u0130R\u2019DEK\u0130 BABA OCA\u011eINA ACI HABER ULA\u015eTI.<\/p>\n","protected":false},"author":1,"featured_media":166995,"comment_status":"closed","ping_status":"open","sticky":false,"template":"","format":"standard","meta":{"jetpack_post_was_ever_published":false,"_jetpack_newsletter_access":"","_jetpack_dont_email_post_to_subs":false,"_jetpack_newsletter_tier_id":0,"_jetpack_memberships_contains_paywalled_content":false,"_jetpack_memberships_contains_paid_content":false,"footnotes":"","jetpack_publicize_message":"","jetpack_publicize_feature_enabled":true,"jetpack_social_post_already_shared":true,"jetpack_social_options":{"image_generator_settings":{"template":"highway","default_image_id":0,"font":"","enabled":false},"version":2}},"categories":[1],"tags":[4592,1613,7066,237],"class_list":["post-166994","post","type-post","status-publish","format-standard","has-post-thumbnail","hentry","category-genel","tag-atesi","tag-dustu","tag-izmire","tag-sehit"],"jetpack_publicize_connections":[],"jetpack_featured_media_url":"https:\/\/i0.wp.com\/www.tvturk.com\/wp-content\/uploads\/2019\/06\/izmire-sehit-atesi-dustu_003b743.jpg?fit=1000%2C750","jetpack_sharing_enabled":true,"jetpack_shortlink":"https:\/\/wp.me\/paKIfm-Hrs","_links":{"self":[{"href":"http:\/\/www.tvturk.com\/index.php\/wp-json\/wp\/v2\/posts\/166994","targetHints":{"allow":["GET"]}}],"collection":[{"href":"http:\/\/www.tvturk.com\/index.php\/wp-json\/wp\/v2\/posts"}],"about":[{"href":"http:\/\/www.tvturk.com\/index.php\/wp-json\/wp\/v2\/types\/post"}],"author":[{"embeddable":true,"href":"http:\/\/www.tvturk.com\/index.php\/wp-json\/wp\/v2\/users\/1"}],"replies":[{"embeddable":true,"href":"http:\/\/www.tvturk.com\/index.php\/wp-json\/wp\/v2\/comments?post=166994"}],"version-history":[{"count":0,"href":"http:\/\/www.tvturk.com\/index.php\/wp-json\/wp\/v2\/posts\/166994\/revisions"}],"wp:featuredmedia":[{"embeddable":true,"href":"http:\/\/www.tvturk.com\/index.php\/wp-json\/wp\/v2\/media\/166995"}],"wp:attachment":[{"href":"http:\/\/www.tvturk.com\/index.php\/wp-json\/wp\/v2\/media?parent=166994"}],"wp:term":[{"taxonomy":"category","embeddable":true,"href":"http:\/\/www.tvturk.com\/index.php\/wp-json\/wp\/v2\/categories?post=166994"},{"taxonomy":"post_tag","embeddable":true,"href":"http:\/\/www.tvturk.com\/index.php\/wp-json\/wp\/v2\/tags?post=166994"}],"curies":[{"name":"wp","href":"https:\/\/api.w.org\/{rel}","templated":true}]}}