{"id":166998,"date":"2019-06-08T22:29:55","date_gmt":"2019-06-08T19:29:55","guid":{"rendered":"http:\/\/www.tvturk.com\/index.php\/binlerce-venezuelali-ulkeyi-terk-ediyor\/"},"modified":"2019-06-08T22:29:55","modified_gmt":"2019-06-08T19:29:55","slug":"binlerce-venezuelali-ulkeyi-terk-ediyor","status":"publish","type":"post","link":"http:\/\/www.tvturk.com\/index.php\/binlerce-venezuelali-ulkeyi-terk-ediyor\/","title":{"rendered":"Binlerce Venezuelal\u0131 \u00fclkeyi terk ediyor"},"content":{"rendered":"<p>Venezuela Devlet Ba\u015fkan\u0131 Nicolas Maduro\u2019nun emriyle Tachira b\u00f6lgesindeki \u00fc\u00e7 s\u0131n\u0131r kap\u0131s\u0131 a\u00e7\u0131ld\u0131. Kap\u0131lar\u0131n a\u00e7\u0131lmas\u0131yla beraber \u015fafak vaktiyle beraber binlerce ki\u015fi Simon Bolivar uluslararas\u0131 k\u00f6pr\u00fcs\u00fcn\u00fc kullanarak, Kolombiya\u2019n\u0131n Cucuta \u015fehrine ge\u00e7meye \u00e7al\u0131\u015f\u0131yor.<\/p>\n<p>Venezuela Devlet Ba\u015fkan\u0131 Nicolas Maduro, Kolombiya ile s\u0131n\u0131r kap\u0131lar\u0131n\u0131n yeniden a\u00e7\u0131lmas\u0131 talimat\u0131n\u0131 vermi\u015fti. S\u0131n\u0131r kap\u0131lar\u0131, 22 \u015eubat\u2019tan beri yabanc\u0131 yard\u0131mlar\u0131n kontrols\u00fcz ve denetimsiz \u00fclkeye sokulmas\u0131n\u0131 ve yard\u0131m ad\u0131 alt\u0131nda ka\u00e7ak\u00e7\u0131l\u0131k yap\u0131lmas\u0131n\u0131n engellenmesi i\u00e7in kapat\u0131lm\u0131\u015ft\u0131. G\u0131da ve ila\u00e7 s\u0131k\u0131nt\u0131s\u0131n\u0131 hafifletmek i\u00e7in verilen bu emir sonras\u0131nda binlerce Venezuela, \u00fclkesindeki zorlu \u015fartlardan ka\u00e7mak i\u00e7in s\u0131n\u0131r kap\u0131lar\u0131na y\u00f6neldi.<\/p>\n<p>Ge\u00e7i\u015flerin ba\u015flamas\u0131ndan sonra Maduro sosyal medya hesab\u0131 \u00fczerinden \u201cEgemenli\u011fimizi tam anlam\u0131yla yerine getirirken, 8 Haziran Cumartesi g\u00fcn\u00fc ba\u015flayan Tachira Eyaletinden, Kolombiya ile s\u0131n\u0131r ge\u00e7i\u015flerinin a\u00e7\u0131lmas\u0131n\u0131 emretmi\u015ftim. Biz ba\u011f\u0131ms\u0131zl\u0131\u011f\u0131m\u0131z\u0131 ve \u00f6zerkli\u011fimizi s\u0131k\u0131 bir \u015fekilde savunan bar\u0131\u015f insanlar\u0131y\u0131z\u201d dedi.<\/p>\n<p>Yayalara yeniden a\u00e7\u0131lmas\u0131na ra\u011fmen s\u0131n\u0131r ge\u00e7i\u015flerinde ara\u00e7 dola\u015f\u0131m\u0131na izin verilmiyor. \u0130ki \u00fclke aras\u0131nda 2 bin 219 kilometrelik kara s\u0131n\u0131r\u0131 bulunuyor. 22 \u015eubat\u2019tan bu yana Maduro\u2019nun talimat\u0131yla s\u0131n\u0131r kap\u0131lar\u0131 kapat\u0131lm\u0131\u015f, Kolombiya ile her t\u00fcrl\u00fc ili\u015fki bozulmu\u015ftu.<\/p>\n","protected":false},"excerpt":{"rendered":"<p>VENEZUELA DEVLET BA\u015eKANI N\u0130COLAS MADURO\u2019NUN EMR\u0130YLE TACH\u0130RA B\u00d6LGES\u0130NDEK\u0130 \u00dc\u00c7 SINIR KAPISI A\u00c7ILDI. KAPILARIN A\u00c7ILMASIYLA BERABER \u015eAFAK VAKT\u0130YLE BERABER B\u0130NLERCE K\u0130\u015e\u0130 S\u0130MON BOL\u0130VAR ULUSLARARASI K\u00d6PR\u00dcS\u00dcN\u00dc KULLANARAK, KOLOMB\u0130YA\u2019NIN CUCUTA \u015eEHR\u0130NE GE\u00c7MEYE \u00c7ALI\u015eIYOR.<\/p>\n","protected":false},"author":1,"featured_media":166999,"comment_status":"closed","ping_status":"open","sticky":false,"template":"","format":"standard","meta":{"jetpack_post_was_ever_published":false,"_jetpack_newsletter_access":"","_jetpack_dont_email_post_to_subs":false,"_jetpack_newsletter_tier_id":0,"_jetpack_memberships_contains_paywalled_content":false,"_jetpack_memberships_contains_paid_content":false,"footnotes":"","jetpack_publicize_message":"","jetpack_publicize_feature_enabled":true,"jetpack_social_post_already_shared":true,"jetpack_social_options":{"image_generator_settings":{"template":"highway","default_image_id":0,"font":"","enabled":false},"version":2}},"categories":[10],"tags":[3818,523,9869,22180,18692],"class_list":["post-166998","post","type-post","status-publish","format-standard","has-post-thumbnail","hentry","category-dunya","tag-binlerce","tag-ediyor","tag-terk","tag-ulkeyi","tag-venezuelali"],"jetpack_publicize_connections":[],"jetpack_featured_media_url":"https:\/\/i0.wp.com\/www.tvturk.com\/wp-content\/uploads\/2019\/06\/binlerce-venezuelali-ulkeyi-terk-ediyor_7b63637.jpg?fit=1000%2C619","jetpack_sharing_enabled":true,"jetpack_shortlink":"https:\/\/wp.me\/paKIfm-Hrw","_links":{"self":[{"href":"http:\/\/www.tvturk.com\/index.php\/wp-json\/wp\/v2\/posts\/166998","targetHints":{"allow":["GET"]}}],"collection":[{"href":"http:\/\/www.tvturk.com\/index.php\/wp-json\/wp\/v2\/posts"}],"about":[{"href":"http:\/\/www.tvturk.com\/index.php\/wp-json\/wp\/v2\/types\/post"}],"author":[{"embeddable":true,"href":"http:\/\/www.tvturk.com\/index.php\/wp-json\/wp\/v2\/users\/1"}],"replies":[{"embeddable":true,"href":"http:\/\/www.tvturk.com\/index.php\/wp-json\/wp\/v2\/comments?post=166998"}],"version-history":[{"count":0,"href":"http:\/\/www.tvturk.com\/index.php\/wp-json\/wp\/v2\/posts\/166998\/revisions"}],"wp:featuredmedia":[{"embeddable":true,"href":"http:\/\/www.tvturk.com\/index.php\/wp-json\/wp\/v2\/media\/166999"}],"wp:attachment":[{"href":"http:\/\/www.tvturk.com\/index.php\/wp-json\/wp\/v2\/media?parent=166998"}],"wp:term":[{"taxonomy":"category","embeddable":true,"href":"http:\/\/www.tvturk.com\/index.php\/wp-json\/wp\/v2\/categories?post=166998"},{"taxonomy":"post_tag","embeddable":true,"href":"http:\/\/www.tvturk.com\/index.php\/wp-json\/wp\/v2\/tags?post=166998"}],"curies":[{"name":"wp","href":"https:\/\/api.w.org\/{rel}","templated":true}]}}