{"id":167024,"date":"2019-06-09T02:17:09","date_gmt":"2019-06-08T23:17:09","guid":{"rendered":"http:\/\/www.tvturk.com\/index.php\/didier-deschamps-turkiyeden-saglam-bir-tokat-yedik\/"},"modified":"2019-06-09T02:17:09","modified_gmt":"2019-06-08T23:17:09","slug":"didier-deschamps-turkiyeden-saglam-bir-tokat-yedik","status":"publish","type":"post","link":"http:\/\/www.tvturk.com\/index.php\/didier-deschamps-turkiyeden-saglam-bir-tokat-yedik\/","title":{"rendered":"Didier Deschamps: \u201cT\u00fcrkiye\u2019den sa\u011flam bir tokat yedik\u201d"},"content":{"rendered":"<p>Fransa Teknik Direkt\u00f6r\u00fc Didier Deschamps, T\u00fcrkiye\u2019nin galibiyeti tam anlam\u0131yla hak etti\u011fini s\u00f6yleyerek, &#8220;T\u00fcrkiye\u2019den sa\u011flam bir tokat yedik&#8221; dedi.<\/p>\n<p>2020 Avrupa Futbol \u015eampiyonas\u0131 Elemeleri H Grubu \u00fc\u00e7\u00fcnc\u00fc ma\u00e7\u0131nda Konya\u2019da T\u00fcrkiye\u2019ye 2-0 ma\u011flup olan Fransa Milli Tak\u0131m\u0131\u2019nda Teknik Direkt\u00f6r Didier Deschamps, m\u00fccadele sonunda a\u00e7\u0131klamalarda bulundu. Deschamps, T\u00fcrkiye\u2019nin neredeyse her \u015feyi do\u011fru \u015fekilde yapt\u0131\u011f\u0131n\u0131 belirterek, &#8220;T\u00fcrkiye 3 puan\u0131 tamamen hak etti. Biz yetersiz bir performans ortaya koyduk. T\u00fcrkiye\u2019yi sonuna kadar tebrik ediyorum. Bizim a\u00e7\u0131m\u0131zdan negatif \u00e7ok \u015fey var. Kar\u015f\u0131n\u0131zda kim olursa olsun, her \u015feyinizi vermezseniz, bu sonu\u00e7lar ka\u00e7\u0131n\u0131lmaz oluyor\u201d ifadelerini kulland\u0131.<\/p>\n<p>\u201cT\u00fcrkiye\u2019den sa\u011flam bir tokat yedik\u201d<\/p>\n<p>Kendilerinin iyi h\u00fccum edemediklerini, iyi savunma yap\u0131p yapmad\u0131klar\u0131n\u0131n ise tart\u0131\u015f\u0131l\u0131r oldu\u011funu kaydeden Didier Deschamps, \u201cFransa\u2019n\u0131n bir ma\u00e7\u0131 gol atmadan tamamlamas\u0131 nadir rastlanan bir durumdur ama pozisyon say\u0131s\u0131 \u00e7ok yetersiz. T\u00fcrkiye iyi savunma yapt\u0131. Bug\u00fcn T\u00fcrkiye\u2019den sa\u011flam bir tokat yedik\u201d \u015feklinde konu\u015ftu.<\/p>\n<p>T\u00fcrkiye\u2019nin tak\u0131m halinde \u00e7ok iyi bir performans ortaya koydu\u011funu da dile getiren tecr\u00fcbeli \u00e7al\u0131\u015ft\u0131r\u0131c\u0131, \u201cBurada bir oyuncu \u00e7ok \u00f6nemliydi, o da Burak Y\u0131lmaz. Oyunun kurulmas\u0131 ve etraf\u0131ndaki oyuncular\u0131n oyuna kat\u0131lmas\u0131 anlam\u0131nda \u00e7ok \u00f6nemli bir performans ortaya koydu&#8221; dedi.<\/p>\n","protected":false},"excerpt":{"rendered":"<p>FRANSA TEKN\u0130K D\u0130REKT\u00d6R\u00dc D\u0130D\u0130ER DESCHAMPS, T\u00dcRK\u0130YE\u2019N\u0130N GAL\u0130B\u0130YET\u0130 TAM ANLAMIYLA HAK ETT\u0130\u011e\u0130N\u0130 BEL\u0130RTEREK, T\u00dcRK\u0130YE\u2019DEN SA\u011eLAM B\u0130R TOKAT YED\u0130KLER\u0130N\u0130 S\u00d6YLED\u0130.<\/p>\n","protected":false},"author":1,"featured_media":167025,"comment_status":"closed","ping_status":"open","sticky":false,"template":"","format":"standard","meta":{"jetpack_post_was_ever_published":false,"_jetpack_newsletter_access":"","_jetpack_dont_email_post_to_subs":false,"_jetpack_newsletter_tier_id":0,"_jetpack_memberships_contains_paywalled_content":false,"_jetpack_memberships_contains_paid_content":false,"footnotes":"","jetpack_publicize_message":"","jetpack_publicize_feature_enabled":true,"jetpack_social_post_already_shared":true,"jetpack_social_options":{"image_generator_settings":{"template":"highway","default_image_id":0,"font":"","enabled":false},"version":2}},"categories":[657],"tags":[1979,125,39799,29715,17450,11565,37088],"class_list":["post-167024","post","type-post","status-publish","format-standard","has-post-thumbnail","hentry","category-spor","tag-tokat","tag-bir","tag-deschamps","tag-didier","tag-saglam","tag-turkiyeden","tag-yedik"],"jetpack_publicize_connections":[],"jetpack_featured_media_url":"https:\/\/i0.wp.com\/www.tvturk.com\/wp-content\/uploads\/2019\/06\/didier-deschamps-turkiyeden-saglam-bir-tokat-yedik_71b5ec1.jpg?fit=1000%2C651","jetpack_sharing_enabled":true,"jetpack_shortlink":"https:\/\/wp.me\/paKIfm-HrW","_links":{"self":[{"href":"http:\/\/www.tvturk.com\/index.php\/wp-json\/wp\/v2\/posts\/167024","targetHints":{"allow":["GET"]}}],"collection":[{"href":"http:\/\/www.tvturk.com\/index.php\/wp-json\/wp\/v2\/posts"}],"about":[{"href":"http:\/\/www.tvturk.com\/index.php\/wp-json\/wp\/v2\/types\/post"}],"author":[{"embeddable":true,"href":"http:\/\/www.tvturk.com\/index.php\/wp-json\/wp\/v2\/users\/1"}],"replies":[{"embeddable":true,"href":"http:\/\/www.tvturk.com\/index.php\/wp-json\/wp\/v2\/comments?post=167024"}],"version-history":[{"count":0,"href":"http:\/\/www.tvturk.com\/index.php\/wp-json\/wp\/v2\/posts\/167024\/revisions"}],"wp:featuredmedia":[{"embeddable":true,"href":"http:\/\/www.tvturk.com\/index.php\/wp-json\/wp\/v2\/media\/167025"}],"wp:attachment":[{"href":"http:\/\/www.tvturk.com\/index.php\/wp-json\/wp\/v2\/media?parent=167024"}],"wp:term":[{"taxonomy":"category","embeddable":true,"href":"http:\/\/www.tvturk.com\/index.php\/wp-json\/wp\/v2\/categories?post=167024"},{"taxonomy":"post_tag","embeddable":true,"href":"http:\/\/www.tvturk.com\/index.php\/wp-json\/wp\/v2\/tags?post=167024"}],"curies":[{"name":"wp","href":"https:\/\/api.w.org\/{rel}","templated":true}]}}