{"id":167028,"date":"2019-06-09T09:16:07","date_gmt":"2019-06-09T06:16:07","guid":{"rendered":"http:\/\/www.tvturk.com\/index.php\/nemrut-krater-golune-ziyaretci-akini\/"},"modified":"2019-06-09T09:16:07","modified_gmt":"2019-06-09T06:16:07","slug":"nemrut-krater-golune-ziyaretci-akini","status":"publish","type":"post","link":"http:\/\/www.tvturk.com\/index.php\/nemrut-krater-golune-ziyaretci-akini\/","title":{"rendered":"Nemrut Krater G\u00f6l\u00fc\u2019ne ziyaret\u00e7i ak\u0131n\u0131"},"content":{"rendered":"<p>D\u00fcnyan\u0131n ikinci, T\u00fcrkiye\u2019nin ise en b\u00fcy\u00fck krater g\u00f6l\u00fc olma \u00f6zelli\u011fine sahip olan do\u011fa harikas\u0131 Nemrut Krater G\u00f6l\u00fc, kamp yapmak isteyen yerli ve yabanc\u0131 turistlerin yan\u0131 s\u0131ra piknik\u00e7ilerin de ak\u0131n\u0131na u\u011fruyor.<\/p>\n<p>2 bin 800 rak\u0131mda s\u0131cak ve so\u011fuk g\u00f6lleri, buz ma\u011faras\u0131, buhar bacas\u0131, ku\u015f t\u00fcrleri ile ke\u015ffedilmeyi bekleyen Nemrut Kalderas\u0131, el de\u011fmemi\u015f do\u011fal g\u00fczellikleriyle ilgi \u00e7ekiyor. Avrupal\u0131 Se\u00e7kin Destinasyonlar (EDEN) projesi kapsam\u0131nda &#8220;M\u00fckemmeliyet \u00d6d\u00fcl\u00fc&#8221; alan Nemrut Krater G\u00f6l\u00fc, seyrine doyumsuz manzaras\u0131yla her y\u0131l y\u00fczlerce yerli ve yabanc\u0131 turisti a\u011f\u0131rl\u0131yor. Baz\u0131 b\u00f6lgelerinde yakla\u015f\u0131k 3 metre kar bulunan Nemrut Krater Da\u011f\u0131\u2019na gelen ziyaret\u00e7iler, yaz ortas\u0131nda kar\u0131n keyfini \u00e7\u0131kar\u0131yor, muhte\u015fem do\u011fay\u0131 foto\u011fraflama imkan\u0131 buluyor.<\/p>\n<p>&#8220;Bat\u0131\u2019daki t\u00fcm insanlar\u0131 bu g\u00fczellikleri g\u00f6rmeye davet ediyoruz\u201d<\/p>\n<p>Havalar\u0131n \u0131s\u0131nmas\u0131yla birlikte karla kapl\u0131 yollar\u0131n a\u00e7\u0131lmas\u0131yla birlikte bayram tatilini de f\u0131rsat bilen yerli ve yabanc\u0131 turistler, Nemrut\u2019a ak\u0131n ederek burada piknik yapt\u0131. Gaziantep\u2019ten gelen \u00f6\u011fretmen Mehmet Ata\u015fba\u015f, kadim bir co\u011frafyada ya\u015fad\u0131klar\u0131n\u0131 ve Anadolu\u2019yu gezmekle bitirilemeyece\u011fini s\u00f6yledi. Bat\u0131\u2019dan Do\u011fu\u2019ya tarih kokan bir co\u011frafyada olduklar\u0131n\u0131 belirten Ata\u015fba\u015f, \u201c\u015eanl\u0131urfa Halfeti\u2019den gezmeye ba\u015flad\u0131k. Daha sonra Bal\u0131kl\u0131 G\u00f6l ve Diyarbak\u0131r surlar\u0131n\u0131 gezerek geldik. B\u00f6lgede Nemrut Da\u011f\u0131\u2019n\u0131 da es ge\u00e7meyelim dedik. Ad\u0131yaman Nemrut Da\u011f\u0131\u2019n\u0131 g\u00f6rm\u00fc\u015ft\u00fcm, ancak Nemrut Krater G\u00f6l\u00fc bizim i\u00e7in bir \u00f6zlemdi. 9 g\u00fcnl\u00fck bayram tatilini de\u011ferlendirmek istedik. Bu f\u0131rsat\u0131 ailemle de\u011ferlendirip b\u00f6lgeye geldik. Burada m\u00fcthi\u015f bir manzarayla kar\u015f\u0131la\u015ft\u0131k. \u0130nsanlar\u0131n \u00f6n yarg\u0131lar\u0131n\u0131 par\u00e7alamak atomu par\u00e7alamaktan daha zor. Bu b\u00f6lgedeki tarihi g\u00fczellikleri insanlar g\u00f6zlemleyerek ya da duyarak de\u011fil ya\u015fayarak \u00f6\u011frensin. B\u00f6lgeye \u00f6n yarg\u0131lar maalesef halen var. Bu \u00f6n yarg\u0131lar\u0131 par\u00e7alaman\u0131n en g\u00fczel yolu da b\u00f6lgeyi ya\u015fayarak, havay\u0131 teneff\u00fcs ederek ve g\u00fczelliklerini i\u00e7inize \u00e7ekmekle olur. Buralar\u0131 gezmeden \u00f6lmeyin. Vatan\u0131n her taraf\u0131 kutsal. Onun i\u00e7in l\u00fctfen insanlar \u00f6n yarg\u0131lar\u0131n\u0131 da\u011f\u0131ts\u0131nlar. Bat\u0131\u2019daki t\u00fcm insanlar\u0131 bu g\u00fczellikleri g\u00f6rmeye davet ediyoruz\u201d dedi.<\/p>\n<p>\u201cD\u00f6rt mevsim bir arada\u201d<\/p>\n<p>Eylem Ata\u015fba\u015f ise Do\u011fu taraflar\u0131n\u0131 daha \u00f6nce g\u00f6r\u00fcp gezdi\u011fini, ancak Nemrut Krater G\u00f6l\u00fc\u2019ne ilk kez geldi\u011fini s\u00f6yledi. Ata\u015fba\u015f, &#8220;Mardin, Midyat ve Ahlat \u015fahane, \u00e7ok be\u011fendim. Do\u011fa g\u00fczellikleri \u00e7ok farkl\u0131. Burada d\u00f6rt mevsim bir arada. K\u0131\u015f\u0131n kar g\u00f6remeyenler yaz mevsiminde gelip burada kar g\u00f6rebilirler. Y\u00fczmek isteyenler i\u00e7in g\u00fczel bir alternatif. Do\u011fa y\u00fcr\u00fcy\u00fc\u015f\u00fc yapmak i\u00e7in harika yerler var. Herkesin buralara gelip g\u00f6rmesi gerekiyor. Buralar gizli kalm\u0131\u015f cennet&#8221; diye konu\u015ftu.<\/p>\n<p>\u201cHarika bir do\u011fa var\u201d<\/p>\n<p>\u00c7anakkale\u2019den gelen Filiz \u00d6nal da, bu kadar g\u00fczel bir alan beklemedi\u011fini aktararak, &#8220;Harika bir do\u011fa var. \u00dclkemi \u00e7ok seven ve \u00e7okta gezen bir insan\u0131m. Her yer \u00e7ok g\u00fczel, fakat buras\u0131 daha da farkl\u0131 g\u00fczel. Hem da\u011f hem deniz hem de ye\u015filimiz var. \u0130nsanlar\u0131m\u0131zda \u00e7ok uyumlu, \u00e7ok candan. Nemrut G\u00f6l\u00fc\u2019n\u00fc sadece bir kusuru var, yollar\u0131 k\u00f6t\u00fc gelip gitmekte biraz zorland\u0131k. Ancak i\u00e7i \u00e7ok g\u00fczel. \u00d6zellikle yukar\u0131dan a\u015fa\u011f\u0131 bakmak, ku\u015f bak\u0131\u015f\u0131 \u00e7ok g\u00fczeldi&#8221; ifadelerini kulland\u0131.<\/p>\n<p>\u201cBuras\u0131 hakikaten bir cennet\u201d<\/p>\n<p>Erbil \u00d6nal da \u00e7ocuklar\u0131n\u0131n Van\u2019da \u00e7al\u0131\u015ft\u0131\u011f\u0131n\u0131 ve onlar\u0131 ziyaret etmek i\u00e7in geldiklerini s\u00f6yledi. \u00d6nal, &#8220;Bu tarafa gelmi\u015fken buraya da gelmek istedik. T\u00fcrkiye 7 b\u00f6lgeye ayr\u0131lm\u0131\u015f, her b\u00f6lge ayr\u0131 g\u00fczelliklere sahiptir. Daha \u00f6nce do\u011fuya geldim, ama buray\u0131 ilk defa g\u00f6r\u00fcyorum. Buras\u0131 hakikaten bir cennet. Yukar\u0131 \u00e7\u0131kt\u0131\u011f\u0131m\u0131zda foto\u011fraf \u00e7ekmekten makinelerde film b\u0131rakmad\u0131k. Farkl\u0131 bir g\u00fczelli\u011fe sahip. G\u00f6l\u00fcn g\u00fczelli\u011fi ayr\u0131 bir g\u00fczel. B\u00f6lgenin yollar\u0131 \u00e7ok g\u00fczel. Buran\u0131n yolu da k\u0131\u015f \u015fartlar\u0131n\u0131n verdi\u011fi zarar var. Tahmin ediyorum ki yollar\u0131 da k\u0131sa zamanda yap\u0131lacakt\u0131r&#8221; dedi.<\/p>\n","protected":false},"excerpt":{"rendered":"<p>D\u00dcNYANIN \u0130K\u0130NC\u0130, T\u00dcRK\u0130YE&#8217;N\u0130N \u0130SE EN B\u00dcY\u00dcK KRATER G\u00d6L\u00dc OLMA \u00d6ZELL\u0130\u011e\u0130NE SAH\u0130P OLAN DO\u011eA HAR\u0130KASI NEMRUT KRATER G\u00d6L\u00dc, KAMP YAPMAK \u0130STEYEN YERL\u0130 VE YABANCI TUR\u0130STLER\u0130N YANI SIRA P\u0130KN\u0130K\u00c7\u0130LER\u0130N DE AKININA U\u011eRUYOR.<\/p>\n","protected":false},"author":1,"featured_media":167029,"comment_status":"closed","ping_status":"open","sticky":false,"template":"","format":"standard","meta":{"jetpack_post_was_ever_published":false,"_jetpack_newsletter_access":"","_jetpack_dont_email_post_to_subs":false,"_jetpack_newsletter_tier_id":0,"_jetpack_memberships_contains_paywalled_content":false,"_jetpack_memberships_contains_paid_content":false,"footnotes":"","jetpack_publicize_message":"","jetpack_publicize_feature_enabled":true,"jetpack_social_post_already_shared":true,"jetpack_social_options":{"image_generator_settings":{"template":"highway","default_image_id":0,"font":"","enabled":false},"version":2}},"categories":[1],"tags":[8365,1443,39922,10989,6267],"class_list":["post-167028","post","type-post","status-publish","format-standard","has-post-thumbnail","hentry","category-genel","tag-akini","tag-golune","tag-krater","tag-nemrut","tag-ziyaretci"],"jetpack_publicize_connections":[],"jetpack_featured_media_url":"https:\/\/i0.wp.com\/www.tvturk.com\/wp-content\/uploads\/2019\/06\/nemrut-krater-golune-ziyaretci-akini_12e4a03.jpg?fit=1000%2C750","jetpack_sharing_enabled":true,"jetpack_shortlink":"https:\/\/wp.me\/paKIfm-Hs0","_links":{"self":[{"href":"http:\/\/www.tvturk.com\/index.php\/wp-json\/wp\/v2\/posts\/167028","targetHints":{"allow":["GET"]}}],"collection":[{"href":"http:\/\/www.tvturk.com\/index.php\/wp-json\/wp\/v2\/posts"}],"about":[{"href":"http:\/\/www.tvturk.com\/index.php\/wp-json\/wp\/v2\/types\/post"}],"author":[{"embeddable":true,"href":"http:\/\/www.tvturk.com\/index.php\/wp-json\/wp\/v2\/users\/1"}],"replies":[{"embeddable":true,"href":"http:\/\/www.tvturk.com\/index.php\/wp-json\/wp\/v2\/comments?post=167028"}],"version-history":[{"count":0,"href":"http:\/\/www.tvturk.com\/index.php\/wp-json\/wp\/v2\/posts\/167028\/revisions"}],"wp:featuredmedia":[{"embeddable":true,"href":"http:\/\/www.tvturk.com\/index.php\/wp-json\/wp\/v2\/media\/167029"}],"wp:attachment":[{"href":"http:\/\/www.tvturk.com\/index.php\/wp-json\/wp\/v2\/media?parent=167028"}],"wp:term":[{"taxonomy":"category","embeddable":true,"href":"http:\/\/www.tvturk.com\/index.php\/wp-json\/wp\/v2\/categories?post=167028"},{"taxonomy":"post_tag","embeddable":true,"href":"http:\/\/www.tvturk.com\/index.php\/wp-json\/wp\/v2\/tags?post=167028"}],"curies":[{"name":"wp","href":"https:\/\/api.w.org\/{rel}","templated":true}]}}