{"id":167060,"date":"2019-06-09T10:55:09","date_gmt":"2019-06-09T07:55:09","guid":{"rendered":"http:\/\/www.tvturk.com\/index.php\/cobanlarin-yayla-yolculuklari-basladi\/"},"modified":"2019-06-09T10:55:09","modified_gmt":"2019-06-09T07:55:09","slug":"cobanlarin-yayla-yolculuklari-basladi","status":"publish","type":"post","link":"http:\/\/www.tvturk.com\/index.php\/cobanlarin-yayla-yolculuklari-basladi\/","title":{"rendered":"\u00c7obanlar\u0131n yayla yolculuklar\u0131 ba\u015flad\u0131"},"content":{"rendered":"<p>Siirt\u2019te \u00e7obanlar, bakt\u0131klar\u0131 b\u00fcy\u00fckba\u015f hayvanlar\u0131 yaylalara \u00e7\u0131karmaya ba\u015flad\u0131. Yakla\u015f\u0131k bin b\u00fcy\u00fckba\u015f hayvan\u0131n yaylaya \u00e7\u0131k\u0131\u015f yolculu\u011fu ilgin\u00e7 g\u00f6r\u00fcnt\u00fcler olu\u015fturdu.<\/p>\n<p>Siirt\u2019in \u015eirvan il\u00e7esinden yaylaya \u00e7\u0131kacak olan s\u00fcr\u00fc sahipleri yola koyuldu. Yakla\u015f\u0131k 1 hafta s\u00fcrecek zorlu yolculuk s\u0131ras\u0131nda b\u00fcy\u00fckba\u015f hayvan s\u00fcr\u00fcs\u00fc zaman zaman karayoluna \u00e7\u0131kt\u0131. \u015eirvan yolunu kapatan bin b\u00fcy\u00fckba\u015f hayvan s\u00fcr\u00fcc\u00fcleri \u015fa\u015f\u0131rtt\u0131.  S\u00fcr\u00fcyle karayolunda ilerleyen \u00e7obanlardan Cengiz Altu\u011f, havalar\u0131n \u0131s\u0131nmas\u0131yla beraber yaylaya \u00e7\u0131kmak i\u00e7in yola koyulduklar\u0131n\u0131 dile getirdi. Altu\u011f, \u201cBiz ineklerimizi yaylaya g\u00f6t\u00fcr\u00fcyoruz. Orada onlara bak\u0131yoruz. S\u0131caklar bitinceye kadar orada kalaca\u011f\u0131z\u201d dedi.<\/p>\n","protected":false},"excerpt":{"rendered":"<p>S\u0130\u0130RT\u2019TE \u00c7OBANLAR, BAKTIKLARI B\u00dcY\u00dcKBA\u015e HAYVANLARI YAYLALARA \u00c7IKARMAYA BA\u015eLADI. YAKLA\u015eIK B\u0130N B\u00dcY\u00dcKBA\u015e HAYVANIN YAYLAYA \u00c7IKI\u015e YOLCULU\u011eU \u0130LG\u0130N\u00c7 G\u00d6R\u00dcNT\u00dcLER OLU\u015eTURDU.<\/p>\n","protected":false},"author":1,"featured_media":167061,"comment_status":"closed","ping_status":"open","sticky":false,"template":"","format":"standard","meta":{"jetpack_post_was_ever_published":false,"_jetpack_newsletter_access":"","_jetpack_dont_email_post_to_subs":false,"_jetpack_newsletter_tier_id":0,"_jetpack_memberships_contains_paywalled_content":false,"_jetpack_memberships_contains_paid_content":false,"footnotes":"","jetpack_publicize_message":"","jetpack_publicize_feature_enabled":true,"jetpack_social_post_already_shared":true,"jetpack_social_options":{"image_generator_settings":{"template":"highway","default_image_id":0,"font":"","enabled":false},"version":2}},"categories":[1],"tags":[55,31422,21092,9457],"class_list":["post-167060","post","type-post","status-publish","format-standard","has-post-thumbnail","hentry","category-genel","tag-basladi","tag-cobanlarin","tag-yayla","tag-yolculuklari"],"jetpack_publicize_connections":[],"jetpack_featured_media_url":"https:\/\/i0.wp.com\/www.tvturk.com\/wp-content\/uploads\/2019\/06\/cobanlarin-yayla-yolculuklari-basladi_88e0137.jpg?fit=1000%2C666","jetpack_sharing_enabled":true,"jetpack_shortlink":"https:\/\/wp.me\/paKIfm-Hsw","_links":{"self":[{"href":"http:\/\/www.tvturk.com\/index.php\/wp-json\/wp\/v2\/posts\/167060","targetHints":{"allow":["GET"]}}],"collection":[{"href":"http:\/\/www.tvturk.com\/index.php\/wp-json\/wp\/v2\/posts"}],"about":[{"href":"http:\/\/www.tvturk.com\/index.php\/wp-json\/wp\/v2\/types\/post"}],"author":[{"embeddable":true,"href":"http:\/\/www.tvturk.com\/index.php\/wp-json\/wp\/v2\/users\/1"}],"replies":[{"embeddable":true,"href":"http:\/\/www.tvturk.com\/index.php\/wp-json\/wp\/v2\/comments?post=167060"}],"version-history":[{"count":0,"href":"http:\/\/www.tvturk.com\/index.php\/wp-json\/wp\/v2\/posts\/167060\/revisions"}],"wp:featuredmedia":[{"embeddable":true,"href":"http:\/\/www.tvturk.com\/index.php\/wp-json\/wp\/v2\/media\/167061"}],"wp:attachment":[{"href":"http:\/\/www.tvturk.com\/index.php\/wp-json\/wp\/v2\/media?parent=167060"}],"wp:term":[{"taxonomy":"category","embeddable":true,"href":"http:\/\/www.tvturk.com\/index.php\/wp-json\/wp\/v2\/categories?post=167060"},{"taxonomy":"post_tag","embeddable":true,"href":"http:\/\/www.tvturk.com\/index.php\/wp-json\/wp\/v2\/tags?post=167060"}],"curies":[{"name":"wp","href":"https:\/\/api.w.org\/{rel}","templated":true}]}}