{"id":167062,"date":"2019-06-09T10:55:13","date_gmt":"2019-06-09T07:55:13","guid":{"rendered":"http:\/\/www.tvturk.com\/index.php\/bayram-bitti-kuzey-egede-yogunluk-devam-ediyor\/"},"modified":"2019-06-09T10:55:13","modified_gmt":"2019-06-09T07:55:13","slug":"bayram-bitti-kuzey-egede-yogunluk-devam-ediyor","status":"publish","type":"post","link":"http:\/\/www.tvturk.com\/index.php\/bayram-bitti-kuzey-egede-yogunluk-devam-ediyor\/","title":{"rendered":"Bayram bitti, Kuzey Ege\u2019de yo\u011funluk devam ediyor"},"content":{"rendered":"<p>Bal\u0131kesir\u2019in Burhaniye il\u00e7esinde, bayram bitmesine ra\u011fmen yo\u011funluk devam ediyor. Mavi bayrakl\u0131 plajlar yurdun de\u011fi\u015fik yerlerinden gelen vatanda\u015flarla dolup ta\u015f\u0131yor.<\/p>\n<p>Kuzey Ege\u2019de yo\u011funluk ya\u015fan\u0131rken, Edremit ve Ak\u00e7ay, zaman zaman ara\u00e7 giri\u015flerine kapat\u0131lmak zorunda kald\u0131. Kuzey Ege\u2019nin en g\u00fczel mavi bayrakl\u0131 \u00d6ren Plaj\u0131 da yurdun de\u011fi\u015fik y\u00f6relerinden gelen vatanda\u015flarla doldu ta\u015ft\u0131. Yo\u011funlu\u011fun devam etmesi esnaflar\u0131 da sevindirdi.<\/p>\n<p>K\u00fctahya\u2019dan geldi\u011fini anlatan Ahmet Bay\u0131r, \u201cDaha \u00f6nceleri de geldi\u011fimiz i\u00e7in tercih etti\u011fim yer \u00d6ren oldu. Burhaniye-\u00d6ren, mavisi ye\u015fili ve misafirperver insanlar\u0131 ile herkese tavsiye edilebilecek bir yer\u201d dedi.<\/p>\n<p>Burhaniyeli Ahmet Nedim Herg\u00fcl ise &#8220;Burhaniye, mavi bayra\u011f\u0131 ile mavi denizi ile tertemiz sular\u0131 ile yo\u011funla\u015fan Kuzey Ege\u2019de bir turizm \u015fehri olmaya ba\u015flad\u0131. Arkam\u0131zda Kazda\u011flar\u0131, kar\u015f\u0131m\u0131zda Madra Da\u011flar\u0131, masmavi bir deniz. Biz daha ne isteriz. Sizleri de Burhaniye\u2019ye bekleriz\u201d dedi.<\/p>\n<p>\u00d6ren Mahalle Muhtar\u0131 \u0130lker Kurt da &#8220;Kuzey Ege\u2019nin en g\u00fczel yerindeyiz mavi ile ye\u015filin kesi\u015fti\u011fi noktada, g\u00fczel bir bayram sezonu ge\u00e7irdik. Mavi bayra\u011f\u0131m\u0131z\u0131n sayesinde \u00fcmit ediyorum ki \u00e7ok \u00e7ok daha g\u00fczel insanlar\u0131m\u0131z\u0131 a\u011f\u0131rlayaca\u011f\u0131z. Bu denizimizi, ye\u015filimizi \u0130n\u015fallah, muhafaza ederiz. Gelenlerimizi b\u00f6yle a\u011f\u0131rlar\u0131z\u201d diye konu\u015ftu.<\/p>\n","protected":false},"excerpt":{"rendered":"<p>BALIKES\u0130R&#8217;\u0130N BURHAN\u0130YE \u0130L\u00c7ES\u0130NDE, BAYRAM B\u0130TMES\u0130NE RA\u011eMEN YO\u011eUNLUK DEVAM ED\u0130YOR. MAV\u0130 BAYRAKLI PLAJLAR YURDUN DE\u011e\u0130\u015e\u0130K YERLER\u0130NDEN GELEN VATANDA\u015eLARLA DOLUP TA\u015eIYOR.<\/p>\n","protected":false},"author":1,"featured_media":167063,"comment_status":"closed","ping_status":"open","sticky":false,"template":"","format":"standard","meta":{"jetpack_post_was_ever_published":false,"_jetpack_newsletter_access":"","_jetpack_dont_email_post_to_subs":false,"_jetpack_newsletter_tier_id":0,"_jetpack_memberships_contains_paywalled_content":false,"_jetpack_memberships_contains_paid_content":false,"footnotes":"","jetpack_publicize_message":"","jetpack_publicize_feature_enabled":true,"jetpack_social_post_already_shared":true,"jetpack_social_options":{"image_generator_settings":{"template":"highway","default_image_id":0,"font":"","enabled":false},"version":2}},"categories":[1],"tags":[23995,3991,522,523,10348,9741,28926],"class_list":["post-167062","post","type-post","status-publish","format-standard","has-post-thumbnail","hentry","category-genel","tag-bayram","tag-bitti","tag-devam","tag-ediyor","tag-egede","tag-kuzey","tag-yogunluk"],"jetpack_publicize_connections":[],"jetpack_featured_media_url":"https:\/\/i0.wp.com\/www.tvturk.com\/wp-content\/uploads\/2019\/06\/bayram-bitti-kuzey-egede-yogunluk-devam-ediyor_22aa198.jpg?fit=1000%2C562","jetpack_sharing_enabled":true,"jetpack_shortlink":"https:\/\/wp.me\/paKIfm-Hsy","_links":{"self":[{"href":"http:\/\/www.tvturk.com\/index.php\/wp-json\/wp\/v2\/posts\/167062","targetHints":{"allow":["GET"]}}],"collection":[{"href":"http:\/\/www.tvturk.com\/index.php\/wp-json\/wp\/v2\/posts"}],"about":[{"href":"http:\/\/www.tvturk.com\/index.php\/wp-json\/wp\/v2\/types\/post"}],"author":[{"embeddable":true,"href":"http:\/\/www.tvturk.com\/index.php\/wp-json\/wp\/v2\/users\/1"}],"replies":[{"embeddable":true,"href":"http:\/\/www.tvturk.com\/index.php\/wp-json\/wp\/v2\/comments?post=167062"}],"version-history":[{"count":0,"href":"http:\/\/www.tvturk.com\/index.php\/wp-json\/wp\/v2\/posts\/167062\/revisions"}],"wp:featuredmedia":[{"embeddable":true,"href":"http:\/\/www.tvturk.com\/index.php\/wp-json\/wp\/v2\/media\/167063"}],"wp:attachment":[{"href":"http:\/\/www.tvturk.com\/index.php\/wp-json\/wp\/v2\/media?parent=167062"}],"wp:term":[{"taxonomy":"category","embeddable":true,"href":"http:\/\/www.tvturk.com\/index.php\/wp-json\/wp\/v2\/categories?post=167062"},{"taxonomy":"post_tag","embeddable":true,"href":"http:\/\/www.tvturk.com\/index.php\/wp-json\/wp\/v2\/tags?post=167062"}],"curies":[{"name":"wp","href":"https:\/\/api.w.org\/{rel}","templated":true}]}}