{"id":167068,"date":"2019-06-09T11:03:07","date_gmt":"2019-06-09T08:03:07","guid":{"rendered":"http:\/\/www.tvturk.com\/index.php\/sandiklida-tatilcilere-son-gun-hediyesi\/"},"modified":"2019-06-09T11:03:07","modified_gmt":"2019-06-09T08:03:07","slug":"sandiklida-tatilcilere-son-gun-hediyesi","status":"publish","type":"post","link":"http:\/\/www.tvturk.com\/index.php\/sandiklida-tatilcilere-son-gun-hediyesi\/","title":{"rendered":"Sand\u0131kl\u0131\u2019da tatilcilere son g\u00fcn hediyesi"},"content":{"rendered":"<p>Afyonkarahisar\u2019\u0131n Sand\u0131kl\u0131 il\u00e7esinde karayolu \u00fczerine kurulan stantlarda 9 g\u00fcnl\u00fck tatilden d\u00f6nen vatanda\u015flara serada yeti\u015ftirilen domates, \u00e7i\u00e7ek ve bro\u015f\u00fcr da\u011f\u0131t\u0131ld\u0131.<\/p>\n<p>Ramazan Bayram\u0131 tatilinin son g\u00fcnlerinde tatil beldelerinden d\u00f6nen vatanda\u015flar, Antalya-Afyonkarahisar karayolu \u00fczerinde zaman zaman kuyruklar olu\u015fturdu. Bu yo\u011funlu\u011fu f\u0131rsata \u00e7eviren ve tatil beldelerinden d\u00f6nenlerin s\u0131kl\u0131kla kulland\u0131\u011f\u0131 Sand\u0131kl\u0131 il\u00e7esinde yol kenarlar\u0131na stantlar a\u00e7\u0131ld\u0131. Stantlarda, k\u0131rm\u0131z\u0131 \u0131\u015f\u0131klarda duran ara\u00e7lara il\u00e7edeki termal seralarda yeti\u015fen 1.5 ton domates ve 2 bin adet \u00e7i\u00e7e\u011fin yan\u0131 s\u0131ra il\u00e7enin tan\u0131t\u0131m\u0131n\u0131n bulundu\u011fu bro\u015f\u00fcrler da\u011f\u0131t\u0131ld\u0131. Belediye \u00e7al\u0131\u015fanlar\u0131nca yap\u0131lan da\u011f\u0131t\u0131mlar memnuniyetle kar\u015f\u0131land\u0131. Sand\u0131kl\u0131 Kaymakam\u0131 Eflatun Can Tortop ve Belediye Ba\u015fkan\u0131 Mustafa \u00c7\u00f6l de uygulamay\u0131 yerinde inceleyerek bir m\u00fcddet \u00e7i\u00e7ek ve domates da\u011f\u0131t\u0131m\u0131 yap\u0131p \u00e7al\u0131\u015fmaya katk\u0131 sa\u011flad\u0131.<\/p>\n<p>&#8220;\u0130l\u00e7emizi daha iyi tan\u0131taca\u011f\u0131z&#8221;<\/p>\n<p>\u00c7al\u0131\u015fma hakk\u0131nda bilgi veren Belediye Ba\u015fkan\u0131 Mustafa \u00c7\u00f6l, &#8220;Antalya ve Denizli\u2019den Afyon, Ankara, \u0130stanbul ve Bursa istikametine olan il\u00e7emizde tatilden d\u00f6nen vatanda\u015flar\u0131m\u0131za jeotermal seralar\u0131m\u0131zda yeti\u015fen \u00e7i\u00e7ek ve salk\u0131m domateslerini hediye ediyoruz. K\u00fc\u00e7\u00fck tan\u0131t\u0131m bro\u015f\u00fcrlerini veriyoruz. Kazas\u0131z hay\u0131rl\u0131 yolculuklar diliyoruz. Yol g\u00fczergah\u0131m\u0131z da il\u00e7e tan\u0131t\u0131m\u0131na katk\u0131 sa\u011flayacak \u015fekilde dizayn edilecek. Yol kenar\u0131na il\u00e7enin nadide \u00fcr\u00fcnlerinin satabilece\u011fi mekanlar olu\u015fturaca\u011f\u0131z. Bu \u00e7al\u0131\u015fmam\u0131zda bunun ilk basama\u011f\u0131d\u0131r, ilk a\u015famas\u0131d\u0131r. \u0130l\u00e7emizi burada ilerleyen g\u00fcnlerde daha iyi \u015fekilde tan\u0131taca\u011f\u0131z&#8221; dedi<\/p>\n<p>Yap\u0131lan \u00e7al\u0131\u015fman\u0131n tan\u0131t\u0131m i\u00e7in son derece \u00f6nemli oldu\u011funun alt\u0131n\u0131 \u00e7izen Kaymakam Eflatun Can Tortop ise bu tarz faaliyetlerle il\u00e7e ad\u0131na fark\u0131ndal\u0131k olu\u015fturduklar\u0131n\u0131 belirtti.<\/p>\n","protected":false},"excerpt":{"rendered":"<p>SANDIKLI\u2019DA BAYRAM TAT\u0130L\u0130N\u0130N SON G\u00dcN\u00dc YOLDAN GE\u00c7ENLERE HED\u0130YELER DA\u011eITILDI<\/p>\n","protected":false},"author":1,"featured_media":167069,"comment_status":"closed","ping_status":"open","sticky":false,"template":"","format":"standard","meta":{"jetpack_post_was_ever_published":false,"_jetpack_newsletter_access":"","_jetpack_dont_email_post_to_subs":false,"_jetpack_newsletter_tier_id":0,"_jetpack_memberships_contains_paywalled_content":false,"_jetpack_memberships_contains_paid_content":false,"footnotes":"","jetpack_publicize_message":"","jetpack_publicize_feature_enabled":true,"jetpack_social_post_already_shared":true,"jetpack_social_options":{"image_generator_settings":{"template":"highway","default_image_id":0,"font":"","enabled":false},"version":2}},"categories":[1],"tags":[2579,2211,6544,1240,39527],"class_list":["post-167068","post","type-post","status-publish","format-standard","has-post-thumbnail","hentry","category-genel","tag-gun","tag-hediyesi","tag-sandiklida","tag-son","tag-tatilcilere"],"jetpack_publicize_connections":[],"jetpack_featured_media_url":"https:\/\/i0.wp.com\/www.tvturk.com\/wp-content\/uploads\/2019\/06\/sandiklida-tatilcilere-son-gun-hediyesi_bdf9a4b.jpg?fit=1000%2C664","jetpack_sharing_enabled":true,"jetpack_shortlink":"https:\/\/wp.me\/paKIfm-HsE","_links":{"self":[{"href":"http:\/\/www.tvturk.com\/index.php\/wp-json\/wp\/v2\/posts\/167068","targetHints":{"allow":["GET"]}}],"collection":[{"href":"http:\/\/www.tvturk.com\/index.php\/wp-json\/wp\/v2\/posts"}],"about":[{"href":"http:\/\/www.tvturk.com\/index.php\/wp-json\/wp\/v2\/types\/post"}],"author":[{"embeddable":true,"href":"http:\/\/www.tvturk.com\/index.php\/wp-json\/wp\/v2\/users\/1"}],"replies":[{"embeddable":true,"href":"http:\/\/www.tvturk.com\/index.php\/wp-json\/wp\/v2\/comments?post=167068"}],"version-history":[{"count":0,"href":"http:\/\/www.tvturk.com\/index.php\/wp-json\/wp\/v2\/posts\/167068\/revisions"}],"wp:featuredmedia":[{"embeddable":true,"href":"http:\/\/www.tvturk.com\/index.php\/wp-json\/wp\/v2\/media\/167069"}],"wp:attachment":[{"href":"http:\/\/www.tvturk.com\/index.php\/wp-json\/wp\/v2\/media?parent=167068"}],"wp:term":[{"taxonomy":"category","embeddable":true,"href":"http:\/\/www.tvturk.com\/index.php\/wp-json\/wp\/v2\/categories?post=167068"},{"taxonomy":"post_tag","embeddable":true,"href":"http:\/\/www.tvturk.com\/index.php\/wp-json\/wp\/v2\/tags?post=167068"}],"curies":[{"name":"wp","href":"https:\/\/api.w.org\/{rel}","templated":true}]}}