{"id":167094,"date":"2019-06-09T11:41:44","date_gmt":"2019-06-09T08:41:44","guid":{"rendered":"http:\/\/www.tvturk.com\/index.php\/genclerbirligiinde-baskanlik-secimi-ertelendi\/"},"modified":"2019-06-09T11:41:44","modified_gmt":"2019-06-09T08:41:44","slug":"genclerbirligiinde-baskanlik-secimi-ertelendi","status":"publish","type":"post","link":"http:\/\/www.tvturk.com\/index.php\/genclerbirligiinde-baskanlik-secimi-ertelendi\/","title":{"rendered":"Gen\u00e7lerbirli\u011fi\u2019inde ba\u015fkanl\u0131k se\u00e7imi ertelendi"},"content":{"rendered":"<p>Spor Toto S\u00fcper Lig\u2019in yeni ekiplerinden Gen\u00e7lerbili\u011fi\u2019nde Ola\u011fan Genel Kurul toplant\u0131s\u0131 gelecek hafta sonuna ertelendi.<\/p>\n<p>K\u0131rm\u0131z\u0131-siyahl\u0131lar\u0131n \u0130lhan Cavcav Tesisleri\u2019nde saat 10.00\u2019da d\u00fczenlenmesi beklenen Ola\u011fan Genel Kurul toplant\u0131s\u0131 delege \u00e7o\u011funlu\u011fu sa\u011flanamad\u0131\u011f\u0131 i\u00e7in ger\u00e7ekle\u015femedi. Ba\u015fkent temsilcisinde kongre, \u00e7o\u011funluk aranmaks\u0131z\u0131n 16 Haziran Pazar g\u00fcn\u00fc saat 10.00\u2019da MEB \u015eura Salonunda yap\u0131lacak.<\/p>\n","protected":false},"excerpt":{"rendered":"<p>SPOR TOTO S\u00dcPER L\u0130G\u2019\u0130N YEN\u0130 EK\u0130PLER\u0130NDEN GEN\u00c7LERB\u0130L\u0130\u011e\u0130\u2019NDE OLA\u011eAN GENEL KURUL TOPLANTISI GELECEK HAFTA SONUNA ERTELEND\u0130.<\/p>\n","protected":false},"author":1,"featured_media":167095,"comment_status":"closed","ping_status":"open","sticky":false,"template":"","format":"standard","meta":{"jetpack_post_was_ever_published":false,"_jetpack_newsletter_access":"","_jetpack_dont_email_post_to_subs":false,"_jetpack_newsletter_tier_id":0,"_jetpack_memberships_contains_paywalled_content":false,"_jetpack_memberships_contains_paid_content":false,"footnotes":"","jetpack_publicize_message":"","jetpack_publicize_feature_enabled":true,"jetpack_social_post_already_shared":true,"jetpack_social_options":{"image_generator_settings":{"template":"highway","default_image_id":0,"font":"","enabled":false},"version":2}},"categories":[657],"tags":[563,1351,39948,3217],"class_list":["post-167094","post","type-post","status-publish","format-standard","has-post-thumbnail","hentry","category-spor","tag-baskanlik","tag-ertelendi","tag-genclerbirligiinde","tag-secimi"],"jetpack_publicize_connections":[],"jetpack_featured_media_url":"https:\/\/i0.wp.com\/www.tvturk.com\/wp-content\/uploads\/2019\/06\/genclerbirligiinde-baskanlik-secimi-ertelendi_e78f80b.jpg?fit=1000%2C638","jetpack_sharing_enabled":true,"jetpack_shortlink":"https:\/\/wp.me\/paKIfm-Ht4","_links":{"self":[{"href":"http:\/\/www.tvturk.com\/index.php\/wp-json\/wp\/v2\/posts\/167094","targetHints":{"allow":["GET"]}}],"collection":[{"href":"http:\/\/www.tvturk.com\/index.php\/wp-json\/wp\/v2\/posts"}],"about":[{"href":"http:\/\/www.tvturk.com\/index.php\/wp-json\/wp\/v2\/types\/post"}],"author":[{"embeddable":true,"href":"http:\/\/www.tvturk.com\/index.php\/wp-json\/wp\/v2\/users\/1"}],"replies":[{"embeddable":true,"href":"http:\/\/www.tvturk.com\/index.php\/wp-json\/wp\/v2\/comments?post=167094"}],"version-history":[{"count":0,"href":"http:\/\/www.tvturk.com\/index.php\/wp-json\/wp\/v2\/posts\/167094\/revisions"}],"wp:featuredmedia":[{"embeddable":true,"href":"http:\/\/www.tvturk.com\/index.php\/wp-json\/wp\/v2\/media\/167095"}],"wp:attachment":[{"href":"http:\/\/www.tvturk.com\/index.php\/wp-json\/wp\/v2\/media?parent=167094"}],"wp:term":[{"taxonomy":"category","embeddable":true,"href":"http:\/\/www.tvturk.com\/index.php\/wp-json\/wp\/v2\/categories?post=167094"},{"taxonomy":"post_tag","embeddable":true,"href":"http:\/\/www.tvturk.com\/index.php\/wp-json\/wp\/v2\/tags?post=167094"}],"curies":[{"name":"wp","href":"https:\/\/api.w.org\/{rel}","templated":true}]}}