{"id":167098,"date":"2019-06-09T11:47:41","date_gmt":"2019-06-09T08:47:41","guid":{"rendered":"http:\/\/www.tvturk.com\/index.php\/kadin-emegi-festivali-sertab-erener-konseriyle-baslayacak\/"},"modified":"2019-06-09T11:47:41","modified_gmt":"2019-06-09T08:47:41","slug":"kadin-emegi-festivali-sertab-erener-konseriyle-baslayacak","status":"publish","type":"post","link":"http:\/\/www.tvturk.com\/index.php\/kadin-emegi-festivali-sertab-erener-konseriyle-baslayacak\/","title":{"rendered":"\u2019Kad\u0131n Eme\u011fi Festivali\u2019 Sertab Erener konseriyle ba\u015flayacak"},"content":{"rendered":"<p>\u00c7ankaya Belediyesi, kad\u0131nlar\u0131n el eme\u011fi \u00fcr\u00fcnlerinin sat\u0131\u015fa sunulaca\u011f\u0131 \u201cKad\u0131n Eme\u011fi Festivali\u2019ni&#8221; bu y\u0131l 3\u2019\u00fcnc\u00fc kez d\u00fczenleyecek. 28 Haziran\u2019da ba\u015flayacak festivalin a\u00e7\u0131l\u0131\u015f konserinde sanat\u00e7\u0131 Sertab Erener, Ankaral\u0131larla bulu\u015facak. Yakla\u015f\u0131k 500 kad\u0131n\u0131n el eme\u011fi \u00fcr\u00fcnlerini gelenlerin be\u011fenisine sunaca\u011f\u0131 festivalin kapan\u0131\u015f\u0131 ise son d\u00f6nemin pop\u00fcler isimlerinden Kalben ile olacak.<\/p>\n<p>\u00c7ankaya Belediyesi \u201cKad\u0131n Eme\u011fi Festivalini&#8221; bu y\u0131l 3\u2019\u00fcnc\u00fc kez d\u00fczenleyecek. E\u015fitlik\u00e7i bir toplumun geli\u015ftirilmesi, var olan e\u015fitsizliklerin giderilmesi, kad\u0131n eme\u011finin g\u00f6r\u00fcn\u00fcr k\u0131l\u0131nmas\u0131 ve \u00fcr\u00fcnlerin pazardaki yerini alabilmesi amac\u0131n\u0131 ta\u015f\u0131yan festival, 28 Haziran\u2019da ba\u015flayacak. Ahlatl\u0131bel Atat\u00fcrk Park\u0131\u2019ndaki stantlarda yer alacak yakla\u015f\u0131k 500 kad\u0131n, ah\u015fap e\u015fyalardan \u00e7antaya, ke\u00e7e i\u015flerinden kakt\u00fcse, tak\u0131dan \u00f6rg\u00fc bebeklere kadar kendilerinin yapt\u0131\u011f\u0131 pek \u00e7ok \u00fcr\u00fcn\u00fc gelenlerin be\u011fenisine sunacak.<\/p>\n<p>T\u00fcm gelir kad\u0131nlara<\/p>\n<p>Kad\u0131nlar\u0131n sosyal hayata ve istihdama e\u015fit kat\u0131l\u0131m\u0131n\u0131 sa\u011flay\u0131c\u0131 hizmetleri dolay\u0131s\u0131yla \u201cMor Bayrak\u201d sahibi olan \u00c7ankaya Belediyesi, kad\u0131nlar\u0131n sat\u0131\u015flardan elde edece\u011fi gelirin tamamen kendilerine kalmas\u0131n\u0131 sa\u011flayacak. 28 Haziran Cuma 10.00\u2019da stantlar\u0131n kurulmas\u0131yla ba\u015flayacak festival, 16.00\u2019da d\u00fczenlenecek Ezgi Ey\u00fcbo\u011flu konseriyle devam edecek. Saat 20.00\u2019de ise Sertab Erener, Ankaral\u0131larla bulu\u015facak.<\/p>\n<p>Kapan\u0131\u015f Kalben\u2019le<\/p>\n<p>29 Haziran Cumartesi saat 12.00\u2019de festival etkinlikleriyle ba\u015flayacak g\u00fcn, 13.30\u2019da Canan Anderson, 16.30\u2019da \u0130stanbul Girls Orkestra ve 20.00\u2019de Serenad Ba\u011fcan konserleriyle devam edecek. Festivalin son g\u00fcn\u00fc, (30 Haziran Pazar) saat 12.00\u2019de ba\u015flayacak etkinlikler, 13.30\u2019da \u0130lknur Yakupo\u011flu, 16.30\u2019da Ankara Modern Orkestras\u0131 ve 20.00\u2019de Kalben konseri ile sona erecek.<\/p>\n","protected":false},"excerpt":{"rendered":"<p>E\u015e\u0130TL\u0130K\u00c7\u0130 B\u0130R TOPLUMUN GEL\u0130\u015eT\u0130R\u0130LMES\u0130 VE VAR OLAN E\u015e\u0130TS\u0130ZL\u0130KLER\u0130N G\u0130DER\u0130LMES\u0130 \u0130\u00c7\u0130N \u00c7ALI\u015eAN \u00c7ANKAYA BELED\u0130YES\u0130, KADINLARIN EL EME\u011e\u0130 \u00dcR\u00dcNLER\u0130N\u0130N SATI\u015eA SUNULACA\u011eI \u201cKADIN EME\u011e\u0130 FEST\u0130VAL\u0130\u2019N\u0130 BU YIL 3. KEZ D\u00dcZENL\u0130YOR. 28 HAZ\u0130RAN\u2019DA BA\u015eLAYACAK FEST\u0130VAL\u0130N A\u00c7ILI\u015e KONSER\u0130NDE SEV\u0130LEN SANAT\u00c7I SERTAB ERENER, ANKARALILARLA BULU\u015eACAK.<\/p>\n","protected":false},"author":1,"featured_media":167099,"comment_status":"closed","ping_status":"open","sticky":false,"template":"","format":"standard","meta":{"jetpack_post_was_ever_published":false,"_jetpack_newsletter_access":"","_jetpack_dont_email_post_to_subs":false,"_jetpack_newsletter_tier_id":0,"_jetpack_memberships_contains_paywalled_content":false,"_jetpack_memberships_contains_paid_content":false,"footnotes":"","jetpack_publicize_message":"","jetpack_publicize_feature_enabled":true,"jetpack_social_post_already_shared":true,"jetpack_social_options":{"image_generator_settings":{"template":"highway","default_image_id":0,"font":"","enabled":false},"version":2}},"categories":[656],"tags":[4413,21898,39950,3400,108,5072,39949],"class_list":["post-167098","post","type-post","status-publish","format-standard","has-post-thumbnail","hentry","category-kultur-sanat","tag-baslayacak","tag-emegi","tag-erener","tag-festivali","tag-kadin","tag-konseriyle","tag-sertab"],"jetpack_publicize_connections":[],"jetpack_featured_media_url":"https:\/\/i0.wp.com\/www.tvturk.com\/wp-content\/uploads\/2019\/06\/kadin-emegi-festivali-sertab-erener-konseriyle-baslayacak_6388177.jpg?fit=1000%2C599","jetpack_sharing_enabled":true,"jetpack_shortlink":"https:\/\/wp.me\/paKIfm-Ht8","_links":{"self":[{"href":"http:\/\/www.tvturk.com\/index.php\/wp-json\/wp\/v2\/posts\/167098","targetHints":{"allow":["GET"]}}],"collection":[{"href":"http:\/\/www.tvturk.com\/index.php\/wp-json\/wp\/v2\/posts"}],"about":[{"href":"http:\/\/www.tvturk.com\/index.php\/wp-json\/wp\/v2\/types\/post"}],"author":[{"embeddable":true,"href":"http:\/\/www.tvturk.com\/index.php\/wp-json\/wp\/v2\/users\/1"}],"replies":[{"embeddable":true,"href":"http:\/\/www.tvturk.com\/index.php\/wp-json\/wp\/v2\/comments?post=167098"}],"version-history":[{"count":0,"href":"http:\/\/www.tvturk.com\/index.php\/wp-json\/wp\/v2\/posts\/167098\/revisions"}],"wp:featuredmedia":[{"embeddable":true,"href":"http:\/\/www.tvturk.com\/index.php\/wp-json\/wp\/v2\/media\/167099"}],"wp:attachment":[{"href":"http:\/\/www.tvturk.com\/index.php\/wp-json\/wp\/v2\/media?parent=167098"}],"wp:term":[{"taxonomy":"category","embeddable":true,"href":"http:\/\/www.tvturk.com\/index.php\/wp-json\/wp\/v2\/categories?post=167098"},{"taxonomy":"post_tag","embeddable":true,"href":"http:\/\/www.tvturk.com\/index.php\/wp-json\/wp\/v2\/tags?post=167098"}],"curies":[{"name":"wp","href":"https:\/\/api.w.org\/{rel}","templated":true}]}}