{"id":167102,"date":"2019-06-09T11:53:13","date_gmt":"2019-06-09T08:53:13","guid":{"rendered":"http:\/\/www.tvturk.com\/index.php\/ozel-200-binlik-ilce-2-milyona-katlandi\/"},"modified":"2019-06-09T11:53:13","modified_gmt":"2019-06-09T08:53:13","slug":"ozel-200-binlik-ilce-2-milyona-katlandi","status":"publish","type":"post","link":"http:\/\/www.tvturk.com\/index.php\/ozel-200-binlik-ilce-2-milyona-katlandi\/","title":{"rendered":"(\u00d6zel) 200 binlik il\u00e7e 2 milyona katland\u0131"},"content":{"rendered":"<p>Tekirda\u011f\u2019\u0131n S\u00fcleymanpa\u015fa il\u00e7esi Ramazan Bayram\u0131 tatili ve Kiraz Festivali nedeniyle tarihinin en kalabal\u0131k d\u00f6nemlerini ya\u015f\u0131yor. Ramazan Bayram\u0131 tatilinin ba\u015flamas\u0131yla start alan festival nedeniyle \u015fehirde ad\u0131m at\u0131lacak yer kalmazken, n\u00fcfusu 200 bin olan il\u00e7e yakla\u015f\u0131k 2 milyona katland\u0131.<\/p>\n<p>Ramazan Bayram\u0131 tatilinin ba\u015flamas\u0131 ve 55\u2019inci Uluslararas\u0131 Kiraz Festivali nedeniyle \u0130stanbul ba\u015fta olmak \u00fczere bir\u00e7ok \u00e7evre illerden Tekirda\u011f\u2019\u0131n merkez il\u00e7esi S\u00fcleymanpa\u015fa\u2019ya b\u00fcy\u00fck ka\u00e7\u0131\u015f ba\u015flad\u0131. Ramazan Bayram\u0131 tatiliyle birlikte S\u00fcleymanpa\u015fa halk plajlar\u0131 tatilcilerle dolup ta\u015ft\u0131. Bayram tatili s\u00fcrerken, S\u00fcleymanpa\u015fa Belediyesi taraf\u0131ndan g\u00f6rkemli bir a\u00e7\u0131l\u0131\u015fla start alan 55\u2019inci Kiraz Festivalinde g\u00fcn\u00fc birlik tatilcilerin de gelmesiyle kentin 200 bin olan n\u00fcfusu milyonlara katland\u0131.<\/p>\n<p>\u015eehrin n\u00fcfusu de\u011fi\u015fti<\/p>\n<p>Kiraz Festivaliyle birlikte Tekirda\u011f\u2019\u0131n il\u00e7eleri ba\u015fta olmak \u00fczere \u0130stanbul ve di\u011fer illerden binlerce vatanda\u015f S\u00fcleymanpa\u015fa il\u00e7esine ak\u0131n etti. Festivalin s\u00fcrd\u00fc\u011f\u00fc alana ak\u0131n ak\u0131n gelen vatanda\u015flar\u0131n olu\u015fturdu\u011fu yo\u011fun kalabal\u0131klar ak\u0131llara \u2018\u0130\u011fne atsan yere d\u00fc\u015fmez\u2019 deyimini getirdi. Yo\u011fun kalabal\u0131klar nedeniyle sahil dolgu alanda adeta ad\u0131m at\u0131lacak yer kalmad\u0131. Yo\u011fun kalabal\u0131klar nedeniyle zaman zaman trafikte de aksamalar meydana gelirken emniyet ekipleri bir an olsun g\u00fcvenli\u011fi elden b\u0131rakmayarak festival alan\u0131nda \u00e7ok say\u0131da polis ekipleri g\u00f6revlendirildi.<\/p>\n<p>Be\u015f g\u00fcnde 2 milyon ziyaret\u00e7i<\/p>\n<p>S\u00fcleymanpa\u015fa Belediye Ba\u015fkan\u0131 C\u00fcneyt Y\u00fcksel yapt\u0131\u011f\u0131 a\u00e7\u0131klamada, \u00e7ar\u015famba g\u00fcn\u00fcnden beri \u015fehrin sahil dolgu alan\u0131nda yo\u011fun kalabal\u0131klar\u0131n oldu\u011funu ifade ederek pazar g\u00fcn\u00fcne kadar buray\u0131 ziyaret edenlerin say\u0131s\u0131n\u0131n be\u015f g\u00fcnl\u00fck s\u00fcre\u00e7te yakla\u015f\u0131k 2 milyon ziyaret\u00e7iye ula\u015faca\u011f\u0131n\u0131 s\u00f6yledi.<\/p>\n<p>C\u00fcneyt Y\u00fcksel, \u201c55\u2019inci Kiraz Festivali, yakla\u015f\u0131k 2 ayl\u0131k bir \u00e7al\u0131\u015fman\u0131n eseri. Hafta sonu s\u00fcrecinde yani yar\u0131n ak\u015fama kadar 2 milyon kadar vatanda\u015f\u0131m\u0131z\u0131 burada a\u011f\u0131rlamak istiyoruz. Her ak\u015fam ciddi bir kalabal\u0131k geliyor. G\u00fcnd\u00fczleri yap\u0131lan etkinlikler, geceleri d\u00fczenlenen konserler, al\u0131\u015f veri\u015f imkanlar\u0131 bizim sahil dolgu alan\u0131m\u0131z bu konuda t\u0131kl\u0131m t\u0131kl\u0131m dolu. Vatanda\u015flar\u0131m\u0131zda da \u00e7ok ciddi bir memnuniyet hissediyoruz. Bu konuda tan\u0131t\u0131mla alakal\u0131, iyi sanat\u00e7\u0131lar \u00f6zellikle de \u015fehrin k\u00fclt\u00fcr\u00fcn\u00fc \u00f6rf adetini yans\u0131tan organizasyonlar, yemekler gastronomiyle alakal\u0131 yemekler kom\u015fu illerde ve kom\u015fu il\u00e7elerde ya\u015fayan vatanda\u015flar\u0131n S\u00fcleymanpa\u015fa\u2019ya gelmelerine vesile oldu\u201d dedi.<\/p>\n<p>Seneye kat kat artacak<\/p>\n<p>\u00d6n\u00fcm\u00fczdeki sene \u00e7ok daha b\u00fcy\u00fck organizasyonlara haz\u0131rl\u0131k yapt\u0131klar\u0131n\u0131 da de\u011finen Ba\u015fkan Y\u00fcksel, \u201cAyn\u0131 zaman bu festivalin \u015f\u00f6yle bir \u00f6zelli\u011fi var. Macaristan\u2019dan, Almanya\u2019dan, Bulgaristan\u2019dan ve Romanya\u2019da misafirlerimiz var. \u0130\u015fte biraz \u00f6ncede Macaristan B\u00fcy\u00fckel\u00e7imizi a\u011f\u0131rlad\u0131k. Bu sene biz d\u0131\u015far\u0131dan gelen vatanda\u015flar\u0131m\u0131z\u0131 bir anlamda sahilimizi gezdirmi\u015f olduk. Bir yandan denizimizi tan\u0131tm\u0131\u015f olduk. Tekirda\u011f\u2019\u0131n Milattan \u00f6nce 6 bin y\u0131l\u0131na varan bir tarihi var, do\u011fas\u0131 var, denizi var ve b\u00fct\u00fcn kimlikleri bir arada bar\u0131nd\u0131racak bir \u00f6zelli\u011fi var. Biz bunlar\u0131 anlatmakla alakal\u0131 k\u00fc\u00e7\u00fckte fuar alanlar\u0131 yapt\u0131k. \u00c7ok g\u00fczel bir organizasyon oldu. Eme\u011fi ge\u00e7en herkese can\u0131 g\u00f6n\u00fclden te\u015fekk\u00fcr ediyorum\u201d ifadelerini kulland\u0131.<\/p>\n<p>\u201c2 milyon insan\u0131m\u0131z\u0131 a\u011f\u0131rlamay\u0131 hedefledik\u201d<\/p>\n<p>Festival sonucunda yakla\u015f\u0131k 2 milyon insan say\u0131s\u0131na ula\u015facaklar\u0131n\u0131 aktaran Ba\u015fkan Y\u00fcksel, \u201cPazar g\u00fcn\u00fc ak\u015fam\u0131na kadar biz sahilde yakla\u015f\u0131k 2 milyon insan\u0131m\u0131z\u0131 a\u011f\u0131rlamay\u0131 hedefledik. Tabii 2 milyon farkl\u0131 insan de\u011fil. S\u00fcleymanpa\u015fa\u2019n\u0131n n\u00fcfusu 200 bin ama Tekirda\u011f\u2019\u0131n 1 milyon n\u00fcfusu var. Bu organizasyon \u00c7ar\u015famba g\u00fcn\u00fcnden Pazar ak\u015fam\u0131na kadar s\u00fcren bir organizasyon. Dolay\u0131s\u0131 ile biz bu sahil dolgu alan\u0131 i\u00e7erisinde 2 milyon civar\u0131nda bir hedefimiz oldu. Bir farkl\u0131 \u00f6zelli\u011fi daha var.  Say\u0131 \u00e7ok ciddi bir say\u0131 ne kadar tespit edilebilir bilmiyoruz ama \u015fuan ki arkada\u015flar halen \u00e7al\u0131\u015f\u0131yor. 55\u2019i b\u00f6yleydi in\u015fallah \u015fehrin daha de\u011fi\u015fik noktalar\u0131na ta\u015f\u0131yaca\u011f\u0131m\u0131z 56\u2019\u0131nc\u0131 bir Kiraz Festivali g\u00f6receksiniz\u201d diyerek a\u00e7\u0131klamas\u0131n\u0131 noktalad\u0131.<\/p>\n","protected":false},"excerpt":{"rendered":"<p>TEK\u0130RDA\u011e\u2019IN S\u00dcLEYMANPA\u015eA \u0130L\u00c7ES\u0130 RAMAZAN BAYRAMI TAT\u0130L\u0130 VE K\u0130RAZ FEST\u0130VAL\u0130 NEDEN\u0130YLE TAR\u0130H\u0130N\u0130N EN KALABALIK D\u00d6NEMLER\u0130N\u0130 YA\u015eIYOR.<\/p>\n","protected":false},"author":1,"featured_media":167103,"comment_status":"closed","ping_status":"open","sticky":false,"template":"","format":"standard","meta":{"jetpack_post_was_ever_published":false,"_jetpack_newsletter_access":"","_jetpack_dont_email_post_to_subs":false,"_jetpack_newsletter_tier_id":0,"_jetpack_memberships_contains_paywalled_content":false,"_jetpack_memberships_contains_paid_content":false,"footnotes":"","jetpack_publicize_message":"","jetpack_publicize_feature_enabled":true,"jetpack_social_post_already_shared":true,"jetpack_social_options":{"image_generator_settings":{"template":"highway","default_image_id":0,"font":"","enabled":false},"version":2}},"categories":[1],"tags":[1073,4068,33004,511,39611,9069],"class_list":["post-167102","post","type-post","status-publish","format-standard","has-post-thumbnail","hentry","category-genel","tag-ozel","tag-4068","tag-binlik","tag-ilce","tag-katlandi","tag-milyona"],"jetpack_publicize_connections":[],"jetpack_featured_media_url":"https:\/\/i0.wp.com\/www.tvturk.com\/wp-content\/uploads\/2019\/06\/ozel-200-binlik-ilce-2-milyona-katlandi_400ed62.jpg?fit=1000%2C662","jetpack_sharing_enabled":true,"jetpack_shortlink":"https:\/\/wp.me\/paKIfm-Htc","_links":{"self":[{"href":"http:\/\/www.tvturk.com\/index.php\/wp-json\/wp\/v2\/posts\/167102","targetHints":{"allow":["GET"]}}],"collection":[{"href":"http:\/\/www.tvturk.com\/index.php\/wp-json\/wp\/v2\/posts"}],"about":[{"href":"http:\/\/www.tvturk.com\/index.php\/wp-json\/wp\/v2\/types\/post"}],"author":[{"embeddable":true,"href":"http:\/\/www.tvturk.com\/index.php\/wp-json\/wp\/v2\/users\/1"}],"replies":[{"embeddable":true,"href":"http:\/\/www.tvturk.com\/index.php\/wp-json\/wp\/v2\/comments?post=167102"}],"version-history":[{"count":0,"href":"http:\/\/www.tvturk.com\/index.php\/wp-json\/wp\/v2\/posts\/167102\/revisions"}],"wp:featuredmedia":[{"embeddable":true,"href":"http:\/\/www.tvturk.com\/index.php\/wp-json\/wp\/v2\/media\/167103"}],"wp:attachment":[{"href":"http:\/\/www.tvturk.com\/index.php\/wp-json\/wp\/v2\/media?parent=167102"}],"wp:term":[{"taxonomy":"category","embeddable":true,"href":"http:\/\/www.tvturk.com\/index.php\/wp-json\/wp\/v2\/categories?post=167102"},{"taxonomy":"post_tag","embeddable":true,"href":"http:\/\/www.tvturk.com\/index.php\/wp-json\/wp\/v2\/tags?post=167102"}],"curies":[{"name":"wp","href":"https:\/\/api.w.org\/{rel}","templated":true}]}}