{"id":16718,"date":"2019-02-09T19:37:47","date_gmt":"2019-02-09T16:37:47","guid":{"rendered":"http:\/\/www.tvturk.com\/index.php\/su-kanalina-ucan-otomobildeki-4-kisi-olumden-dondu\/"},"modified":"2019-02-09T19:37:52","modified_gmt":"2019-02-09T16:37:52","slug":"su-kanalina-ucan-otomobildeki-4-kisi-olumden-dondu","status":"publish","type":"post","link":"http:\/\/www.tvturk.com\/index.php\/su-kanalina-ucan-otomobildeki-4-kisi-olumden-dondu\/","title":{"rendered":"Su kanal\u0131na u\u00e7an otomobildeki 4 ki\u015fi \u00f6l\u00fcmden d\u00f6nd\u00fc"},"content":{"rendered":"<p>K\u0131r\u0131kkale\u2019de bariyerlere \u00e7arpan otomobil su kanal\u0131na u\u00e7tu. S\u00fcr\u00fcklenen otomobilde s\u0131k\u0131\u015fan 4 ki\u015fi vatanda\u015flar\u0131n da yard\u0131m\u0131yla sa\u011fl\u0131k ve itfaiye ekiplerince kurtar\u0131ld\u0131.<\/p>\n<p>Kaza, K\u0131r\u0131kkale-Ankara karayolunun 13. kilometresindeki Virajlar mevkisinde meydana geldi. Edinilen bilgiye g\u00f6re, Hac\u0131 Ali \u00c7\u0131nar (49) idaresindeki 06 KPU 30 plakal\u0131 otomobil, s\u00fcr\u00fcc\u00fcn\u00fcn direksiyon hakimiyetini kaybetmesi sonucu ref\u00fcjdeki bariyerlere \u00e7arpman\u0131n etkisiyle su kanal\u0131na takla atarak yakla\u015f\u0131k 100 metre s\u00fcr\u00fcklendi. Ters d\u00f6nen otomobil hurdaya d\u00f6nerken, i\u00e7indeki 4 ki\u015finin yard\u0131m\u0131na ise \u00e7evredeki vatanda\u015flar ko\u015ftu.<\/p>\n<p>Kazada otomobilin s\u00fcr\u00fcc\u00fcs\u00fc Hac\u0131 Ali \u00c7\u0131nar ile yolculardan Selda \u00c7\u0131nar (47), Narin \u00c7\u0131nar (58) ve Ayten Oktar (57) ara\u00e7 i\u00e7inde s\u0131k\u0131\u015ft\u0131. Yah\u015fihan itfaiyesi ve 112 Acil Servis ekiplerinin yard\u0131m\u0131yla ara\u00e7tan \u00e7\u0131kar\u0131lan yaral\u0131lar, olay yerinde yap\u0131lan ilk m\u00fcdahalenin ard\u0131ndan ambulanslarla K\u0131r\u0131kkale \u00dcniversitesi T\u0131p Fak\u00fcltesi Hastanesi ile Y\u00fcksek \u0130htisas Hastanesine kald\u0131r\u0131larak tedavi alt\u0131na al\u0131nd\u0131.<\/p>\n<p>Kaza nedeniyle K\u0131r\u0131kkale-Ankara karayolunun K\u0131r\u0131kkale istikameti bir s\u00fcreli\u011fine ara\u00e7 trafi\u011fine kapat\u0131ld\u0131. Kaza yapan arac\u0131n vin\u00e7 yard\u0131m\u0131 ile kald\u0131r\u0131lmas\u0131n\u0131n ard\u0131ndan yol tekrar trafi\u011fe a\u00e7\u0131ld\u0131. Kaza nedeniyle otomobilden kopan par\u00e7alar \u00e7evreye sa\u00e7\u0131ld\u0131. Polis, jandarma ve itfaiye ekipleri \u00e7evreye da\u011f\u0131lan par\u00e7alar\u0131 toplad\u0131.<div class=\"tiled-gallery type-rectangular tiled-gallery-unresized\" data-original-width=\"500\" data-carousel-extra='null' itemscope itemtype=\"http:\/\/schema.org\/ImageGallery\" > <div class=\"gallery-row\" style=\"width: 500px; height: 142px;\" data-original-width=\"500\" data-original-height=\"142\" > <div class=\"gallery-group images-1\" style=\"width: 250px; height: 142px;\" data-original-width=\"250\" data-original-height=\"142\" > <div class=\"tiled-gallery-item tiled-gallery-item-small\" itemprop=\"associatedMedia\" itemscope itemtype=\"http:\/\/schema.org\/ImageObject\"> <a href=\"http:\/\/www.tvturk.com\/index.php\/su-kanalina-ucan-otomobildeki-4-kisi-olumden-dondu\/su-kanalina-ucan-otomobildeki-4-kisi-olumden-dondu-3\/\" border=\"0\" itemprop=\"url\"> <meta itemprop=\"width\" content=\"246\"> <meta itemprop=\"height\" content=\"138\"> <img decoding=\"async\" class=\"\" data-attachment-id=\"16720\" data-orig-file=\"http:\/\/www.tvturk.com\/wp-content\/uploads\/2019\/02\/su-kanalina-ucan-otomobildeki-4-kisi-olumden-dondu_baf6850.jpg\" data-orig-size=\"1000,562\" data-comments-opened=\"\" data-image-meta=\"{&quot;aperture&quot;:&quot;0&quot;,&quot;credit&quot;:&quot;IHA&quot;,&quot;camera&quot;:&quot;&quot;,&quot;caption&quot;:&quot;KIRIKKALE\\u2019DE BAR\\u0130YERLERE \\u00c7ARPAN OTOMOB\\u0130L SU KANALINA U\\u00c7TU. (HASAN AY\\\/KIRIKKALE-\\u0130HA)&quot;,&quot;created_timestamp&quot;:&quot;0&quot;,&quot;copyright&quot;:&quot;\\u0130HLAS HABER AJANSI, www.iha.com.tr&quot;,&quot;focal_length&quot;:&quot;0&quot;,&quot;iso&quot;:&quot;0&quot;,&quot;shutter_speed&quot;:&quot;0&quot;,&quot;title&quot;:&quot;SU KANALINA U\\u00c7AN OTOMOB\\u0130LDEK\\u0130 4 K\\u0130\\u015e\\u0130 \\u00d6L\\u00dcMDEN D\\u00d6ND\\u00dc S\\u00dcR\\u00dcKLENEN OTOMOB\\u0130LDE SIKI\\u015eAN 4 K\\u0130\\u015e\\u0130 VATANDA\\u015eLAR, SA\\u011eLIK VE \\u0130TFA\\u0130YE EK\\u0130PLER\\u0130NCE KURTARILARAK HASTANEYE KALDIRILDI&quot;,&quot;orientation&quot;:&quot;0&quot;}\" data-image-title=\"Su kanal\u0131na u\u00e7an otomobildeki 4 ki\u015fi \u00f6l\u00fcmden d\u00f6nd\u00fc\" data-image-description=\"&lt;p&gt;Su kanal\u0131na u\u00e7an otomobildeki 4 ki\u015fi \u00f6l\u00fcmden d\u00f6nd\u00fc&lt;\/p&gt; \" data-medium-file=\"https:\/\/i0.wp.com\/www.tvturk.com\/wp-content\/uploads\/2019\/02\/su-kanalina-ucan-otomobildeki-4-kisi-olumden-dondu_baf6850.jpg?fit=300%2C169\" data-large-file=\"https:\/\/i0.wp.com\/www.tvturk.com\/wp-content\/uploads\/2019\/02\/su-kanalina-ucan-otomobildeki-4-kisi-olumden-dondu_baf6850.jpg?fit=1000%2C562\" src=\"https:\/\/i0.wp.com\/www.tvturk.com\/wp-content\/uploads\/2019\/02\/su-kanalina-ucan-otomobildeki-4-kisi-olumden-dondu_baf6850.jpg?w=246&#038;h=138\" srcset=\"https:\/\/i0.wp.com\/www.tvturk.com\/wp-content\/uploads\/2019\/02\/su-kanalina-ucan-otomobildeki-4-kisi-olumden-dondu_baf6850.jpg?w=1000 1000w, https:\/\/i0.wp.com\/www.tvturk.com\/wp-content\/uploads\/2019\/02\/su-kanalina-ucan-otomobildeki-4-kisi-olumden-dondu_baf6850.jpg?resize=150%2C84 150w, https:\/\/i0.wp.com\/www.tvturk.com\/wp-content\/uploads\/2019\/02\/su-kanalina-ucan-otomobildeki-4-kisi-olumden-dondu_baf6850.jpg?resize=300%2C169 300w, https:\/\/i0.wp.com\/www.tvturk.com\/wp-content\/uploads\/2019\/02\/su-kanalina-ucan-otomobildeki-4-kisi-olumden-dondu_baf6850.jpg?resize=768%2C432 768w, https:\/\/i0.wp.com\/www.tvturk.com\/wp-content\/uploads\/2019\/02\/su-kanalina-ucan-otomobildeki-4-kisi-olumden-dondu_baf6850.jpg?resize=200%2C113 200w\" width=\"246\" height=\"138\" loading=\"lazy\" data-original-width=\"246\" data-original-height=\"138\" itemprop=\"http:\/\/schema.org\/image\" title=\"Su kanal\u0131na u\u00e7an otomobildeki 4 ki\u015fi \u00f6l\u00fcmden d\u00f6nd\u00fc\" alt=\"Su kanal\u0131na u\u00e7an otomobildeki 4 ki\u015fi \u00f6l\u00fcmden d\u00f6nd\u00fc\" style=\"width: 246px; height: 138px;\" \/> <\/a> <\/div> <\/div> <!-- close group --> <div class=\"gallery-group images-1\" style=\"width: 250px; height: 142px;\" data-original-width=\"250\" data-original-height=\"142\" > <div class=\"tiled-gallery-item tiled-gallery-item-small\" itemprop=\"associatedMedia\" itemscope itemtype=\"http:\/\/schema.org\/ImageObject\"> <a href=\"http:\/\/www.tvturk.com\/index.php\/su-kanalina-ucan-otomobildeki-4-kisi-olumden-dondu\/su-kanalina-ucan-otomobildeki-4-kisi-olumden-dondu-4\/\" border=\"0\" itemprop=\"url\"> <meta itemprop=\"width\" content=\"246\"> <meta itemprop=\"height\" content=\"138\"> <img decoding=\"async\" class=\"\" data-attachment-id=\"16721\" data-orig-file=\"http:\/\/www.tvturk.com\/wp-content\/uploads\/2019\/02\/su-kanalina-ucan-otomobildeki-4-kisi-olumden-dondu_22f4556.jpg\" data-orig-size=\"1000,562\" data-comments-opened=\"\" data-image-meta=\"{&quot;aperture&quot;:&quot;0&quot;,&quot;credit&quot;:&quot;IHA&quot;,&quot;camera&quot;:&quot;&quot;,&quot;caption&quot;:&quot;KIRIKKALE\\u2019DE BAR\\u0130YERLERE \\u00c7ARPAN OTOMOB\\u0130L SU KANALINA U\\u00c7TU. (HASAN AY\\\/KIRIKKALE-\\u0130HA)&quot;,&quot;created_timestamp&quot;:&quot;0&quot;,&quot;copyright&quot;:&quot;\\u0130HLAS HABER AJANSI, www.iha.com.tr&quot;,&quot;focal_length&quot;:&quot;0&quot;,&quot;iso&quot;:&quot;0&quot;,&quot;shutter_speed&quot;:&quot;0&quot;,&quot;title&quot;:&quot;SU KANALINA U\\u00c7AN OTOMOB\\u0130LDEK\\u0130 4 K\\u0130\\u015e\\u0130 \\u00d6L\\u00dcMDEN D\\u00d6ND\\u00dc S\\u00dcR\\u00dcKLENEN OTOMOB\\u0130LDE SIKI\\u015eAN 4 K\\u0130\\u015e\\u0130 VATANDA\\u015eLAR, SA\\u011eLIK VE \\u0130TFA\\u0130YE EK\\u0130PLER\\u0130NCE KURTARILARAK HASTANEYE KALDIRILDI&quot;,&quot;orientation&quot;:&quot;0&quot;}\" data-image-title=\"Su kanal\u0131na u\u00e7an otomobildeki 4 ki\u015fi \u00f6l\u00fcmden d\u00f6nd\u00fc\" data-image-description=\"&lt;p&gt;Su kanal\u0131na u\u00e7an otomobildeki 4 ki\u015fi \u00f6l\u00fcmden d\u00f6nd\u00fc&lt;\/p&gt; \" data-medium-file=\"https:\/\/i0.wp.com\/www.tvturk.com\/wp-content\/uploads\/2019\/02\/su-kanalina-ucan-otomobildeki-4-kisi-olumden-dondu_22f4556.jpg?fit=300%2C169\" data-large-file=\"https:\/\/i0.wp.com\/www.tvturk.com\/wp-content\/uploads\/2019\/02\/su-kanalina-ucan-otomobildeki-4-kisi-olumden-dondu_22f4556.jpg?fit=1000%2C562\" src=\"https:\/\/i0.wp.com\/www.tvturk.com\/wp-content\/uploads\/2019\/02\/su-kanalina-ucan-otomobildeki-4-kisi-olumden-dondu_22f4556.jpg?w=246&#038;h=138\" srcset=\"https:\/\/i0.wp.com\/www.tvturk.com\/wp-content\/uploads\/2019\/02\/su-kanalina-ucan-otomobildeki-4-kisi-olumden-dondu_22f4556.jpg?w=1000 1000w, https:\/\/i0.wp.com\/www.tvturk.com\/wp-content\/uploads\/2019\/02\/su-kanalina-ucan-otomobildeki-4-kisi-olumden-dondu_22f4556.jpg?resize=150%2C84 150w, https:\/\/i0.wp.com\/www.tvturk.com\/wp-content\/uploads\/2019\/02\/su-kanalina-ucan-otomobildeki-4-kisi-olumden-dondu_22f4556.jpg?resize=300%2C169 300w, https:\/\/i0.wp.com\/www.tvturk.com\/wp-content\/uploads\/2019\/02\/su-kanalina-ucan-otomobildeki-4-kisi-olumden-dondu_22f4556.jpg?resize=768%2C432 768w, https:\/\/i0.wp.com\/www.tvturk.com\/wp-content\/uploads\/2019\/02\/su-kanalina-ucan-otomobildeki-4-kisi-olumden-dondu_22f4556.jpg?resize=200%2C113 200w\" width=\"246\" height=\"138\" loading=\"lazy\" data-original-width=\"246\" data-original-height=\"138\" itemprop=\"http:\/\/schema.org\/image\" title=\"Su kanal\u0131na u\u00e7an otomobildeki 4 ki\u015fi \u00f6l\u00fcmden d\u00f6nd\u00fc\" alt=\"Su kanal\u0131na u\u00e7an otomobildeki 4 ki\u015fi \u00f6l\u00fcmden d\u00f6nd\u00fc\" style=\"width: 246px; height: 138px;\" \/> <\/a> <\/div> <\/div> <!-- close group --> <\/div> <!-- close row --> <div class=\"gallery-row\" style=\"width: 500px; height: 142px;\" data-original-width=\"500\" data-original-height=\"142\" > <div class=\"gallery-group images-1\" style=\"width: 250px; height: 142px;\" data-original-width=\"250\" data-original-height=\"142\" > <div class=\"tiled-gallery-item tiled-gallery-item-small\" itemprop=\"associatedMedia\" itemscope itemtype=\"http:\/\/schema.org\/ImageObject\"> <a href=\"http:\/\/www.tvturk.com\/index.php\/su-kanalina-ucan-otomobildeki-4-kisi-olumden-dondu\/su-kanalina-ucan-otomobildeki-4-kisi-olumden-dondu-5\/\" border=\"0\" itemprop=\"url\"> <meta itemprop=\"width\" content=\"246\"> <meta itemprop=\"height\" content=\"138\"> <img decoding=\"async\" class=\"\" data-attachment-id=\"16722\" data-orig-file=\"http:\/\/www.tvturk.com\/wp-content\/uploads\/2019\/02\/su-kanalina-ucan-otomobildeki-4-kisi-olumden-dondu_46e52c2.jpg\" data-orig-size=\"1000,562\" data-comments-opened=\"\" data-image-meta=\"{&quot;aperture&quot;:&quot;0&quot;,&quot;credit&quot;:&quot;IHA&quot;,&quot;camera&quot;:&quot;&quot;,&quot;caption&quot;:&quot;KIRIKKALE\\u2019DE BAR\\u0130YERLERE \\u00c7ARPAN OTOMOB\\u0130L SU KANALINA U\\u00c7TU. (HASAN AY\\\/KIRIKKALE-\\u0130HA)&quot;,&quot;created_timestamp&quot;:&quot;0&quot;,&quot;copyright&quot;:&quot;\\u0130HLAS HABER AJANSI, www.iha.com.tr&quot;,&quot;focal_length&quot;:&quot;0&quot;,&quot;iso&quot;:&quot;0&quot;,&quot;shutter_speed&quot;:&quot;0&quot;,&quot;title&quot;:&quot;SU KANALINA U\\u00c7AN OTOMOB\\u0130LDEK\\u0130 4 K\\u0130\\u015e\\u0130 \\u00d6L\\u00dcMDEN D\\u00d6ND\\u00dc S\\u00dcR\\u00dcKLENEN OTOMOB\\u0130LDE SIKI\\u015eAN 4 K\\u0130\\u015e\\u0130 VATANDA\\u015eLAR, SA\\u011eLIK VE \\u0130TFA\\u0130YE EK\\u0130PLER\\u0130NCE KURTARILARAK HASTANEYE KALDIRILDI&quot;,&quot;orientation&quot;:&quot;0&quot;}\" data-image-title=\"Su kanal\u0131na u\u00e7an otomobildeki 4 ki\u015fi \u00f6l\u00fcmden d\u00f6nd\u00fc\" data-image-description=\"&lt;p&gt;Su kanal\u0131na u\u00e7an otomobildeki 4 ki\u015fi \u00f6l\u00fcmden d\u00f6nd\u00fc&lt;\/p&gt; \" data-medium-file=\"https:\/\/i0.wp.com\/www.tvturk.com\/wp-content\/uploads\/2019\/02\/su-kanalina-ucan-otomobildeki-4-kisi-olumden-dondu_46e52c2.jpg?fit=300%2C169\" data-large-file=\"https:\/\/i0.wp.com\/www.tvturk.com\/wp-content\/uploads\/2019\/02\/su-kanalina-ucan-otomobildeki-4-kisi-olumden-dondu_46e52c2.jpg?fit=1000%2C562\" src=\"https:\/\/i0.wp.com\/www.tvturk.com\/wp-content\/uploads\/2019\/02\/su-kanalina-ucan-otomobildeki-4-kisi-olumden-dondu_46e52c2.jpg?w=246&#038;h=138\" srcset=\"https:\/\/i0.wp.com\/www.tvturk.com\/wp-content\/uploads\/2019\/02\/su-kanalina-ucan-otomobildeki-4-kisi-olumden-dondu_46e52c2.jpg?w=1000 1000w, https:\/\/i0.wp.com\/www.tvturk.com\/wp-content\/uploads\/2019\/02\/su-kanalina-ucan-otomobildeki-4-kisi-olumden-dondu_46e52c2.jpg?resize=150%2C84 150w, https:\/\/i0.wp.com\/www.tvturk.com\/wp-content\/uploads\/2019\/02\/su-kanalina-ucan-otomobildeki-4-kisi-olumden-dondu_46e52c2.jpg?resize=300%2C169 300w, https:\/\/i0.wp.com\/www.tvturk.com\/wp-content\/uploads\/2019\/02\/su-kanalina-ucan-otomobildeki-4-kisi-olumden-dondu_46e52c2.jpg?resize=768%2C432 768w, https:\/\/i0.wp.com\/www.tvturk.com\/wp-content\/uploads\/2019\/02\/su-kanalina-ucan-otomobildeki-4-kisi-olumden-dondu_46e52c2.jpg?resize=200%2C113 200w\" width=\"246\" height=\"138\" loading=\"lazy\" data-original-width=\"246\" data-original-height=\"138\" itemprop=\"http:\/\/schema.org\/image\" title=\"Su kanal\u0131na u\u00e7an otomobildeki 4 ki\u015fi \u00f6l\u00fcmden d\u00f6nd\u00fc\" alt=\"Su kanal\u0131na u\u00e7an otomobildeki 4 ki\u015fi \u00f6l\u00fcmden d\u00f6nd\u00fc\" style=\"width: 246px; height: 138px;\" \/> <\/a> <\/div> <\/div> <!-- close group --> <div class=\"gallery-group images-1\" style=\"width: 250px; height: 142px;\" data-original-width=\"250\" data-original-height=\"142\" > <div class=\"tiled-gallery-item tiled-gallery-item-small\" itemprop=\"associatedMedia\" itemscope itemtype=\"http:\/\/schema.org\/ImageObject\"> <a href=\"http:\/\/www.tvturk.com\/index.php\/su-kanalina-ucan-otomobildeki-4-kisi-olumden-dondu\/su-kanalina-ucan-otomobildeki-4-kisi-olumden-dondu-6\/\" border=\"0\" itemprop=\"url\"> <meta itemprop=\"width\" content=\"246\"> <meta itemprop=\"height\" content=\"138\"> <img decoding=\"async\" class=\"\" data-attachment-id=\"16723\" data-orig-file=\"http:\/\/www.tvturk.com\/wp-content\/uploads\/2019\/02\/su-kanalina-ucan-otomobildeki-4-kisi-olumden-dondu_b89d3d5.jpg\" data-orig-size=\"1000,562\" data-comments-opened=\"\" data-image-meta=\"{&quot;aperture&quot;:&quot;0&quot;,&quot;credit&quot;:&quot;IHA&quot;,&quot;camera&quot;:&quot;&quot;,&quot;caption&quot;:&quot;KIRIKKALE\\u2019DE BAR\\u0130YERLERE \\u00c7ARPAN OTOMOB\\u0130L SU KANALINA U\\u00c7TU. (HASAN AY\\\/KIRIKKALE-\\u0130HA)&quot;,&quot;created_timestamp&quot;:&quot;0&quot;,&quot;copyright&quot;:&quot;\\u0130HLAS HABER AJANSI, www.iha.com.tr&quot;,&quot;focal_length&quot;:&quot;0&quot;,&quot;iso&quot;:&quot;0&quot;,&quot;shutter_speed&quot;:&quot;0&quot;,&quot;title&quot;:&quot;SU KANALINA U\\u00c7AN OTOMOB\\u0130LDEK\\u0130 4 K\\u0130\\u015e\\u0130 \\u00d6L\\u00dcMDEN D\\u00d6ND\\u00dc S\\u00dcR\\u00dcKLENEN OTOMOB\\u0130LDE SIKI\\u015eAN 4 K\\u0130\\u015e\\u0130 VATANDA\\u015eLAR, SA\\u011eLIK VE \\u0130TFA\\u0130YE EK\\u0130PLER\\u0130NCE KURTARILARAK HASTANEYE KALDIRILDI&quot;,&quot;orientation&quot;:&quot;0&quot;}\" data-image-title=\"Su kanal\u0131na u\u00e7an otomobildeki 4 ki\u015fi \u00f6l\u00fcmden d\u00f6nd\u00fc\" data-image-description=\"&lt;p&gt;Su kanal\u0131na u\u00e7an otomobildeki 4 ki\u015fi \u00f6l\u00fcmden d\u00f6nd\u00fc&lt;\/p&gt; \" data-medium-file=\"https:\/\/i0.wp.com\/www.tvturk.com\/wp-content\/uploads\/2019\/02\/su-kanalina-ucan-otomobildeki-4-kisi-olumden-dondu_b89d3d5.jpg?fit=300%2C169\" data-large-file=\"https:\/\/i0.wp.com\/www.tvturk.com\/wp-content\/uploads\/2019\/02\/su-kanalina-ucan-otomobildeki-4-kisi-olumden-dondu_b89d3d5.jpg?fit=1000%2C562\" src=\"https:\/\/i0.wp.com\/www.tvturk.com\/wp-content\/uploads\/2019\/02\/su-kanalina-ucan-otomobildeki-4-kisi-olumden-dondu_b89d3d5.jpg?w=246&#038;h=138\" srcset=\"https:\/\/i0.wp.com\/www.tvturk.com\/wp-content\/uploads\/2019\/02\/su-kanalina-ucan-otomobildeki-4-kisi-olumden-dondu_b89d3d5.jpg?w=1000 1000w, https:\/\/i0.wp.com\/www.tvturk.com\/wp-content\/uploads\/2019\/02\/su-kanalina-ucan-otomobildeki-4-kisi-olumden-dondu_b89d3d5.jpg?resize=150%2C84 150w, https:\/\/i0.wp.com\/www.tvturk.com\/wp-content\/uploads\/2019\/02\/su-kanalina-ucan-otomobildeki-4-kisi-olumden-dondu_b89d3d5.jpg?resize=300%2C169 300w, https:\/\/i0.wp.com\/www.tvturk.com\/wp-content\/uploads\/2019\/02\/su-kanalina-ucan-otomobildeki-4-kisi-olumden-dondu_b89d3d5.jpg?resize=768%2C432 768w, https:\/\/i0.wp.com\/www.tvturk.com\/wp-content\/uploads\/2019\/02\/su-kanalina-ucan-otomobildeki-4-kisi-olumden-dondu_b89d3d5.jpg?resize=200%2C113 200w\" width=\"246\" height=\"138\" loading=\"lazy\" data-original-width=\"246\" data-original-height=\"138\" itemprop=\"http:\/\/schema.org\/image\" title=\"Su kanal\u0131na u\u00e7an otomobildeki 4 ki\u015fi \u00f6l\u00fcmden d\u00f6nd\u00fc\" alt=\"Su kanal\u0131na u\u00e7an otomobildeki 4 ki\u015fi \u00f6l\u00fcmden d\u00f6nd\u00fc\" style=\"width: 246px; height: 138px;\" \/> <\/a> <\/div> <\/div> <!-- close group --> <\/div> <!-- close row --> <div class=\"gallery-row\" style=\"width: 500px; height: 142px;\" data-original-width=\"500\" data-original-height=\"142\" > <div class=\"gallery-group images-1\" style=\"width: 250px; height: 142px;\" data-original-width=\"250\" data-original-height=\"142\" > <div class=\"tiled-gallery-item tiled-gallery-item-small\" itemprop=\"associatedMedia\" itemscope itemtype=\"http:\/\/schema.org\/ImageObject\"> <a href=\"http:\/\/www.tvturk.com\/index.php\/su-kanalina-ucan-otomobildeki-4-kisi-olumden-dondu\/su-kanalina-ucan-otomobildeki-4-kisi-olumden-dondu-7\/\" border=\"0\" itemprop=\"url\"> <meta itemprop=\"width\" content=\"246\"> <meta itemprop=\"height\" content=\"138\"> <img decoding=\"async\" class=\"\" data-attachment-id=\"16724\" data-orig-file=\"http:\/\/www.tvturk.com\/wp-content\/uploads\/2019\/02\/su-kanalina-ucan-otomobildeki-4-kisi-olumden-dondu_38f8dc0.jpg\" data-orig-size=\"1000,562\" data-comments-opened=\"\" data-image-meta=\"{&quot;aperture&quot;:&quot;0&quot;,&quot;credit&quot;:&quot;IHA&quot;,&quot;camera&quot;:&quot;&quot;,&quot;caption&quot;:&quot;KIRIKKALE\\u2019DE BAR\\u0130YERLERE \\u00c7ARPAN OTOMOB\\u0130L SU KANALINA U\\u00c7TU. (HASAN AY\\\/KIRIKKALE-\\u0130HA)&quot;,&quot;created_timestamp&quot;:&quot;0&quot;,&quot;copyright&quot;:&quot;\\u0130HLAS HABER AJANSI, www.iha.com.tr&quot;,&quot;focal_length&quot;:&quot;0&quot;,&quot;iso&quot;:&quot;0&quot;,&quot;shutter_speed&quot;:&quot;0&quot;,&quot;title&quot;:&quot;SU KANALINA U\\u00c7AN OTOMOB\\u0130LDEK\\u0130 4 K\\u0130\\u015e\\u0130 \\u00d6L\\u00dcMDEN D\\u00d6ND\\u00dc S\\u00dcR\\u00dcKLENEN OTOMOB\\u0130LDE SIKI\\u015eAN 4 K\\u0130\\u015e\\u0130 VATANDA\\u015eLAR, SA\\u011eLIK VE \\u0130TFA\\u0130YE EK\\u0130PLER\\u0130NCE KURTARILARAK HASTANEYE KALDIRILDI&quot;,&quot;orientation&quot;:&quot;0&quot;}\" data-image-title=\"Su kanal\u0131na u\u00e7an otomobildeki 4 ki\u015fi \u00f6l\u00fcmden d\u00f6nd\u00fc\" data-image-description=\"&lt;p&gt;Su kanal\u0131na u\u00e7an otomobildeki 4 ki\u015fi \u00f6l\u00fcmden d\u00f6nd\u00fc&lt;\/p&gt; \" data-medium-file=\"https:\/\/i0.wp.com\/www.tvturk.com\/wp-content\/uploads\/2019\/02\/su-kanalina-ucan-otomobildeki-4-kisi-olumden-dondu_38f8dc0.jpg?fit=300%2C169\" data-large-file=\"https:\/\/i0.wp.com\/www.tvturk.com\/wp-content\/uploads\/2019\/02\/su-kanalina-ucan-otomobildeki-4-kisi-olumden-dondu_38f8dc0.jpg?fit=1000%2C562\" src=\"https:\/\/i0.wp.com\/www.tvturk.com\/wp-content\/uploads\/2019\/02\/su-kanalina-ucan-otomobildeki-4-kisi-olumden-dondu_38f8dc0.jpg?w=246&#038;h=138\" srcset=\"https:\/\/i0.wp.com\/www.tvturk.com\/wp-content\/uploads\/2019\/02\/su-kanalina-ucan-otomobildeki-4-kisi-olumden-dondu_38f8dc0.jpg?w=1000 1000w, https:\/\/i0.wp.com\/www.tvturk.com\/wp-content\/uploads\/2019\/02\/su-kanalina-ucan-otomobildeki-4-kisi-olumden-dondu_38f8dc0.jpg?resize=150%2C84 150w, https:\/\/i0.wp.com\/www.tvturk.com\/wp-content\/uploads\/2019\/02\/su-kanalina-ucan-otomobildeki-4-kisi-olumden-dondu_38f8dc0.jpg?resize=300%2C169 300w, https:\/\/i0.wp.com\/www.tvturk.com\/wp-content\/uploads\/2019\/02\/su-kanalina-ucan-otomobildeki-4-kisi-olumden-dondu_38f8dc0.jpg?resize=768%2C432 768w, https:\/\/i0.wp.com\/www.tvturk.com\/wp-content\/uploads\/2019\/02\/su-kanalina-ucan-otomobildeki-4-kisi-olumden-dondu_38f8dc0.jpg?resize=200%2C113 200w\" width=\"246\" height=\"138\" loading=\"lazy\" data-original-width=\"246\" data-original-height=\"138\" itemprop=\"http:\/\/schema.org\/image\" title=\"Su kanal\u0131na u\u00e7an otomobildeki 4 ki\u015fi \u00f6l\u00fcmden d\u00f6nd\u00fc\" alt=\"Su kanal\u0131na u\u00e7an otomobildeki 4 ki\u015fi \u00f6l\u00fcmden d\u00f6nd\u00fc\" style=\"width: 246px; height: 138px;\" \/> <\/a> <\/div> <\/div> <!-- close group --> <div class=\"gallery-group images-1\" style=\"width: 250px; height: 142px;\" data-original-width=\"250\" data-original-height=\"142\" > <div class=\"tiled-gallery-item tiled-gallery-item-small\" itemprop=\"associatedMedia\" itemscope itemtype=\"http:\/\/schema.org\/ImageObject\"> <a href=\"http:\/\/www.tvturk.com\/index.php\/su-kanalina-ucan-otomobildeki-4-kisi-olumden-dondu\/su-kanalina-ucan-otomobildeki-4-kisi-olumden-dondu-8\/\" border=\"0\" itemprop=\"url\"> <meta itemprop=\"width\" content=\"246\"> <meta itemprop=\"height\" content=\"138\"> <img decoding=\"async\" class=\"\" data-attachment-id=\"16725\" data-orig-file=\"http:\/\/www.tvturk.com\/wp-content\/uploads\/2019\/02\/su-kanalina-ucan-otomobildeki-4-kisi-olumden-dondu_4d67858.jpg\" data-orig-size=\"1000,562\" data-comments-opened=\"\" data-image-meta=\"{&quot;aperture&quot;:&quot;0&quot;,&quot;credit&quot;:&quot;IHA&quot;,&quot;camera&quot;:&quot;&quot;,&quot;caption&quot;:&quot;KIRIKKALE\\u2019DE BAR\\u0130YERLERE \\u00c7ARPAN OTOMOB\\u0130L SU KANALINA U\\u00c7TU. (HASAN AY\\\/KIRIKKALE-\\u0130HA)&quot;,&quot;created_timestamp&quot;:&quot;0&quot;,&quot;copyright&quot;:&quot;\\u0130HLAS HABER AJANSI, www.iha.com.tr&quot;,&quot;focal_length&quot;:&quot;0&quot;,&quot;iso&quot;:&quot;0&quot;,&quot;shutter_speed&quot;:&quot;0&quot;,&quot;title&quot;:&quot;SU KANALINA U\\u00c7AN OTOMOB\\u0130LDEK\\u0130 4 K\\u0130\\u015e\\u0130 \\u00d6L\\u00dcMDEN D\\u00d6ND\\u00dc S\\u00dcR\\u00dcKLENEN OTOMOB\\u0130LDE SIKI\\u015eAN 4 K\\u0130\\u015e\\u0130 VATANDA\\u015eLAR, SA\\u011eLIK VE \\u0130TFA\\u0130YE EK\\u0130PLER\\u0130NCE KURTARILARAK HASTANEYE KALDIRILDI&quot;,&quot;orientation&quot;:&quot;0&quot;}\" data-image-title=\"Su kanal\u0131na u\u00e7an otomobildeki 4 ki\u015fi \u00f6l\u00fcmden d\u00f6nd\u00fc\" data-image-description=\"&lt;p&gt;Su kanal\u0131na u\u00e7an otomobildeki 4 ki\u015fi \u00f6l\u00fcmden d\u00f6nd\u00fc&lt;\/p&gt; \" data-medium-file=\"https:\/\/i0.wp.com\/www.tvturk.com\/wp-content\/uploads\/2019\/02\/su-kanalina-ucan-otomobildeki-4-kisi-olumden-dondu_4d67858.jpg?fit=300%2C169\" data-large-file=\"https:\/\/i0.wp.com\/www.tvturk.com\/wp-content\/uploads\/2019\/02\/su-kanalina-ucan-otomobildeki-4-kisi-olumden-dondu_4d67858.jpg?fit=1000%2C562\" src=\"https:\/\/i0.wp.com\/www.tvturk.com\/wp-content\/uploads\/2019\/02\/su-kanalina-ucan-otomobildeki-4-kisi-olumden-dondu_4d67858.jpg?w=246&#038;h=138\" srcset=\"https:\/\/i0.wp.com\/www.tvturk.com\/wp-content\/uploads\/2019\/02\/su-kanalina-ucan-otomobildeki-4-kisi-olumden-dondu_4d67858.jpg?w=1000 1000w, https:\/\/i0.wp.com\/www.tvturk.com\/wp-content\/uploads\/2019\/02\/su-kanalina-ucan-otomobildeki-4-kisi-olumden-dondu_4d67858.jpg?resize=150%2C84 150w, https:\/\/i0.wp.com\/www.tvturk.com\/wp-content\/uploads\/2019\/02\/su-kanalina-ucan-otomobildeki-4-kisi-olumden-dondu_4d67858.jpg?resize=300%2C169 300w, https:\/\/i0.wp.com\/www.tvturk.com\/wp-content\/uploads\/2019\/02\/su-kanalina-ucan-otomobildeki-4-kisi-olumden-dondu_4d67858.jpg?resize=768%2C432 768w, https:\/\/i0.wp.com\/www.tvturk.com\/wp-content\/uploads\/2019\/02\/su-kanalina-ucan-otomobildeki-4-kisi-olumden-dondu_4d67858.jpg?resize=200%2C113 200w\" width=\"246\" height=\"138\" loading=\"lazy\" data-original-width=\"246\" data-original-height=\"138\" itemprop=\"http:\/\/schema.org\/image\" title=\"Su kanal\u0131na u\u00e7an otomobildeki 4 ki\u015fi \u00f6l\u00fcmden d\u00f6nd\u00fc\" alt=\"Su kanal\u0131na u\u00e7an otomobildeki 4 ki\u015fi \u00f6l\u00fcmden d\u00f6nd\u00fc\" style=\"width: 246px; height: 138px;\" \/> <\/a> <\/div> <\/div> <!-- close group --> <\/div> <!-- close row --> <div class=\"gallery-row\" style=\"width: 500px; height: 283px;\" data-original-width=\"500\" data-original-height=\"283\" > <div class=\"gallery-group images-1\" style=\"width: 500px; height: 283px;\" data-original-width=\"500\" data-original-height=\"283\" > <div class=\"tiled-gallery-item tiled-gallery-item-large\" itemprop=\"associatedMedia\" itemscope itemtype=\"http:\/\/schema.org\/ImageObject\"> <a href=\"http:\/\/www.tvturk.com\/index.php\/su-kanalina-ucan-otomobildeki-4-kisi-olumden-dondu\/su-kanalina-ucan-otomobildeki-4-kisi-olumden-dondu-9\/\" border=\"0\" itemprop=\"url\"> <meta itemprop=\"width\" content=\"496\"> <meta itemprop=\"height\" content=\"279\"> <img decoding=\"async\" class=\"\" data-attachment-id=\"16726\" data-orig-file=\"http:\/\/www.tvturk.com\/wp-content\/uploads\/2019\/02\/su-kanalina-ucan-otomobildeki-4-kisi-olumden-dondu_d7e04a4.jpg\" data-orig-size=\"1000,562\" data-comments-opened=\"\" data-image-meta=\"{&quot;aperture&quot;:&quot;0&quot;,&quot;credit&quot;:&quot;IHA&quot;,&quot;camera&quot;:&quot;&quot;,&quot;caption&quot;:&quot;KIRIKKALE\\u2019DE BAR\\u0130YERLERE \\u00c7ARPAN OTOMOB\\u0130L SU KANALINA U\\u00c7TU. S\\u00dcR\\u00dcKLENEN OTOMOB\\u0130LDE SIKI\\u015eAN 4 K\\u0130\\u015e\\u0130 VATANDA\\u015eLARIN DA YARDIMIYLA SA\\u011eLIK VE \\u0130TFA\\u0130YE EK\\u0130PLER\\u0130NCE KURTARILDI. (HASAN AY\\\/KIRIKKALE-\\u0130HA)&quot;,&quot;created_timestamp&quot;:&quot;0&quot;,&quot;copyright&quot;:&quot;\\u0130HLAS HABER AJANSI, www.iha.com.tr&quot;,&quot;focal_length&quot;:&quot;0&quot;,&quot;iso&quot;:&quot;0&quot;,&quot;shutter_speed&quot;:&quot;0&quot;,&quot;title&quot;:&quot;SU KANALINA U\\u00c7AN OTOMOB\\u0130LDEK\\u0130 4 K\\u0130\\u015e\\u0130 \\u00d6L\\u00dcMDEN D\\u00d6ND\\u00dc S\\u00dcR\\u00dcKLENEN OTOMOB\\u0130LDE SIKI\\u015eAN 4 K\\u0130\\u015e\\u0130 VATANDA\\u015eLAR, SA\\u011eLIK VE \\u0130TFA\\u0130YE EK\\u0130PLER\\u0130NCE KURTARILARAK HASTANEYE KALDIRILDI&quot;,&quot;orientation&quot;:&quot;0&quot;}\" data-image-title=\"Su kanal\u0131na u\u00e7an otomobildeki 4 ki\u015fi \u00f6l\u00fcmden d\u00f6nd\u00fc\" data-image-description=\"&lt;p&gt;Su kanal\u0131na u\u00e7an otomobildeki 4 ki\u015fi \u00f6l\u00fcmden d\u00f6nd\u00fc&lt;\/p&gt; \" data-medium-file=\"https:\/\/i0.wp.com\/www.tvturk.com\/wp-content\/uploads\/2019\/02\/su-kanalina-ucan-otomobildeki-4-kisi-olumden-dondu_d7e04a4.jpg?fit=300%2C169\" data-large-file=\"https:\/\/i0.wp.com\/www.tvturk.com\/wp-content\/uploads\/2019\/02\/su-kanalina-ucan-otomobildeki-4-kisi-olumden-dondu_d7e04a4.jpg?fit=1000%2C562\" src=\"https:\/\/i0.wp.com\/www.tvturk.com\/wp-content\/uploads\/2019\/02\/su-kanalina-ucan-otomobildeki-4-kisi-olumden-dondu_d7e04a4.jpg?w=496&#038;h=279\" srcset=\"https:\/\/i0.wp.com\/www.tvturk.com\/wp-content\/uploads\/2019\/02\/su-kanalina-ucan-otomobildeki-4-kisi-olumden-dondu_d7e04a4.jpg?w=1000 1000w, https:\/\/i0.wp.com\/www.tvturk.com\/wp-content\/uploads\/2019\/02\/su-kanalina-ucan-otomobildeki-4-kisi-olumden-dondu_d7e04a4.jpg?resize=150%2C84 150w, https:\/\/i0.wp.com\/www.tvturk.com\/wp-content\/uploads\/2019\/02\/su-kanalina-ucan-otomobildeki-4-kisi-olumden-dondu_d7e04a4.jpg?resize=300%2C169 300w, https:\/\/i0.wp.com\/www.tvturk.com\/wp-content\/uploads\/2019\/02\/su-kanalina-ucan-otomobildeki-4-kisi-olumden-dondu_d7e04a4.jpg?resize=768%2C432 768w, https:\/\/i0.wp.com\/www.tvturk.com\/wp-content\/uploads\/2019\/02\/su-kanalina-ucan-otomobildeki-4-kisi-olumden-dondu_d7e04a4.jpg?resize=200%2C113 200w\" width=\"496\" height=\"279\" loading=\"lazy\" data-original-width=\"496\" data-original-height=\"279\" itemprop=\"http:\/\/schema.org\/image\" title=\"Su kanal\u0131na u\u00e7an otomobildeki 4 ki\u015fi \u00f6l\u00fcmden d\u00f6nd\u00fc\" alt=\"Su kanal\u0131na u\u00e7an otomobildeki 4 ki\u015fi \u00f6l\u00fcmden d\u00f6nd\u00fc\" style=\"width: 496px; height: 279px;\" \/> <\/a> <\/div> <\/div> <!-- close group --> <\/div> <!-- close row --> <\/div><\/p>\n","protected":false},"excerpt":{"rendered":"<p>KIRIKKALE\u2019DE BAR\u0130YERLERE \u00c7ARPAN OTOMOB\u0130L SU KANALINA U\u00c7TU.<\/p>\n","protected":false},"author":1,"featured_media":16719,"comment_status":"closed","ping_status":"open","sticky":false,"template":"","format":"standard","meta":{"jetpack_post_was_ever_published":false,"_jetpack_newsletter_access":"","_jetpack_dont_email_post_to_subs":false,"_jetpack_newsletter_tier_id":0,"_jetpack_memberships_contains_paywalled_content":false,"_jetpack_memberships_contains_paid_content":false,"footnotes":"","jetpack_publicize_message":"","jetpack_publicize_feature_enabled":true,"jetpack_social_post_already_shared":false,"jetpack_social_options":{"image_generator_settings":{"template":"highway","default_image_id":0,"font":"","enabled":false},"version":2}},"categories":[655],"tags":[990,7907,1012,7569,7908,1832],"class_list":["post-16718","post","type-post","status-publish","format-standard","has-post-thumbnail","hentry","category-son-dakika","tag-dondu","tag-kanalina","tag-kisi","tag-olumden","tag-otomobildeki","tag-ucan"],"jetpack_publicize_connections":[],"jetpack_featured_media_url":"https:\/\/i0.wp.com\/www.tvturk.com\/wp-content\/uploads\/2019\/02\/su-kanalina-ucan-otomobildeki-4-kisi-olumden-dondu_6fbc83c.jpg?fit=1000%2C562","jetpack_sharing_enabled":true,"jetpack_shortlink":"https:\/\/wp.me\/paKIfm-4lE","_links":{"self":[{"href":"http:\/\/www.tvturk.com\/index.php\/wp-json\/wp\/v2\/posts\/16718","targetHints":{"allow":["GET"]}}],"collection":[{"href":"http:\/\/www.tvturk.com\/index.php\/wp-json\/wp\/v2\/posts"}],"about":[{"href":"http:\/\/www.tvturk.com\/index.php\/wp-json\/wp\/v2\/types\/post"}],"author":[{"embeddable":true,"href":"http:\/\/www.tvturk.com\/index.php\/wp-json\/wp\/v2\/users\/1"}],"replies":[{"embeddable":true,"href":"http:\/\/www.tvturk.com\/index.php\/wp-json\/wp\/v2\/comments?post=16718"}],"version-history":[{"count":1,"href":"http:\/\/www.tvturk.com\/index.php\/wp-json\/wp\/v2\/posts\/16718\/revisions"}],"predecessor-version":[{"id":16727,"href":"http:\/\/www.tvturk.com\/index.php\/wp-json\/wp\/v2\/posts\/16718\/revisions\/16727"}],"wp:featuredmedia":[{"embeddable":true,"href":"http:\/\/www.tvturk.com\/index.php\/wp-json\/wp\/v2\/media\/16719"}],"wp:attachment":[{"href":"http:\/\/www.tvturk.com\/index.php\/wp-json\/wp\/v2\/media?parent=16718"}],"wp:term":[{"taxonomy":"category","embeddable":true,"href":"http:\/\/www.tvturk.com\/index.php\/wp-json\/wp\/v2\/categories?post=16718"},{"taxonomy":"post_tag","embeddable":true,"href":"http:\/\/www.tvturk.com\/index.php\/wp-json\/wp\/v2\/tags?post=16718"}],"curies":[{"name":"wp","href":"https:\/\/api.w.org\/{rel}","templated":true}]}}