{"id":167194,"date":"2019-06-09T16:02:11","date_gmt":"2019-06-09T13:02:11","guid":{"rendered":"http:\/\/www.tvturk.com\/index.php\/yarali-karaca-tedavi-altina-alindi\/"},"modified":"2019-06-09T16:02:11","modified_gmt":"2019-06-09T13:02:11","slug":"yarali-karaca-tedavi-altina-alindi","status":"publish","type":"post","link":"http:\/\/www.tvturk.com\/index.php\/yarali-karaca-tedavi-altina-alindi\/","title":{"rendered":"Yaral\u0131 karaca tedavi alt\u0131na al\u0131nd\u0131"},"content":{"rendered":"<p>Bart\u0131n\u2019da ke\u00e7ilerini otlat\u0131rken s\u00fcr\u00fcye kar\u0131\u015fan yaral\u0131 karacay\u0131 fark eden vatanda\u015f, yaral\u0131 hayvan\u0131 Do\u011fa Korum ve Milli Parklar \u0130l \u015eube M\u00fcd\u00fcrl\u00fc\u011f\u00fcne teslim etti. Tedavi alt\u0131na al\u0131nan karaca tedavisinin ard\u0131ndan do\u011faya sal\u0131nacak.<\/p>\n<p>Bart\u0131n\u2019\u0131n Ulus il\u00e7esine ba\u011fl\u0131 Drahna \u00c7ubukeli k\u00f6y\u00fcnde ya\u015fayan Mine \u00d6zt\u00fcrk, ke\u00e7ilerini otlat\u0131rken s\u00fcr\u00fcye kar\u0131\u015fan yaral\u0131 bir karaca oldu\u011funu fark etti. Bart\u0131n Do\u011fa Koruma ve Milli Parklar \u0130l \u015eube M\u00fcd\u00fcrl\u00fc\u011f\u00fcne durumu haber veren \u00d6zt\u00fcrk, yaral\u0131 karacay\u0131 yetkililere teslim etti. Karacay\u0131 teslim alan ekipler, veteriner hekime g\u00f6t\u00fcrd\u00fc. Burada tedavi alt\u0131na al\u0131nan karacan\u0131n tedavisinin ard\u0131ndan iyile\u015fti\u011fi taktirde yeniden do\u011faya sal\u0131naca\u011f\u0131 \u00f6\u011frenildi.<\/p>\n","protected":false},"excerpt":{"rendered":"<p>BARTIN&#8217;DA KE\u00c7\u0130LER\u0130N\u0130 OTLATIRKEN S\u00dcR\u00dcYE KARI\u015eAN YARALI KARACAYI FARK EDEN VATANDA\u015e, YARALI HAYVANI DO\u011eA KORUM VE M\u0130LL\u0130 PARKLAR \u0130L \u015eUBE M\u00dcD\u00dcRL\u00dc\u011e\u00dc&#8217;NE TESL\u0130M ETT\u0130. TEDAV\u0130 ALTINA ALINAN KARACA TEDAV\u0130S\u0130N\u0130N ARDINDAN DO\u011eAYA SALINACAK.<\/p>\n","protected":false},"author":1,"featured_media":167195,"comment_status":"closed","ping_status":"open","sticky":false,"template":"","format":"standard","meta":{"jetpack_post_was_ever_published":false,"_jetpack_newsletter_access":"","_jetpack_dont_email_post_to_subs":false,"_jetpack_newsletter_tier_id":0,"_jetpack_memberships_contains_paywalled_content":false,"_jetpack_memberships_contains_paid_content":false,"footnotes":"","jetpack_publicize_message":"","jetpack_publicize_feature_enabled":true,"jetpack_social_post_already_shared":true,"jetpack_social_options":{"image_generator_settings":{"template":"highway","default_image_id":0,"font":"","enabled":false},"version":2}},"categories":[1],"tags":[1014,1186,238,144,774],"class_list":["post-167194","post","type-post","status-publish","format-standard","has-post-thumbnail","hentry","category-genel","tag-alindi","tag-altina","tag-karaca","tag-tedavi","tag-yarali"],"jetpack_publicize_connections":[],"jetpack_featured_media_url":"https:\/\/i0.wp.com\/www.tvturk.com\/wp-content\/uploads\/2019\/06\/yarali-karaca-tedavi-altina-alindi_cbbf4cc.jpg?fit=1000%2C750","jetpack_sharing_enabled":true,"jetpack_shortlink":"https:\/\/wp.me\/paKIfm-HuG","_links":{"self":[{"href":"http:\/\/www.tvturk.com\/index.php\/wp-json\/wp\/v2\/posts\/167194","targetHints":{"allow":["GET"]}}],"collection":[{"href":"http:\/\/www.tvturk.com\/index.php\/wp-json\/wp\/v2\/posts"}],"about":[{"href":"http:\/\/www.tvturk.com\/index.php\/wp-json\/wp\/v2\/types\/post"}],"author":[{"embeddable":true,"href":"http:\/\/www.tvturk.com\/index.php\/wp-json\/wp\/v2\/users\/1"}],"replies":[{"embeddable":true,"href":"http:\/\/www.tvturk.com\/index.php\/wp-json\/wp\/v2\/comments?post=167194"}],"version-history":[{"count":0,"href":"http:\/\/www.tvturk.com\/index.php\/wp-json\/wp\/v2\/posts\/167194\/revisions"}],"wp:featuredmedia":[{"embeddable":true,"href":"http:\/\/www.tvturk.com\/index.php\/wp-json\/wp\/v2\/media\/167195"}],"wp:attachment":[{"href":"http:\/\/www.tvturk.com\/index.php\/wp-json\/wp\/v2\/media?parent=167194"}],"wp:term":[{"taxonomy":"category","embeddable":true,"href":"http:\/\/www.tvturk.com\/index.php\/wp-json\/wp\/v2\/categories?post=167194"},{"taxonomy":"post_tag","embeddable":true,"href":"http:\/\/www.tvturk.com\/index.php\/wp-json\/wp\/v2\/tags?post=167194"}],"curies":[{"name":"wp","href":"https:\/\/api.w.org\/{rel}","templated":true}]}}