{"id":167198,"date":"2019-06-09T16:15:18","date_gmt":"2019-06-09T13:15:18","guid":{"rendered":"http:\/\/www.tvturk.com\/index.php\/cilek-festivali-buyuk-ilgi-gordu\/"},"modified":"2019-06-09T16:15:18","modified_gmt":"2019-06-09T13:15:18","slug":"cilek-festivali-buyuk-ilgi-gordu","status":"publish","type":"post","link":"http:\/\/www.tvturk.com\/index.php\/cilek-festivali-buyuk-ilgi-gordu\/","title":{"rendered":"\u00c7ilek festivali b\u00fcy\u00fck ilgi g\u00f6rd\u00fc"},"content":{"rendered":"<p>Bursa\u2019n\u0131n Orhangazi il\u00e7esinde 7\u2019ncisi d\u00fczenlenen Mahmudiye \u00c7ilek Festivali binlerce insan\u0131n kat\u0131l\u0131m\u0131 ile yap\u0131ld\u0131. Mahmudiye piknik alan\u0131n\u0131 dolduran vatanda\u015flar hem festivalin keyfini \u00e7\u0131kard\u0131 hem de piknik yapt\u0131.<\/p>\n<p>Mahmudiye \u00c7ilek Festivali\u2019nin 7\u2019ncisi yap\u0131ld\u0131. Son y\u0131llarda kaliteli \u00e7ilek \u00fcretimi ile \u00f6ne \u00e7\u0131kan Orhangazi\u2019nin Mahmudiye Mahallesi\u2019nde piknik alan\u0131nda ger\u00e7ekle\u015ftirilen \u00e7ilek festivaline AK Parti Bursa milletvekilleri Zafer I\u015f\u0131k, Atilla \u00d6d\u00fcn\u00e7, Bursa Vali Yard\u0131mc\u0131s\u0131 Erg\u00fcn G\u00fcng\u00f6r, Kaymakam Dr. Yal\u00e7\u0131n Y\u0131lmaz, Belediye Ba\u015fkan\u0131 Bekir Ayd\u0131n, B\u00fcy\u00fck\u015fehir Belediye Ba\u015fkan Yard\u0131mc\u0131s\u0131 S\u00fcleyman \u00c7elik, STK temsilcileri, siyasiler, b\u00fcrokratlar ve \u00e7ok say\u0131da davetli kat\u0131ld\u0131. Bu y\u0131lki festivalin s\u00fcrpriz konu\u011fu ise Bursaspor\u2019da teknik direkt\u00f6rl\u00fck yaparken \u015fampiyonluk ya\u015fayan efsane isim Ertu\u011frul Sa\u011flam oldu.<\/p>\n<p>Mahmudiye piknik alan\u0131nda renkli g\u00f6r\u00fcnt\u00fclerle birlikte yap\u0131lan \u00e7ilek festivalinde 23 \u00fcretici en iyi \u00e7ilek yar\u0131\u015fmas\u0131na da kat\u0131ld\u0131. Festival etkinlikleri devam ederken, \u00e7ilek yar\u0131\u015fmas\u0131na kat\u0131lan \u00fcreticilerin \u00fcrettikleri \u00e7ilekler j\u00fcri \u00fcyeleri taraf\u0131ndan de\u011ferlendirildi. Festivalin son b\u00f6l\u00fcm\u00fcnde ise \u00e7ocuklar i\u00e7in \u00e7e\u015fitli yar\u0131\u015fmalar ve etkinliklerin yan\u0131 s\u0131ra B\u00fcy\u00fck\u015fehir Belediyesi m\u00fczik grubu da bir konser verdi.<\/p>\n","protected":false},"excerpt":{"rendered":"<p>BU YIL 7.S\u0130 D\u00dcZENLENEN ORHANGAZ\u0130 MAHMUD\u0130YE \u00c7\u0130LEK FEST\u0130VAL\u0130 MAHMUD\u0130YE P\u0130KN\u0130K ALANI\u2019NDA B\u0130NLERCE \u0130NSANIN KATILIMI \u0130LE YAPILDI. MAHMUD\u0130YE P\u0130KN\u0130K ALANINI DOLDURAN VATANDA\u015eLAR HEM FEST\u0130VAL\u0130N KEYF\u0130N\u0130 \u00c7IKARDI HEM DE P\u0130KN\u0130K YAPTI.<\/p>\n","protected":false},"author":1,"featured_media":167199,"comment_status":"closed","ping_status":"open","sticky":false,"template":"","format":"standard","meta":{"jetpack_post_was_ever_published":false,"_jetpack_newsletter_access":"","_jetpack_dont_email_post_to_subs":false,"_jetpack_newsletter_tier_id":0,"_jetpack_memberships_contains_paywalled_content":false,"_jetpack_memberships_contains_paid_content":false,"footnotes":"","jetpack_publicize_message":"","jetpack_publicize_feature_enabled":true,"jetpack_social_post_already_shared":true,"jetpack_social_options":{"image_generator_settings":{"template":"highway","default_image_id":0,"font":"","enabled":false},"version":2}},"categories":[1],"tags":[545,27511,3400,244,1726],"class_list":["post-167198","post","type-post","status-publish","format-standard","has-post-thumbnail","hentry","category-genel","tag-buyuk","tag-cilek","tag-festivali","tag-gordu","tag-ilgi"],"jetpack_publicize_connections":[],"jetpack_featured_media_url":"https:\/\/i0.wp.com\/www.tvturk.com\/wp-content\/uploads\/2019\/06\/cilek-festivali-buyuk-ilgi-gordu_b962ac5.jpg?fit=1000%2C666","jetpack_sharing_enabled":true,"jetpack_shortlink":"https:\/\/wp.me\/paKIfm-HuK","_links":{"self":[{"href":"http:\/\/www.tvturk.com\/index.php\/wp-json\/wp\/v2\/posts\/167198","targetHints":{"allow":["GET"]}}],"collection":[{"href":"http:\/\/www.tvturk.com\/index.php\/wp-json\/wp\/v2\/posts"}],"about":[{"href":"http:\/\/www.tvturk.com\/index.php\/wp-json\/wp\/v2\/types\/post"}],"author":[{"embeddable":true,"href":"http:\/\/www.tvturk.com\/index.php\/wp-json\/wp\/v2\/users\/1"}],"replies":[{"embeddable":true,"href":"http:\/\/www.tvturk.com\/index.php\/wp-json\/wp\/v2\/comments?post=167198"}],"version-history":[{"count":0,"href":"http:\/\/www.tvturk.com\/index.php\/wp-json\/wp\/v2\/posts\/167198\/revisions"}],"wp:featuredmedia":[{"embeddable":true,"href":"http:\/\/www.tvturk.com\/index.php\/wp-json\/wp\/v2\/media\/167199"}],"wp:attachment":[{"href":"http:\/\/www.tvturk.com\/index.php\/wp-json\/wp\/v2\/media?parent=167198"}],"wp:term":[{"taxonomy":"category","embeddable":true,"href":"http:\/\/www.tvturk.com\/index.php\/wp-json\/wp\/v2\/categories?post=167198"},{"taxonomy":"post_tag","embeddable":true,"href":"http:\/\/www.tvturk.com\/index.php\/wp-json\/wp\/v2\/tags?post=167198"}],"curies":[{"name":"wp","href":"https:\/\/api.w.org\/{rel}","templated":true}]}}