{"id":167206,"date":"2019-06-09T16:41:06","date_gmt":"2019-06-09T13:41:06","guid":{"rendered":"http:\/\/www.tvturk.com\/index.php\/pakistanda-ana-muhalefet-lideri-sahbaz-serif-ulkesine-dondu\/"},"modified":"2019-06-09T16:41:06","modified_gmt":"2019-06-09T13:41:06","slug":"pakistanda-ana-muhalefet-lideri-sahbaz-serif-ulkesine-dondu","status":"publish","type":"post","link":"http:\/\/www.tvturk.com\/index.php\/pakistanda-ana-muhalefet-lideri-sahbaz-serif-ulkesine-dondu\/","title":{"rendered":"Pakistan\u2019da ana muhalefet lideri \u015eahbaz \u015eerif \u00fclkesine d\u00f6nd\u00fc"},"content":{"rendered":"<p>Pakistan\u2019da ana muhalefetteki M\u00fcsl\u00fcman Ligi-Navaz (PML-N) lideri \u015eahbaz \u015eerif, \u0130ngiltere\u2019de tedavisinin tamamlanmas\u0131n\u0131n ard\u0131ndan Pakistan\u2019a d\u00f6nd\u00fc.<\/p>\n<p>Pakistan\u2019\u0131n eski Ba\u015fbakan\u0131 Navaz \u015eerif\u2019in karde\u015fi ve Pakistan M\u00fcsl\u00fcman Ligi-Navaz (PML-N) lideri \u015eahbaz \u015eerif, \u0130ngiltere\u2019nin ba\u015fkenti Londra\u2019da tedavisinin tamamlanmas\u0131n\u0131n ard\u0131ndan \u00fclkesine d\u00f6nd\u00fc. Sa\u011fl\u0131k sorunlar\u0131 nedeniyle yakla\u015f\u0131k 2 ay boyunca Londra\u2019da tedavi g\u00f6ren \u015eerif\u2019i Allama Iqbal Uluslararas\u0131 Havaalan\u0131\u2019nda parti \u00fcyeleri ve \u00e7al\u0131\u015fanlar\u0131ndan olu\u015fan kalabal\u0131k bir grup kar\u015f\u0131lad\u0131. Gazetecilere a\u00e7\u0131klamalarda bulunan muhalif lider \u015eerif, h\u00fck\u00fcmetin zul\u00fcm ve adaletsizlik yolunu se\u00e7ti\u011fini, gelecekle ilgili t\u00fcm kararlar\u0131n muhalefet partileriyle isti\u015fare yoluyla al\u0131naca\u011f\u0131n\u0131 s\u00f6yledi. H\u00fck\u00fcmet taraf\u0131ndan kendisine kar\u015f\u0131 yap\u0131lan her t\u00fcrl\u00fc eylemle y\u00fczle\u015fmeye haz\u0131r oldu\u011funu belirten \u015eerif, &#8220;\u00dclkeme d\u00f6n\u00fc\u015f\u00fcmle ilgili dayana\u011f\u0131 olmayan haberler yap\u0131ld\u0131. Yanl\u0131\u015f haber yapanlara kar\u015f\u0131 yasal i\u015flem ba\u015flataca\u011f\u0131m&#8221; dedi.<\/p>\n","protected":false},"excerpt":{"rendered":"<p>PAK\u0130STAN&#8217;DA ANA MUHALEFETTEK\u0130 M\u00dcSL\u00dcMAN L\u0130G\u0130-NAVAZ (PML-N) L\u0130DER\u0130 \u015eAHBAZ \u015eER\u0130F, \u0130NG\u0130LTERE\u2019DE TEDAV\u0130S\u0130N\u0130N TAMAMLANMASININ ARDINDAN PAK\u0130STAN\u2019A D\u00d6ND\u00dc.<\/p>\n","protected":false},"author":1,"featured_media":167207,"comment_status":"closed","ping_status":"open","sticky":false,"template":"","format":"standard","meta":{"jetpack_post_was_ever_published":false,"_jetpack_newsletter_access":"","_jetpack_dont_email_post_to_subs":false,"_jetpack_newsletter_tier_id":0,"_jetpack_memberships_contains_paywalled_content":false,"_jetpack_memberships_contains_paid_content":false,"footnotes":"","jetpack_publicize_message":"","jetpack_publicize_feature_enabled":true,"jetpack_social_post_already_shared":true,"jetpack_social_options":{"image_generator_settings":{"template":"highway","default_image_id":0,"font":"","enabled":false},"version":2}},"categories":[10],"tags":[3984,990,1251,12758,5759,12759,5330,20431],"class_list":["post-167206","post","type-post","status-publish","format-standard","has-post-thumbnail","hentry","category-dunya","tag-ana","tag-dondu","tag-lideri","tag-muhalefet","tag-pakistanda","tag-sahbaz","tag-serif","tag-ulkesine"],"jetpack_publicize_connections":[],"jetpack_featured_media_url":"https:\/\/i0.wp.com\/www.tvturk.com\/wp-content\/uploads\/2019\/06\/pakistanda-ana-muhalefet-lideri-sahbaz-serif-ulkesine-dondu_e990583.jpg?fit=1000%2C562","jetpack_sharing_enabled":true,"jetpack_shortlink":"https:\/\/wp.me\/paKIfm-HuS","_links":{"self":[{"href":"http:\/\/www.tvturk.com\/index.php\/wp-json\/wp\/v2\/posts\/167206","targetHints":{"allow":["GET"]}}],"collection":[{"href":"http:\/\/www.tvturk.com\/index.php\/wp-json\/wp\/v2\/posts"}],"about":[{"href":"http:\/\/www.tvturk.com\/index.php\/wp-json\/wp\/v2\/types\/post"}],"author":[{"embeddable":true,"href":"http:\/\/www.tvturk.com\/index.php\/wp-json\/wp\/v2\/users\/1"}],"replies":[{"embeddable":true,"href":"http:\/\/www.tvturk.com\/index.php\/wp-json\/wp\/v2\/comments?post=167206"}],"version-history":[{"count":0,"href":"http:\/\/www.tvturk.com\/index.php\/wp-json\/wp\/v2\/posts\/167206\/revisions"}],"wp:featuredmedia":[{"embeddable":true,"href":"http:\/\/www.tvturk.com\/index.php\/wp-json\/wp\/v2\/media\/167207"}],"wp:attachment":[{"href":"http:\/\/www.tvturk.com\/index.php\/wp-json\/wp\/v2\/media?parent=167206"}],"wp:term":[{"taxonomy":"category","embeddable":true,"href":"http:\/\/www.tvturk.com\/index.php\/wp-json\/wp\/v2\/categories?post=167206"},{"taxonomy":"post_tag","embeddable":true,"href":"http:\/\/www.tvturk.com\/index.php\/wp-json\/wp\/v2\/tags?post=167206"}],"curies":[{"name":"wp","href":"https:\/\/api.w.org\/{rel}","templated":true}]}}