{"id":167216,"date":"2019-06-09T17:10:12","date_gmt":"2019-06-09T14:10:12","guid":{"rendered":"http:\/\/www.tvturk.com\/index.php\/silahli-saldirida-olen-polis-ve-annesi-defnedildi\/"},"modified":"2019-06-09T17:10:12","modified_gmt":"2019-06-09T14:10:12","slug":"silahli-saldirida-olen-polis-ve-annesi-defnedildi","status":"publish","type":"post","link":"http:\/\/www.tvturk.com\/index.php\/silahli-saldirida-olen-polis-ve-annesi-defnedildi\/","title":{"rendered":"Silahl\u0131 sald\u0131r\u0131da \u00f6len polis ve annesi defnedildi"},"content":{"rendered":"<p>Malatya\u2019da \u00e7\u0131kan silahl\u0131 kavgada hayat\u0131n\u0131 kaybeden polis memuru Bekir Aybar ve annesi Fatma Aybar\u2019\u0131n cenazesi topra\u011fa verildi.<\/p>\n<p>Malatya\u2019n\u0131n Ak\u00e7ada\u011f il\u00e7esinde akrabalar aras\u0131nda arazi anla\u015fmazl\u0131\u011f\u0131 nedeniyle \u00e7\u0131kan kavgada av t\u00fcfe\u011fiyle vurularak hayat\u0131n\u0131 kaybeden polis memuru Bekir Aybar ve annesi Fatma Aybar i\u00e7in cenaze merasimi d\u00fczenlendi.<\/p>\n<p>Anne ve polis o\u011flunun cenazesi \u015fehir mezarl\u0131\u011f\u0131nda \u00f6\u011fle namaz\u0131n\u0131 m\u00fcteakip k\u0131l\u0131nan cenaze namaz\u0131n\u0131n ard\u0131ndan topra\u011fa verildi. Cenaze namaz\u0131na kat\u0131lan Malatya Valisi Ayd\u0131n Baru\u015f, hayat\u0131n\u0131 kaybeden Bekir ve Fatma Aybar\u2019\u0131n ailesi ve yak\u0131nlar\u0131na taziyelerini iletip ba\u015fsa\u011fl\u0131\u011f\u0131 diledi.<\/p>\n","protected":false},"excerpt":{"rendered":"<p>MALATYA\u2019DA \u00c7IKAN S\u0130LAHLI KAVGADA HAYATINI KAYBEDEN POL\u0130S MEMURU BEK\u0130R AYBAR VE ANNES\u0130 FATMA AYBAR\u2019IN CENAZES\u0130 TOPRA\u011eA VER\u0130LD\u0130.<\/p>\n","protected":false},"author":1,"featured_media":167217,"comment_status":"closed","ping_status":"open","sticky":false,"template":"","format":"standard","meta":{"jetpack_post_was_ever_published":false,"_jetpack_newsletter_access":"","_jetpack_dont_email_post_to_subs":false,"_jetpack_newsletter_tier_id":0,"_jetpack_memberships_contains_paywalled_content":false,"_jetpack_memberships_contains_paid_content":false,"footnotes":"","jetpack_publicize_message":"","jetpack_publicize_feature_enabled":true,"jetpack_social_post_already_shared":true,"jetpack_social_options":{"image_generator_settings":{"template":"highway","default_image_id":0,"font":"","enabled":false},"version":2}},"categories":[1],"tags":[5282,2138,1814,996,1011,998],"class_list":["post-167216","post","type-post","status-publish","format-standard","has-post-thumbnail","hentry","category-genel","tag-annesi","tag-defnedildi","tag-olen","tag-polis","tag-saldirida","tag-silahli"],"jetpack_publicize_connections":[],"jetpack_featured_media_url":"https:\/\/i0.wp.com\/www.tvturk.com\/wp-content\/uploads\/2019\/06\/silahli-saldirida-olen-polis-ve-annesi-defnedildi_9e10ebd.jpg?fit=1000%2C666","jetpack_sharing_enabled":true,"jetpack_shortlink":"https:\/\/wp.me\/paKIfm-Hv2","_links":{"self":[{"href":"http:\/\/www.tvturk.com\/index.php\/wp-json\/wp\/v2\/posts\/167216","targetHints":{"allow":["GET"]}}],"collection":[{"href":"http:\/\/www.tvturk.com\/index.php\/wp-json\/wp\/v2\/posts"}],"about":[{"href":"http:\/\/www.tvturk.com\/index.php\/wp-json\/wp\/v2\/types\/post"}],"author":[{"embeddable":true,"href":"http:\/\/www.tvturk.com\/index.php\/wp-json\/wp\/v2\/users\/1"}],"replies":[{"embeddable":true,"href":"http:\/\/www.tvturk.com\/index.php\/wp-json\/wp\/v2\/comments?post=167216"}],"version-history":[{"count":0,"href":"http:\/\/www.tvturk.com\/index.php\/wp-json\/wp\/v2\/posts\/167216\/revisions"}],"wp:featuredmedia":[{"embeddable":true,"href":"http:\/\/www.tvturk.com\/index.php\/wp-json\/wp\/v2\/media\/167217"}],"wp:attachment":[{"href":"http:\/\/www.tvturk.com\/index.php\/wp-json\/wp\/v2\/media?parent=167216"}],"wp:term":[{"taxonomy":"category","embeddable":true,"href":"http:\/\/www.tvturk.com\/index.php\/wp-json\/wp\/v2\/categories?post=167216"},{"taxonomy":"post_tag","embeddable":true,"href":"http:\/\/www.tvturk.com\/index.php\/wp-json\/wp\/v2\/tags?post=167216"}],"curies":[{"name":"wp","href":"https:\/\/api.w.org\/{rel}","templated":true}]}}