{"id":167224,"date":"2019-06-09T17:29:34","date_gmt":"2019-06-09T14:29:34","guid":{"rendered":"http:\/\/www.tvturk.com\/index.php\/fatih-keles-avustralyada-yenildi\/"},"modified":"2019-06-09T17:29:34","modified_gmt":"2019-06-09T14:29:34","slug":"fatih-keles-avustralyada-yenildi","status":"publish","type":"post","link":"http:\/\/www.tvturk.com\/index.php\/fatih-keles-avustralyada-yenildi\/","title":{"rendered":"Fatih Kele\u015f, Avustralya\u2019da yenildi"},"content":{"rendered":"<p>T\u00fcrk profesyonel boksunun en b\u00fcy\u00fck madalya \u00fcmitlerinden Fatih Kele\u015f, Avustralya\u2019n\u0131n Broadbeach kentinde \u00e7\u0131kt\u0131\u011f\u0131 WBO Global ve IBF K\u0131talar Aras\u0131 \u015fampiyonluk kemerini kaybetti.<\/p>\n<p>T\u00fcrk boks\u00f6r Fatih Kele\u015f, Avustralya\u2019n\u0131n Broadbeach kentinde \u00e7\u0131kt\u0131\u011f\u0131 kemer ma\u00e7\u0131nda Liam Paro\u2019ya yenilerek d\u00fcnya \u015fampiyonlu\u011fu yapma hakk\u0131n\u0131 kaybetti. EC BOX\u0130NG Spor Kul\u00fcb\u00fc Y\u00f6netim Kurulu Ba\u015fkan\u0131 Erol Ceylan, sporcusunun performans\u0131ndan memnun oldu\u011funu vurgulayarak, &#8220;Bence ma\u00e7 berabere bitti ancak deplasmanda oldu\u011fumuz i\u00e7in hakemler rakibe verdiler. Fatih\u2019in rakibinin de d\u00fcnyan\u0131n en iyi d\u00f6v\u00fc\u015f\u00e7\u00fclerinden birisiydi. B\u00f6yle bir rakibin kar\u015f\u0131s\u0131nda g\u00f6stermi\u015f oldu\u011fu performans takdire \u015fayand\u0131r. Fatih \u015fimdiye kadar yapm\u0131\u015f oldu\u011fu ma\u00e7lardan en iyisini ger\u00e7ekle\u015ftirdi. \u00c7ok ho\u015fuma gitti ve m\u00fckemmel bir m\u00fcsabaka \u00e7\u0131kard\u0131, ancak son vuru\u015flar\u0131 getiremedi. H\u0131rs\u0131 yetersiz kald\u0131, biraz daha \u00fczerine koyup bu kar\u015f\u0131la\u015fmay\u0131 kazanabilirdi, \u00e7\u00fcnk\u00fc her raundu \u00e7ok \u00e7ok \u00e7ok az bir fark ile k\u0131l pay\u0131 diyebilece\u011fimiz kadar az bir fark ile verdi. T\u00fcm rauntlar arka arkaya k\u0131l pay\u0131 ile gitti. Kendisi k\u0131l pay\u0131 ile kazanay\u0131m diye hi\u00e7 u\u011fra\u015fmad\u0131. Ancak tekrar alt\u0131n\u0131 \u00e7iziyorum muhte\u015fem bir ma\u00e7 \u00e7\u0131kard\u0131. D\u00fcnya boks otoritelerini b\u00fcy\u00fcledi, yenilmi\u015f olsa dahi bu performans\u0131 onunla \u00e7al\u0131\u015fmaya devam etmeme yetti. Fatih\u2019i tekrar eskisi gibi desteklemeye devam edece\u011fim, dev ma\u00e7lara \u00e7\u0131kararak yeniden d\u00fcnya \u015fampiyonluk eleme kar\u015f\u0131la\u015fmalar\u0131 yapt\u0131raca\u011f\u0131m ve bir g\u00fcn Fatih Kele\u015f, ile d\u00fcnya \u015fampiyonluk kemerini \u00fclkemize getirece\u011fimizden eminim&#8221; dedi.<\/p>\n<p>B\u00fclent Ba\u015fer: &#8220;Eksiklerimizi tamamlayaca\u011f\u0131z&#8221;<\/p>\n<p>Sporcunun antren\u00f6r\u00fc B\u00fclent Ba\u015fer ise d\u00fcnyan\u0131n en iyi iki boks\u00f6rlerinden ikisinin kafa kafaya giden muhte\u015fem bir m\u00fccadelesini seyrettiklerini ifade ederek, &#8220;Ne yaz\u0131k ki g\u00fclen taraf bu kez biz olmad\u0131k. Ancak bu kar\u015f\u0131la\u015fmadan \u00e7\u0131karaca\u011f\u0131m\u0131z \u00e7ok b\u00fcy\u00fck dersler var. Eksiklerimizi g\u00f6rd\u00fck ve bu eksiklerimizi tamamlayarak yeniden d\u00fcnyan\u0131n zirvesine d\u00f6nece\u011fiz bundan kimsenin \u015f\u00fcphesi olmas\u0131n\u2019 dedi. EC BOX\u0130NG spor kul\u00fcb\u00fc bas\u0131n dan\u0131\u015fman\u0131 Vedat Alyaz da bunun ilk yenilgileri oldu\u011funu vurgulayarak, &#8220;Fatih bug\u00fcne kadar \u00f6n\u00fcne geleni devirmi\u015f, profesyonelde d\u00f6rt kez \u00fcst \u00fcste Avrupa \u015fampiyonu olmu\u015f ve amat\u00f6rde ise olimpiyatlarda \u00fclkemizi temsil etmi\u015f kaliteli bir sporcudur. Efsane boks\u00f6rler Muhammed Ali, Mike Tyson bile yenilmi\u015ftir. Bu yenilgiler bizi y\u0131kmaz, tam tersine daha g\u00fc\u00e7l\u00fc bir \u015fekilde geri d\u00f6nmemizi sa\u011flar&#8221; ifadelerini kulland\u0131.<\/p>\n","protected":false},"excerpt":{"rendered":"<p>T\u00dcRK PROFESYONEL BOKSUNUN EN B\u00dcY\u00dcK MADALYA \u00dcM\u0130TLER\u0130NDEN FAT\u0130H KELE\u015e, AVUSTRALYA&#8217;NIN BROADBEACH KENT\u0130NDE \u00c7IKTI\u011eI WBO GLOBAL VE IBF KITALAR ARASI \u015eAMP\u0130YONLUK KEMER\u0130N\u0130 KAYBETT\u0130.<\/p>\n","protected":false},"author":1,"featured_media":167225,"comment_status":"closed","ping_status":"open","sticky":false,"template":"","format":"standard","meta":{"jetpack_post_was_ever_published":false,"_jetpack_newsletter_access":"","_jetpack_dont_email_post_to_subs":false,"_jetpack_newsletter_tier_id":0,"_jetpack_memberships_contains_paywalled_content":false,"_jetpack_memberships_contains_paid_content":false,"footnotes":"","jetpack_publicize_message":"","jetpack_publicize_feature_enabled":true,"jetpack_social_post_already_shared":true,"jetpack_social_options":{"image_generator_settings":{"template":"highway","default_image_id":0,"font":"","enabled":false},"version":2}},"categories":[657],"tags":[20140,1517,4820,29871],"class_list":["post-167224","post","type-post","status-publish","format-standard","has-post-thumbnail","hentry","category-spor","tag-avustralyada","tag-fatih","tag-keles","tag-yenildi"],"jetpack_publicize_connections":[],"jetpack_featured_media_url":"https:\/\/i0.wp.com\/www.tvturk.com\/wp-content\/uploads\/2019\/06\/fatih-keles-avustralyada-yenildi_653fea1.jpg?fit=1000%2C650","jetpack_sharing_enabled":true,"jetpack_shortlink":"https:\/\/wp.me\/paKIfm-Hva","_links":{"self":[{"href":"http:\/\/www.tvturk.com\/index.php\/wp-json\/wp\/v2\/posts\/167224","targetHints":{"allow":["GET"]}}],"collection":[{"href":"http:\/\/www.tvturk.com\/index.php\/wp-json\/wp\/v2\/posts"}],"about":[{"href":"http:\/\/www.tvturk.com\/index.php\/wp-json\/wp\/v2\/types\/post"}],"author":[{"embeddable":true,"href":"http:\/\/www.tvturk.com\/index.php\/wp-json\/wp\/v2\/users\/1"}],"replies":[{"embeddable":true,"href":"http:\/\/www.tvturk.com\/index.php\/wp-json\/wp\/v2\/comments?post=167224"}],"version-history":[{"count":0,"href":"http:\/\/www.tvturk.com\/index.php\/wp-json\/wp\/v2\/posts\/167224\/revisions"}],"wp:featuredmedia":[{"embeddable":true,"href":"http:\/\/www.tvturk.com\/index.php\/wp-json\/wp\/v2\/media\/167225"}],"wp:attachment":[{"href":"http:\/\/www.tvturk.com\/index.php\/wp-json\/wp\/v2\/media?parent=167224"}],"wp:term":[{"taxonomy":"category","embeddable":true,"href":"http:\/\/www.tvturk.com\/index.php\/wp-json\/wp\/v2\/categories?post=167224"},{"taxonomy":"post_tag","embeddable":true,"href":"http:\/\/www.tvturk.com\/index.php\/wp-json\/wp\/v2\/tags?post=167224"}],"curies":[{"name":"wp","href":"https:\/\/api.w.org\/{rel}","templated":true}]}}