{"id":167238,"date":"2019-06-09T18:54:59","date_gmt":"2019-06-09T15:54:59","guid":{"rendered":"http:\/\/www.tvturk.com\/index.php\/hong-kongda-yuzbinler-cine-karsi-sokakta\/"},"modified":"2019-06-09T18:54:59","modified_gmt":"2019-06-09T15:54:59","slug":"hong-kongda-yuzbinler-cine-karsi-sokakta","status":"publish","type":"post","link":"http:\/\/www.tvturk.com\/index.php\/hong-kongda-yuzbinler-cine-karsi-sokakta\/","title":{"rendered":"Hong Kong\u2019da y\u00fczbinler \u00c7in\u2019e kar\u015f\u0131 sokakta"},"content":{"rendered":"<p>Hong Kong\u2019da y\u00fcz binlerce ki\u015fi, kentteki su\u00e7lular\u0131n \u00c7in\u2019e iade edilmesinin \u00f6n\u00fcn\u00fc a\u00e7acak olan su\u00e7lu iade yasa tasar\u0131s\u0131n\u0131 protesto etmek i\u00e7in sokaklara \u00e7\u0131kt\u0131.<\/p>\n<p>\u00c7in\u2019e ba\u011fl\u0131 Hong Kong \u00d6zerk Y\u00f6netim B\u00f6lgesinde muhaliflerin yarg\u0131lanmas\u0131 i\u00e7in \u00c7in\u2019e iade edilmesi konusu tart\u0131\u015f\u0131l\u0131yor.Tepki \u00e7eken yasa tasar\u0131s\u0131, zanl\u0131lar\u0131n yabanc\u0131 \u00fclkelere iade edilmesinin \u00f6n\u00fcn\u00fc a\u00e7\u0131yor. Tasar\u0131 nedeniyle muhaliflerin \u00c7in mahkemelerine teslim edilmesi, adil yarg\u0131lanmamas\u0131 ve i\u015fkence g\u00f6rmesinden endi\u015fe ediliyor. Muhaliflerin iade edilmesi tasar\u0131s\u0131na kar\u015f\u0131 \u00e7\u0131kan y\u00fcz binlerce ki\u015fi, Hong Kong sokaklar\u0131na \u00e7\u0131karak tepki g\u00f6sterdi.<\/p>\n<p>Tasar\u0131ya kar\u015f\u0131 \u00e7\u0131kanlar, \u00c7in\u2019in Hong Kong\u2019da istedi\u011fi ki\u015fileri siyasi su\u00e7lar sebebiyle al\u0131koyabilece\u011fi ve kentin yar\u0131 \u00f6zerk sistemine darbe vuraca\u011f\u0131n\u0131 savunuyor. Sokaklara d\u00f6k\u00fclen protestocular, &#8220;\u00c7in iadesine hay\u0131r, k\u00f6t\u00fcl\u00fck yasas\u0131na hay\u0131r&#8221; diye slogan att\u0131.<\/p>\n<p>Hong Kong\u2019un son Birle\u015fik Krall\u0131k Valisi Chris Patten yasa tasar\u0131s\u0131n\u0131 ele\u015ftirerek, \u201cHalk neden \u00c7in ile bir iade anla\u015fmas\u0131 yap\u0131lmamas\u0131 gerekti\u011fini \u00e7ok iyi biliyor. Hong Kong\u2019dan insanlar\u0131 ka\u00e7\u0131rmaktansa bir iade anla\u015fmas\u0131 yapman\u0131n daha iyi oldu\u011funu iddia ediyorlar, ger\u00e7ekten insanlar\u0131n buna inanmalar\u0131n\u0131 m\u0131 bekliyorlar\u201d dedi. Hong Kong, 1997 y\u0131l\u0131nda Birle\u015fik Krall\u0131k taraf\u0131ndan \u00c7in\u2019e devredilmi\u015fti.<\/p>\n","protected":false},"excerpt":{"rendered":"<p>HONG KONG\u2019DA Y\u00dcZ B\u0130NLERCE K\u0130\u015e\u0130, KENTTEK\u0130 SU\u00c7LULARIN \u00c7\u0130N\u2019E \u0130ADE ED\u0130LMES\u0130N\u0130N \u00d6N\u00dcN\u00dc A\u00c7ACAK OLAN SU\u00c7LU \u0130ADE YASA TASARISINI PROTESTO ETMEK \u0130\u00c7\u0130N SOKAKLARA \u00c7IKTI.<\/p>\n","protected":false},"author":1,"featured_media":167239,"comment_status":"closed","ping_status":"open","sticky":false,"template":"","format":"standard","meta":{"jetpack_post_was_ever_published":false,"_jetpack_newsletter_access":"","_jetpack_dont_email_post_to_subs":false,"_jetpack_newsletter_tier_id":0,"_jetpack_memberships_contains_paywalled_content":false,"_jetpack_memberships_contains_paid_content":false,"footnotes":"","jetpack_publicize_message":"","jetpack_publicize_feature_enabled":true,"jetpack_social_post_already_shared":true,"jetpack_social_options":{"image_generator_settings":{"template":"highway","default_image_id":0,"font":"","enabled":false},"version":2}},"categories":[10],"tags":[8831,13822,2541,25751,3031,39994],"class_list":["post-167238","post","type-post","status-publish","format-standard","has-post-thumbnail","hentry","category-dunya","tag-cine","tag-hong","tag-karsi","tag-kongda","tag-sokakta","tag-yuzbinler"],"jetpack_publicize_connections":[],"jetpack_featured_media_url":"https:\/\/i0.wp.com\/www.tvturk.com\/wp-content\/uploads\/2019\/06\/hong-kongda-yuzbinler-cine-karsi-sokakta_07221af.jpg?fit=1000%2C652","jetpack_sharing_enabled":true,"jetpack_shortlink":"https:\/\/wp.me\/paKIfm-Hvo","_links":{"self":[{"href":"http:\/\/www.tvturk.com\/index.php\/wp-json\/wp\/v2\/posts\/167238","targetHints":{"allow":["GET"]}}],"collection":[{"href":"http:\/\/www.tvturk.com\/index.php\/wp-json\/wp\/v2\/posts"}],"about":[{"href":"http:\/\/www.tvturk.com\/index.php\/wp-json\/wp\/v2\/types\/post"}],"author":[{"embeddable":true,"href":"http:\/\/www.tvturk.com\/index.php\/wp-json\/wp\/v2\/users\/1"}],"replies":[{"embeddable":true,"href":"http:\/\/www.tvturk.com\/index.php\/wp-json\/wp\/v2\/comments?post=167238"}],"version-history":[{"count":0,"href":"http:\/\/www.tvturk.com\/index.php\/wp-json\/wp\/v2\/posts\/167238\/revisions"}],"wp:featuredmedia":[{"embeddable":true,"href":"http:\/\/www.tvturk.com\/index.php\/wp-json\/wp\/v2\/media\/167239"}],"wp:attachment":[{"href":"http:\/\/www.tvturk.com\/index.php\/wp-json\/wp\/v2\/media?parent=167238"}],"wp:term":[{"taxonomy":"category","embeddable":true,"href":"http:\/\/www.tvturk.com\/index.php\/wp-json\/wp\/v2\/categories?post=167238"},{"taxonomy":"post_tag","embeddable":true,"href":"http:\/\/www.tvturk.com\/index.php\/wp-json\/wp\/v2\/tags?post=167238"}],"curies":[{"name":"wp","href":"https:\/\/api.w.org\/{rel}","templated":true}]}}