{"id":167260,"date":"2019-06-09T23:16:45","date_gmt":"2019-06-09T20:16:45","guid":{"rendered":"http:\/\/www.tvturk.com\/index.php\/dunya-rafting-sampiyonasi-acilis-seremonisi-gerceklesti\/"},"modified":"2019-06-09T23:16:45","modified_gmt":"2019-06-09T20:16:45","slug":"dunya-rafting-sampiyonasi-acilis-seremonisi-gerceklesti","status":"publish","type":"post","link":"http:\/\/www.tvturk.com\/index.php\/dunya-rafting-sampiyonasi-acilis-seremonisi-gerceklesti\/","title":{"rendered":"D\u00fcnya Rafting \u015eampiyonas\u0131 a\u00e7\u0131l\u0131\u015f seremonisi ger\u00e7ekle\u015fti"},"content":{"rendered":"<p>T\u00fcrkiye\u2019de ilk kez Tunceli\u2019de d\u00fczenlenen olan D\u00fcnya Rafting \u015eampiyonas\u0131\u2019n\u0131n kortej y\u00fcr\u00fcy\u00fc\u015f\u00fc ve a\u00e7\u0131l\u0131\u015f seremonisi ger\u00e7ekle\u015ftirildi.<\/p>\n<p>Tunceli\u2019de 8 Haziran tarihinde ba\u015flayan ve 13 Haziran\u2019a kadar devam edecek olan D\u00fcnya Rafting \u015eampiyonas\u0131\u2019n\u0131n kortej y\u00fcr\u00fcy\u00fc\u015f\u00fc ve a\u00e7\u0131l\u0131\u015f seremonisi yap\u0131ld\u0131.Tunceli-Elaz\u0131\u011f karayolunda olu\u015fturulan korteje, 20 \u00fclkeden kat\u0131lan sporcu, hakem ve teknik heyetin yan\u0131 s\u0131ra Vali Tuncay Sonel, Jandarma B\u00f6lge Komutan\u0131 Tu\u011fgeneral Vedat \u00c7olak, D\u00fcnya Rafting Federasyonu Ba\u015fkan\u0131 Danilo Barmaz, Geli\u015fmekte Olan Spor Bran\u015flar\u0131 Federasyonu Rafting Asba\u015fkan\u0131 Fikret Yard\u0131mc\u0131, Emniyet M\u00fcd\u00fcr\u00fc Do\u011fu Ate\u015f, \u0130l Jandarma Komutan\u0131 Sinan \u015een, kurum amirleri ve vatanda\u015flar kat\u0131ld\u0131.<\/p>\n<p>Munzur \u00c7ay\u0131 k\u0131y\u0131s\u0131nda bulunan Mameki Park\u0131\u2019na kadar s\u00fcren kortej y\u00fcr\u00fcy\u00fc\u015f\u00fcn\u00fcn ard\u0131ndan \u015fampiyonaya kat\u0131lan \u00fclkelerin sporcular\u0131 sahneye \u00e7\u0131karak kat\u0131l\u0131mc\u0131lar\u0131 selamlad\u0131.<\/p>\n<p>Rafting Asba\u015fkan\u0131 Fikret Yard\u0131mc\u0131, \u015fampiyonaya destek veren herkese te\u015fekk\u00fcr ederken, D\u00fcnya Rafting Federasyonu Ba\u015fkan\u0131 Danilo Barmaz ise, &#8220;T\u00fcrkiye ve  Tunceli\u2019ye, size \u015f\u00fckranlar\u0131m\u0131 sunuyorum. Bize bu \u015fans\u0131 verdiniz, geldik burada rafting yap\u0131yoruz. B\u00fcy\u00fck bir organizasyon i\u00e7indeyiz&#8221; dedi.<\/p>\n<p>\u015eampiyonaya kat\u0131lan t\u00fcm tak\u0131mlara ba\u015far\u0131 dileyen Tunceli Valisi Tuncay Sonel de, &#8220;Bir ka\u00e7 y\u0131l \u00f6ncesine kadar Tunceli\u2019de, D\u00fcnya Rafting \u015eampiyonas\u0131 yapaca\u011f\u0131z desek herhalde hayaldi. Ama Cumhurba\u015fkan\u0131m\u0131z\u0131n, Gen\u00e7lik ve Spor Bakanl\u0131\u011f\u0131m\u0131z\u0131n, g\u00fcvenlik g\u00fc\u00e7lerimizin, \u00e7al\u0131\u015fma arkada\u015flar\u0131m\u0131z\u0131n b\u00fcy\u00fck gayretleriyle, Fikret Yard\u0131mc\u0131 ba\u015fkan\u0131m\u0131z ve g\u00f6r\u00fcnmeyen kahraman arkada\u015flar\u0131m\u0131z\u0131n destekleriyle D\u00fcnya Rafting \u015eampiyonas\u0131\u2019na Tunceli olarak ev sahipli\u011fi yapman\u0131n mutlulu\u011funu ya\u015f\u0131yoruz&#8221; diye konu\u015ftu.<\/p>\n<p>Konu\u015fmalar\u0131n ard\u0131ndan havai fi\u015fek g\u00f6sterisi d\u00fczenlendi.<\/p>\n","protected":false},"excerpt":{"rendered":"<p>T\u00dcRK\u0130YE&#8217;DE \u0130LK KEZ TUNCEL\u0130&#8217;DE D\u00dcZENLENEN D\u00dcNYA RAFT\u0130NG \u015eAMP\u0130YONASI&#8217;NIN KORTEJ Y\u00dcR\u00dcY\u00dc\u015e\u00dc VE A\u00c7ILI\u015e SEREMON\u0130S\u0130 GER\u00c7EKLE\u015eT\u0130R\u0130LD\u0130.<\/p>\n","protected":false},"author":1,"featured_media":167261,"comment_status":"closed","ping_status":"open","sticky":false,"template":"","format":"standard","meta":{"jetpack_post_was_ever_published":false,"_jetpack_newsletter_access":"","_jetpack_dont_email_post_to_subs":false,"_jetpack_newsletter_tier_id":0,"_jetpack_memberships_contains_paywalled_content":false,"_jetpack_memberships_contains_paid_content":false,"footnotes":"","jetpack_publicize_message":"","jetpack_publicize_feature_enabled":true,"jetpack_social_post_already_shared":true,"jetpack_social_options":{"image_generator_settings":{"template":"highway","default_image_id":0,"font":"","enabled":false},"version":2}},"categories":[657],"tags":[349,1350,8901,24523,395,39998],"class_list":["post-167260","post","type-post","status-publish","format-standard","has-post-thumbnail","hentry","category-spor","tag-dunya","tag-acilis","tag-gerceklesti","tag-rafting","tag-sampiyonasi","tag-seremonisi"],"jetpack_publicize_connections":[],"jetpack_featured_media_url":"https:\/\/i0.wp.com\/www.tvturk.com\/wp-content\/uploads\/2019\/06\/dunya-rafting-sampiyonasi-acilis-seremonisi-gerceklesti_cdd970f.jpg?fit=1000%2C666","jetpack_sharing_enabled":true,"jetpack_shortlink":"https:\/\/wp.me\/paKIfm-HvK","_links":{"self":[{"href":"http:\/\/www.tvturk.com\/index.php\/wp-json\/wp\/v2\/posts\/167260","targetHints":{"allow":["GET"]}}],"collection":[{"href":"http:\/\/www.tvturk.com\/index.php\/wp-json\/wp\/v2\/posts"}],"about":[{"href":"http:\/\/www.tvturk.com\/index.php\/wp-json\/wp\/v2\/types\/post"}],"author":[{"embeddable":true,"href":"http:\/\/www.tvturk.com\/index.php\/wp-json\/wp\/v2\/users\/1"}],"replies":[{"embeddable":true,"href":"http:\/\/www.tvturk.com\/index.php\/wp-json\/wp\/v2\/comments?post=167260"}],"version-history":[{"count":0,"href":"http:\/\/www.tvturk.com\/index.php\/wp-json\/wp\/v2\/posts\/167260\/revisions"}],"wp:featuredmedia":[{"embeddable":true,"href":"http:\/\/www.tvturk.com\/index.php\/wp-json\/wp\/v2\/media\/167261"}],"wp:attachment":[{"href":"http:\/\/www.tvturk.com\/index.php\/wp-json\/wp\/v2\/media?parent=167260"}],"wp:term":[{"taxonomy":"category","embeddable":true,"href":"http:\/\/www.tvturk.com\/index.php\/wp-json\/wp\/v2\/categories?post=167260"},{"taxonomy":"post_tag","embeddable":true,"href":"http:\/\/www.tvturk.com\/index.php\/wp-json\/wp\/v2\/tags?post=167260"}],"curies":[{"name":"wp","href":"https:\/\/api.w.org\/{rel}","templated":true}]}}