{"id":167268,"date":"2019-06-10T00:10:34","date_gmt":"2019-06-09T21:10:34","guid":{"rendered":"http:\/\/www.tvturk.com\/index.php\/burak-yilmazdan-izlandali-yetkililere-tepki\/"},"modified":"2019-06-10T00:10:34","modified_gmt":"2019-06-09T21:10:34","slug":"burak-yilmazdan-izlandali-yetkililere-tepki","status":"publish","type":"post","link":"http:\/\/www.tvturk.com\/index.php\/burak-yilmazdan-izlandali-yetkililere-tepki\/","title":{"rendered":"Burak Y\u0131lmaz\u2019dan \u0130zlandal\u0131 yetkililere tepki"},"content":{"rendered":"<p>A Milli Tak\u0131m kafilesinin \u0130zlanda\u2019da uzun s\u00fcre havaalan\u0131nda bekletilmesine Burak Y\u0131lmaz sosyal medya hesab\u0131ndan tepki g\u00f6sterdi.<\/p>\n<p>A Milli Futbol Tak\u0131m\u0131, 2020 Avrupa Futbol \u015eampiyonas\u0131 Elemeleri H Grubu d\u00f6rd\u00fcnc\u00fc ma\u00e7\u0131nda sal\u0131 g\u00fcn\u00fc deplasmanda \u0130zlanda ile kar\u015f\u0131la\u015facak. BU zorlu m\u00fccadele \u00f6ncesi \u00f6\u011fle saatlerinde Konya\u2019dan \u0130zlanda\u2019ya hareket eden milliler, uzun bir yolculu\u011fun ard\u0131ndan Keflavik Havaliman\u0131\u2019na indi. Ancak burada \u0130zlandal\u0131 yetkililer, Milli Tak\u0131m kafilesini prosed\u00fcrleri de bahane g\u00f6stererek havaalan\u0131nda saatlerce bekletti. Ay-y\u0131ld\u0131zl\u0131 futbolcu Burak Y\u0131lmaz da buna sosyal medya hesab\u0131ndan isyan etti. Burak, sosyal medyadan yapt\u0131\u011f\u0131 canl\u0131 yay\u0131nda, &#8220;6.5 saat yolculuk yapt\u0131k, 3 saattir bekliyoruz. Bizi \u0130zlanda\u2019ya alm\u0131yorlar. B\u00f6yle bekliyoruz 3 saattir&#8221; ifadelerini kulland\u0131.<\/p>\n","protected":false},"excerpt":{"rendered":"<p>A M\u0130LL\u0130 TAKIM KAF\u0130LES\u0130N\u0130N \u0130ZLANDA&#8217;DA UZUN S\u00dcRE HAVAALANINDA BEKLET\u0130LMES\u0130NE BURAK YILMAZ SOSYAL MEDYA HESABINDAN TEPK\u0130 G\u00d6STERD\u0130.<\/p>\n","protected":false},"author":1,"featured_media":167269,"comment_status":"closed","ping_status":"open","sticky":false,"template":"","format":"standard","meta":{"jetpack_post_was_ever_published":false,"_jetpack_newsletter_access":"","_jetpack_dont_email_post_to_subs":false,"_jetpack_newsletter_tier_id":0,"_jetpack_memberships_contains_paywalled_content":false,"_jetpack_memberships_contains_paid_content":false,"footnotes":"","jetpack_publicize_message":"","jetpack_publicize_feature_enabled":true,"jetpack_social_post_already_shared":true,"jetpack_social_options":{"image_generator_settings":{"template":"highway","default_image_id":0,"font":"","enabled":false},"version":2}},"categories":[657],"tags":[7932,40001,961,40002,1095],"class_list":["post-167268","post","type-post","status-publish","format-standard","has-post-thumbnail","hentry","category-spor","tag-burak","tag-izlandali","tag-tepki","tag-yetkililere","tag-yilmazdan"],"jetpack_publicize_connections":[],"jetpack_featured_media_url":"https:\/\/i0.wp.com\/www.tvturk.com\/wp-content\/uploads\/2019\/06\/burak-yilmazdan-izlandali-yetkililere-tepki_e04d92a.jpg?fit=346%2C545","jetpack_sharing_enabled":true,"jetpack_shortlink":"https:\/\/wp.me\/paKIfm-HvS","_links":{"self":[{"href":"http:\/\/www.tvturk.com\/index.php\/wp-json\/wp\/v2\/posts\/167268","targetHints":{"allow":["GET"]}}],"collection":[{"href":"http:\/\/www.tvturk.com\/index.php\/wp-json\/wp\/v2\/posts"}],"about":[{"href":"http:\/\/www.tvturk.com\/index.php\/wp-json\/wp\/v2\/types\/post"}],"author":[{"embeddable":true,"href":"http:\/\/www.tvturk.com\/index.php\/wp-json\/wp\/v2\/users\/1"}],"replies":[{"embeddable":true,"href":"http:\/\/www.tvturk.com\/index.php\/wp-json\/wp\/v2\/comments?post=167268"}],"version-history":[{"count":0,"href":"http:\/\/www.tvturk.com\/index.php\/wp-json\/wp\/v2\/posts\/167268\/revisions"}],"wp:featuredmedia":[{"embeddable":true,"href":"http:\/\/www.tvturk.com\/index.php\/wp-json\/wp\/v2\/media\/167269"}],"wp:attachment":[{"href":"http:\/\/www.tvturk.com\/index.php\/wp-json\/wp\/v2\/media?parent=167268"}],"wp:term":[{"taxonomy":"category","embeddable":true,"href":"http:\/\/www.tvturk.com\/index.php\/wp-json\/wp\/v2\/categories?post=167268"},{"taxonomy":"post_tag","embeddable":true,"href":"http:\/\/www.tvturk.com\/index.php\/wp-json\/wp\/v2\/tags?post=167268"}],"curies":[{"name":"wp","href":"https:\/\/api.w.org\/{rel}","templated":true}]}}