{"id":167282,"date":"2019-06-10T08:57:05","date_gmt":"2019-06-10T05:57:05","guid":{"rendered":"http:\/\/www.tvturk.com\/index.php\/ozel-taksim-meydaninda-205-metrelik-ukraynali-basketbolcu-kadin-ilgi-odagi-oldu\/"},"modified":"2019-06-10T08:57:05","modified_gmt":"2019-06-10T05:57:05","slug":"ozel-taksim-meydaninda-205-metrelik-ukraynali-basketbolcu-kadin-ilgi-odagi-oldu","status":"publish","type":"post","link":"http:\/\/www.tvturk.com\/index.php\/ozel-taksim-meydaninda-205-metrelik-ukraynali-basketbolcu-kadin-ilgi-odagi-oldu\/","title":{"rendered":"(\u00d6zel) Taksim Meydan\u0131\u2019nda 2,05 metrelik Ukraynal\u0131 basketbolcu kad\u0131n ilgi oda\u011f\u0131 oldu"},"content":{"rendered":"<p>Taksim Meydan\u0131\u2019na gelen 2 metre 5 santim boyundaki Ukraynal\u0131 basketbolcu kad\u0131na, turistler yo\u011fun ilgi g\u00f6sterdi. Basketbolcu kad\u0131n\u0131 g\u00f6renle foto\u011fraf \u00e7ektirmek i\u00e7in birbiriyle yar\u0131\u015ft\u0131.<\/p>\n<p>Taksim Meydan\u0131\u2019na gelen 2 metre 5 santim boyundaki Ukraynal\u0131 kad\u0131n basketbolcu ve 2 metre 3 santim boyundaki Kanadal\u0131 erkek basketbolcu ilgi oda\u011f\u0131 oldu. Meydanda gezen ikilinin \u00e7evresini bir anda turistler sard\u0131 ve \u00f6zellikle kad\u0131na yo\u011fun ilgi g\u00f6sterdiler. Basketbolcu kad\u0131nla foto\u011fraf \u00e7ektirmek i\u00e7in birbiriyle yar\u0131\u015fan turistler 2 metre 5 santim boyundaki kad\u0131n\u0131n yan\u0131nda adeta c\u00fcce gibi kald\u0131. Taksim Cumhuriyet An\u0131t\u0131\u2019nda hat\u0131ra foto\u011fraf\u0131 \u00e7ektirmek isteyen basketbolcu kad\u0131n yo\u011fun ilgiden dolay\u0131 foto\u011fraf \u00e7ektirmekte zorland\u0131. Bir s\u00fcre sonra ise foto\u011fraf \u00e7ektirmekten vazge\u00e7ti ve aya\u011f\u0131ndaki topuklu ayakkab\u0131lar\u0131 \u00e7\u0131kart\u0131p yan\u0131ndaki basketbolcu arkada\u015f\u0131yla beraber meydandan ko\u015farak uzakla\u015ft\u0131.<\/p>\n","protected":false},"excerpt":{"rendered":"<p>TAKS\u0130M MEYDANI&#8217;NA GELEN 2 METRE 5 SANT\u0130M BOYUNDAK\u0130 UKRAYNALI BASKETBOLCU KADINA, TUR\u0130STLER YO\u011eUN \u0130LG\u0130 G\u00d6STERD\u0130. BASKETBOLCU KADINI G\u00d6RENLE FOTO\u011eRAF \u00c7EKT\u0130RMEK \u0130\u00c7\u0130N B\u0130RB\u0130R\u0130YLE YARI\u015eTI.<\/p>\n","protected":false},"author":1,"featured_media":167283,"comment_status":"closed","ping_status":"open","sticky":false,"template":"","format":"standard","meta":{"jetpack_post_was_ever_published":false,"_jetpack_newsletter_access":"","_jetpack_dont_email_post_to_subs":false,"_jetpack_newsletter_tier_id":0,"_jetpack_memberships_contains_paywalled_content":false,"_jetpack_memberships_contains_paid_content":false,"footnotes":"","jetpack_publicize_message":"","jetpack_publicize_feature_enabled":true,"jetpack_social_post_already_shared":true,"jetpack_social_options":{"image_generator_settings":{"template":"highway","default_image_id":0,"font":"","enabled":false},"version":2}},"categories":[1],"tags":[1073,40007,1880,28899,1726,108,10564,10775,9382,77,8464,27329],"class_list":["post-167282","post","type-post","status-publish","format-standard","has-post-thumbnail","hentry","category-genel","tag-ozel","tag-40007","tag-1880","tag-basketbolcu","tag-ilgi","tag-kadin","tag-metrelik","tag-meydaninda","tag-odagi","tag-oldu","tag-taksim","tag-ukraynali"],"jetpack_publicize_connections":[],"jetpack_featured_media_url":"https:\/\/i0.wp.com\/www.tvturk.com\/wp-content\/uploads\/2019\/06\/ozel-taksim-meydaninda-205-metrelik-ukraynali-basketbolcu-kadin-ilgi-odagi-oldu_7d9b6f0.jpg?fit=1000%2C750","jetpack_sharing_enabled":true,"jetpack_shortlink":"https:\/\/wp.me\/paKIfm-Hw6","_links":{"self":[{"href":"http:\/\/www.tvturk.com\/index.php\/wp-json\/wp\/v2\/posts\/167282","targetHints":{"allow":["GET"]}}],"collection":[{"href":"http:\/\/www.tvturk.com\/index.php\/wp-json\/wp\/v2\/posts"}],"about":[{"href":"http:\/\/www.tvturk.com\/index.php\/wp-json\/wp\/v2\/types\/post"}],"author":[{"embeddable":true,"href":"http:\/\/www.tvturk.com\/index.php\/wp-json\/wp\/v2\/users\/1"}],"replies":[{"embeddable":true,"href":"http:\/\/www.tvturk.com\/index.php\/wp-json\/wp\/v2\/comments?post=167282"}],"version-history":[{"count":0,"href":"http:\/\/www.tvturk.com\/index.php\/wp-json\/wp\/v2\/posts\/167282\/revisions"}],"wp:featuredmedia":[{"embeddable":true,"href":"http:\/\/www.tvturk.com\/index.php\/wp-json\/wp\/v2\/media\/167283"}],"wp:attachment":[{"href":"http:\/\/www.tvturk.com\/index.php\/wp-json\/wp\/v2\/media?parent=167282"}],"wp:term":[{"taxonomy":"category","embeddable":true,"href":"http:\/\/www.tvturk.com\/index.php\/wp-json\/wp\/v2\/categories?post=167282"},{"taxonomy":"post_tag","embeddable":true,"href":"http:\/\/www.tvturk.com\/index.php\/wp-json\/wp\/v2\/tags?post=167282"}],"curies":[{"name":"wp","href":"https:\/\/api.w.org\/{rel}","templated":true}]}}