{"id":167328,"date":"2019-06-10T10:17:16","date_gmt":"2019-06-10T07:17:16","guid":{"rendered":"http:\/\/www.tvturk.com\/index.php\/fuhsa-suruklenen-ablasinin-topluma-kazandirilmasini-istiyor\/"},"modified":"2019-06-10T10:17:16","modified_gmt":"2019-06-10T07:17:16","slug":"fuhsa-suruklenen-ablasinin-topluma-kazandirilmasini-istiyor","status":"publish","type":"post","link":"http:\/\/www.tvturk.com\/index.php\/fuhsa-suruklenen-ablasinin-topluma-kazandirilmasini-istiyor\/","title":{"rendered":"Fuh\u015fa s\u00fcr\u00fcklenen ablas\u0131n\u0131n topluma kazand\u0131r\u0131lmas\u0131n\u0131 istiyor"},"content":{"rendered":"<p>Bursa\u2019da \u015fizofreni hastas\u0131 ablas\u0131n\u0131 fuhu\u015f bata\u011f\u0131ndan kurtarmak isteyen karde\u015fi yard\u0131m bekliyor.<\/p>\n<p>Bursa\u2019da ikamet eden 3 \u00e7ocuk annesi Burcu K. (29), 12 y\u0131ll\u0131k e\u015finden ayr\u0131ld\u0131. Bunun \u00fczerine gen\u00e7 kad\u0131n karde\u015fi Banu T. (27) ile ya\u015famaya ba\u015flad\u0131. 2015 y\u0131l\u0131nda zihinsel engelli raporu alan Burcu K.\u2019ye 2019 y\u0131l\u0131nda y\u00fczde 80 \u015fizofren raporu verildi. Ara ara evden ka\u00e7t\u0131\u011f\u0131 iddia edilen Burcu K. ile ilgili Banu T.\u2019ye emniyetten telefon geldi. Ablas\u0131n\u0131n fuhu\u015f yapt\u0131\u011f\u0131n\u0131 \u00f6\u011frenen Banu T. y\u0131k\u0131ld\u0131. Mahkemede fuhu\u015f davas\u0131 a\u00e7\u0131l\u0131rken, Banu T., ablas\u0131n\u0131n bunu bilerek ve isteyerek yapmad\u0131\u011f\u0131n\u0131, tedavi olmas\u0131 gerekti\u011fini s\u00f6yledi.<\/p>\n<p>Ablas\u0131n\u0131n devlet hastanesinde tedavi g\u00f6rd\u00fc\u011f\u00fcn\u00fc dile getiren Banu T., \u201cAblam e\u015finden ayr\u0131ld\u0131. Son olarak y\u00fczde 80 \u015fizofren raporu verildi. Bir bu\u00e7uk sene \u00f6nce emniyetten telefon geldi ve fuhu\u015f yapt\u0131\u011f\u0131n\u0131 \u00f6\u011frendik. Onu ikaz etmemize ra\u011fmen bize kar\u015f\u0131 sald\u0131rganla\u015ft\u0131. Fuh\u015fu belli bir para kar\u015f\u0131l\u0131\u011f\u0131nda da yapm\u0131yor. Millet ne verirse onu al\u0131yor. Akli dengesi yerinde olmad\u0131\u011f\u0131 i\u00e7in bu duruma d\u00fc\u015ft\u00fc. Biz onun iyile\u015fip tekrar topluma kazand\u0131r\u0131lmas\u0131n\u0131 istiyoruz. 3 \u00e7ocu\u011fu var. \u0130n\u015fallah iyile\u015fir ve onlarla mutlu \u015fekilde ya\u015far\u201d dedi.<\/p>\n","protected":false},"excerpt":{"rendered":"<p>BURSA\u2019DA \u015e\u0130ZOFREN\u0130 HASTASI ABLASINI FUHU\u015e BATA\u011eINDAN KURTARMAK \u0130STEYEN KARDE\u015e\u0130, YEN\u0130DEN TOPLUMA KAZANDIRILMASI \u0130\u00c7\u0130N YARDIM BEKL\u0130YOR.<\/p>\n","protected":false},"author":1,"featured_media":167329,"comment_status":"closed","ping_status":"open","sticky":false,"template":"","format":"standard","meta":{"jetpack_post_was_ever_published":false,"_jetpack_newsletter_access":"","_jetpack_dont_email_post_to_subs":false,"_jetpack_newsletter_tier_id":0,"_jetpack_memberships_contains_paywalled_content":false,"_jetpack_memberships_contains_paid_content":false,"footnotes":"","jetpack_publicize_message":"","jetpack_publicize_feature_enabled":true,"jetpack_social_post_already_shared":true,"jetpack_social_options":{"image_generator_settings":{"template":"highway","default_image_id":0,"font":"","enabled":false},"version":2}},"categories":[1],"tags":[5467,40021,99,40022,5834,20435],"class_list":["post-167328","post","type-post","status-publish","format-standard","has-post-thumbnail","hentry","category-genel","tag-ablasinin","tag-fuhsa","tag-istiyor","tag-kazandirilmasini","tag-suruklenen","tag-topluma"],"jetpack_publicize_connections":[],"jetpack_featured_media_url":"https:\/\/i0.wp.com\/www.tvturk.com\/wp-content\/uploads\/2019\/06\/fuhsa-suruklenen-ablasinin-topluma-kazandirilmasini-istiyor_835de79.jpg?fit=1000%2C750","jetpack_sharing_enabled":true,"jetpack_shortlink":"https:\/\/wp.me\/paKIfm-HwQ","_links":{"self":[{"href":"http:\/\/www.tvturk.com\/index.php\/wp-json\/wp\/v2\/posts\/167328","targetHints":{"allow":["GET"]}}],"collection":[{"href":"http:\/\/www.tvturk.com\/index.php\/wp-json\/wp\/v2\/posts"}],"about":[{"href":"http:\/\/www.tvturk.com\/index.php\/wp-json\/wp\/v2\/types\/post"}],"author":[{"embeddable":true,"href":"http:\/\/www.tvturk.com\/index.php\/wp-json\/wp\/v2\/users\/1"}],"replies":[{"embeddable":true,"href":"http:\/\/www.tvturk.com\/index.php\/wp-json\/wp\/v2\/comments?post=167328"}],"version-history":[{"count":0,"href":"http:\/\/www.tvturk.com\/index.php\/wp-json\/wp\/v2\/posts\/167328\/revisions"}],"wp:featuredmedia":[{"embeddable":true,"href":"http:\/\/www.tvturk.com\/index.php\/wp-json\/wp\/v2\/media\/167329"}],"wp:attachment":[{"href":"http:\/\/www.tvturk.com\/index.php\/wp-json\/wp\/v2\/media?parent=167328"}],"wp:term":[{"taxonomy":"category","embeddable":true,"href":"http:\/\/www.tvturk.com\/index.php\/wp-json\/wp\/v2\/categories?post=167328"},{"taxonomy":"post_tag","embeddable":true,"href":"http:\/\/www.tvturk.com\/index.php\/wp-json\/wp\/v2\/tags?post=167328"}],"curies":[{"name":"wp","href":"https:\/\/api.w.org\/{rel}","templated":true}]}}