{"id":167338,"date":"2019-06-10T10:31:26","date_gmt":"2019-06-10T07:31:26","guid":{"rendered":"http:\/\/www.tvturk.com\/index.php\/disisleri-bakani-cavusoglu-erbilde-2\/"},"modified":"2019-06-10T10:31:26","modified_gmt":"2019-06-10T07:31:26","slug":"disisleri-bakani-cavusoglu-erbilde-2","status":"publish","type":"post","link":"http:\/\/www.tvturk.com\/index.php\/disisleri-bakani-cavusoglu-erbilde-2\/","title":{"rendered":"D\u0131\u015fi\u015fleri Bakan\u0131 \u00c7avu\u015fo\u011flu, Erbil\u2019de"},"content":{"rendered":"<p>D\u0131\u015fi\u015fleri Bakan\u0131 Mevl\u00fct \u00c7avu\u015fo\u011flu, temaslarda bulunmak ve Ne\u00e7irvan Barzani\u2019nin yemin t\u00f6renine kat\u0131lmak \u00fczere Erbil\u2019e geldi.<\/p>\n<p>D\u0131\u015fi\u015fleri Bakan\u0131 Mevl\u00fct \u00c7avu\u015fo\u011flu, Irak K\u00fcrt B\u00f6lgesel Y\u00f6netimi Ba\u015fkan\u0131 se\u00e7ilen Ne\u00e7irvan Barzani\u2019nin yemin t\u00f6renine kat\u0131lmak \u00fczere Erbil\u2019e geldi. Bakan \u00c7avu\u015fo\u011flu, Erbil Havaliman\u0131\u2019nda IKBY Ba\u015fkan\u0131 Ne\u00e7irvan Barzani taraf\u0131ndan kar\u015f\u0131land\u0131. \u00c7avu\u015fo\u011flu, IKBY\u2019li yetkililer ile havaliman\u0131nda tokala\u015fmas\u0131n\u0131n ard\u0131ndan havaliman\u0131na ge\u00e7ti.<\/p>\n","protected":false},"excerpt":{"rendered":"<p>DI\u015e\u0130\u015eLER\u0130 BAKANI MEVL\u00dcT \u00c7AVU\u015eO\u011eLU, TEMASLARDA BULUNMAK VE NE\u00c7\u0130RVAN BARZAN\u0130\u2019N\u0130N YEM\u0130N T\u00d6REN\u0130NE KATILMAK \u00dcZERE ERB\u0130L\u2019E GELD\u0130.<\/p>\n","protected":false},"author":1,"featured_media":167339,"comment_status":"closed","ping_status":"open","sticky":false,"template":"","format":"standard","meta":{"jetpack_post_was_ever_published":false,"_jetpack_newsletter_access":"","_jetpack_dont_email_post_to_subs":false,"_jetpack_newsletter_tier_id":0,"_jetpack_memberships_contains_paywalled_content":false,"_jetpack_memberships_contains_paid_content":false,"footnotes":"","jetpack_publicize_message":"","jetpack_publicize_feature_enabled":true,"jetpack_social_post_already_shared":true,"jetpack_social_options":{"image_generator_settings":{"template":"highway","default_image_id":0,"font":"","enabled":false},"version":2}},"categories":[10],"tags":[933,1499,1498,29252],"class_list":["post-167338","post","type-post","status-publish","format-standard","has-post-thumbnail","hentry","category-dunya","tag-bakani","tag-cavusoglu","tag-disisleri","tag-erbilde"],"jetpack_publicize_connections":[],"jetpack_featured_media_url":"https:\/\/i0.wp.com\/www.tvturk.com\/wp-content\/uploads\/2019\/06\/disisleri-bakani-cavusoglu-erbilde_9abfcfa.jpg?fit=1000%2C697","jetpack_sharing_enabled":true,"jetpack_shortlink":"https:\/\/wp.me\/paKIfm-Hx0","_links":{"self":[{"href":"http:\/\/www.tvturk.com\/index.php\/wp-json\/wp\/v2\/posts\/167338","targetHints":{"allow":["GET"]}}],"collection":[{"href":"http:\/\/www.tvturk.com\/index.php\/wp-json\/wp\/v2\/posts"}],"about":[{"href":"http:\/\/www.tvturk.com\/index.php\/wp-json\/wp\/v2\/types\/post"}],"author":[{"embeddable":true,"href":"http:\/\/www.tvturk.com\/index.php\/wp-json\/wp\/v2\/users\/1"}],"replies":[{"embeddable":true,"href":"http:\/\/www.tvturk.com\/index.php\/wp-json\/wp\/v2\/comments?post=167338"}],"version-history":[{"count":0,"href":"http:\/\/www.tvturk.com\/index.php\/wp-json\/wp\/v2\/posts\/167338\/revisions"}],"wp:featuredmedia":[{"embeddable":true,"href":"http:\/\/www.tvturk.com\/index.php\/wp-json\/wp\/v2\/media\/167339"}],"wp:attachment":[{"href":"http:\/\/www.tvturk.com\/index.php\/wp-json\/wp\/v2\/media?parent=167338"}],"wp:term":[{"taxonomy":"category","embeddable":true,"href":"http:\/\/www.tvturk.com\/index.php\/wp-json\/wp\/v2\/categories?post=167338"},{"taxonomy":"post_tag","embeddable":true,"href":"http:\/\/www.tvturk.com\/index.php\/wp-json\/wp\/v2\/tags?post=167338"}],"curies":[{"name":"wp","href":"https:\/\/api.w.org\/{rel}","templated":true}]}}