{"id":167412,"date":"2019-06-10T12:17:11","date_gmt":"2019-06-10T09:17:11","guid":{"rendered":"http:\/\/www.tvturk.com\/index.php\/tek-ayaginin-ustunde-oturan-heykel-adam-gorenleri-sasirtti\/"},"modified":"2019-06-10T12:17:11","modified_gmt":"2019-06-10T09:17:11","slug":"tek-ayaginin-ustunde-oturan-heykel-adam-gorenleri-sasirtti","status":"publish","type":"post","link":"http:\/\/www.tvturk.com\/index.php\/tek-ayaginin-ustunde-oturan-heykel-adam-gorenleri-sasirtti\/","title":{"rendered":"Tek aya\u011f\u0131n\u0131n \u00fcst\u00fcnde oturan heykel adam g\u00f6renleri \u015fa\u015f\u0131rtt\u0131"},"content":{"rendered":"<p>Denizli\u2019de a\u015f\u00e7\u0131l\u0131ktan arda kalan zamanlar\u0131nda canl\u0131 heykellik yapan 22 ya\u015f\u0131ndaki gen\u00e7, sergiledi\u011fi yeni performansla g\u00f6renlerin ilgisini \u00e7ekti. Tek aya\u011f\u0131n\u0131n \u00fcst\u00fcnde oturmay\u0131 ba\u015faran genci g\u00f6renler telefonlar\u0131na sar\u0131l\u0131p foto\u011fraf \u00e7ekti. Sergilenen performans\u0131 ilgin\u00e7 bulan baz\u0131 \u00e7ocuklar ise gencin oturdu\u011fu yerde bir \u015fey olup olmad\u0131\u011f\u0131n\u0131 kontrol etti, o anlar g\u00f6renlerin y\u00fcz\u00fcn\u00fc g\u00fcl\u00fcmsetti.<\/p>\n<p>Denizli\u2019de ya\u015fayan Emre Bal\u0131m (22), ger\u00e7ekle\u015ftirdi\u011fi canl\u0131 heykel performanslar\u0131yla g\u00f6renlerin ilgisini \u00e7ekiyor. As\u0131l mesle\u011fi a\u015f\u00e7\u0131l\u0131k olan Bal\u0131m, i\u015finden arda kalan zamanlarda Denizli\u2019nin en i\u015flek caddelerini renklendiriyor. Giysilerini, elini ve y\u00fcz\u00fcn\u00fc tamamen gri renge boyayan gen\u00e7 sanat\u00e7\u0131, dakikalarca hareketsiz kal\u0131yor bazen de m\u00fczik e\u015fli\u011finde dans ediyor. Yapt\u0131klar\u0131yla g\u00f6renleri \u015fa\u015f\u0131rtan Bal\u0131m, sahneledi\u011fi son performansla dikkatleri bir kez daha \u00fczerine \u00e7ekti. Kentin en i\u015flek caddelerinden biri olan Gazi Mustafa Kemal Pa\u015fa Bulvar\u0131 \u00fczerinde hareketsiz kalan Bal\u0131m, tek aya\u011f\u0131n\u0131n \u00fczerinde sandalyede oturuyormu\u015f gibi yaparak g\u00f6renleri \u015fa\u015f\u0131rtt\u0131. \u0130lgin\u00e7 g\u00f6r\u00fcnt\u00fcy\u00fc g\u00f6ren vatanda\u015flar ise telefonuna sar\u0131l\u0131p foto\u011fraf \u00e7ekti. Bal\u0131m\u2019\u0131n nas\u0131l oturdu\u011funu merak eden baz\u0131 \u00e7ocuklar da oturdu\u011fu yerin alt\u0131nda bir \u015fey olup olmad\u0131\u011f\u0131n\u0131 kontrol etti. \u00c7ocuklar\u0131n yapt\u0131\u011f\u0131 hareketler g\u00f6renlerin y\u00fcz\u00fcn\u00fc g\u00fcl\u00fcmsetti.<\/p>\n<p>\u201cG\u00f6r\u00fcnce \u00e7ok \u015fa\u015f\u0131r\u0131yorlar, ben de geli\u015ftirmeye \u00e7al\u0131\u015f\u0131yorum\u201d<\/p>\n<p>Sanata 4 y\u0131l \u00f6nce ba\u015flad\u0131\u011f\u0131n\u0131 ve 2019 ba\u015f\u0131nda Denizli\u2019ye getirdi\u011fini aktaran Bal\u0131m, yapm\u0131\u015f oldu\u011fu sanata olan ilginin g\u00fczel oldu\u011funu ve performanslar\u0131na her ge\u00e7en g\u00fcn bir \u015feyler eklemeye \u00e7al\u0131\u015ft\u0131\u011f\u0131n\u0131 ifade ederek, \u201cDenizlililer bu sanat\u0131 \u00e7ok sevdi. \u00dczerine s\u00fcrekli bir \u015feyler katmaya \u00e7al\u0131\u015f\u0131yoruz. Sosyal medyada da g\u00fczel tepkiler almaya ba\u015flad\u0131k. Denizli sevdik\u00e7e biz de onlar i\u00e7in yeni \u015feyler getirmeye \u00e7al\u0131\u015f\u0131yoruz. Bu yapt\u0131\u011f\u0131m\u0131z performans da daha farkl\u0131 bir performans, insanlar g\u00f6r\u00fcr g\u00f6rmez \u015fa\u015f\u0131r\u0131yorlar ve hemen foto\u011fraf \u00e7ekiyorlar. \u00c7ektiklerini sosyal medyalar\u0131nda payla\u015f\u0131yorlar. Bu beni ger\u00e7ekten mutlu ediyor. \u0130nsanlar\u0131m\u0131z\u0131n sanata de\u011fer vermesi ger\u00e7ekten g\u00fczel bir \u015fey\u201d dedi.<\/p>\n<p>G\u00f6steriyi izleyen vatanda\u015flar ise g\u00f6r\u00fcnce \u00e7ok \u015fa\u015f\u0131rd\u0131klar\u0131n\u0131 s\u00f6yledi.<\/p>\n","protected":false},"excerpt":{"rendered":"<p>DEN\u0130ZL\u0130\u2019DE A\u015e\u00c7ILIKTAN ARDA KALAN ZAMANLARINDA CANLI HEYKELL\u0130K YAPAN 22 YA\u015eINDAK\u0130 GEN\u00c7, SERG\u0130LED\u0130\u011e\u0130 YEN\u0130 PERFORMANS \u0130LE G\u00d6RENLER\u0130N \u0130LG\u0130S\u0130N\u0130 \u00c7EKT\u0130. TEK AYA\u011eININ \u00dcST\u00dcNDE OTURMAYI BA\u015eARAN GENC\u0130 G\u00d6RENLER TELEFONLARINA SARILIP FOTO\u011eRAF \u00c7EKT\u0130. SERG\u0130LENEN PERFORMANSI \u0130LG\u0130N\u00c7 BULAN BAZI \u00c7OCUKLAR \u0130SE GENC\u0130N OTURDU\u011eU YERDE B\u0130R \u015eEY OLUP OLMADI\u011eINI KONTROL ETT\u0130, O ANLAR G\u00d6RENLER\u0130N Y\u00dcZ\u00dcN\u00dc G\u00dcL\u00dcMSETT\u0130.<\/p>\n","protected":false},"author":1,"featured_media":167413,"comment_status":"closed","ping_status":"open","sticky":false,"template":"","format":"standard","meta":{"jetpack_post_was_ever_published":false,"_jetpack_newsletter_access":"","_jetpack_dont_email_post_to_subs":false,"_jetpack_newsletter_tier_id":0,"_jetpack_memberships_contains_paywalled_content":false,"_jetpack_memberships_contains_paid_content":false,"footnotes":"","jetpack_publicize_message":"","jetpack_publicize_feature_enabled":true,"jetpack_social_post_already_shared":true,"jetpack_social_options":{"image_generator_settings":{"template":"highway","default_image_id":0,"font":"","enabled":false},"version":2}},"categories":[656],"tags":[5386,9613,2447,17686,14019,2448,366,8925],"class_list":["post-167412","post","type-post","status-publish","format-standard","has-post-thumbnail","hentry","category-kultur-sanat","tag-adam","tag-ayaginin","tag-gorenleri","tag-heykel","tag-oturan","tag-sasirtti","tag-tek","tag-ustunde"],"jetpack_publicize_connections":[],"jetpack_featured_media_url":"https:\/\/i0.wp.com\/www.tvturk.com\/wp-content\/uploads\/2019\/06\/tek-ayaginin-ustunde-oturan-heykel-adam-gorenleri-sasirtti_e398c39.jpg?fit=1000%2C662","jetpack_sharing_enabled":true,"jetpack_shortlink":"https:\/\/wp.me\/paKIfm-Hyc","_links":{"self":[{"href":"http:\/\/www.tvturk.com\/index.php\/wp-json\/wp\/v2\/posts\/167412","targetHints":{"allow":["GET"]}}],"collection":[{"href":"http:\/\/www.tvturk.com\/index.php\/wp-json\/wp\/v2\/posts"}],"about":[{"href":"http:\/\/www.tvturk.com\/index.php\/wp-json\/wp\/v2\/types\/post"}],"author":[{"embeddable":true,"href":"http:\/\/www.tvturk.com\/index.php\/wp-json\/wp\/v2\/users\/1"}],"replies":[{"embeddable":true,"href":"http:\/\/www.tvturk.com\/index.php\/wp-json\/wp\/v2\/comments?post=167412"}],"version-history":[{"count":0,"href":"http:\/\/www.tvturk.com\/index.php\/wp-json\/wp\/v2\/posts\/167412\/revisions"}],"wp:featuredmedia":[{"embeddable":true,"href":"http:\/\/www.tvturk.com\/index.php\/wp-json\/wp\/v2\/media\/167413"}],"wp:attachment":[{"href":"http:\/\/www.tvturk.com\/index.php\/wp-json\/wp\/v2\/media?parent=167412"}],"wp:term":[{"taxonomy":"category","embeddable":true,"href":"http:\/\/www.tvturk.com\/index.php\/wp-json\/wp\/v2\/categories?post=167412"},{"taxonomy":"post_tag","embeddable":true,"href":"http:\/\/www.tvturk.com\/index.php\/wp-json\/wp\/v2\/tags?post=167412"}],"curies":[{"name":"wp","href":"https:\/\/api.w.org\/{rel}","templated":true}]}}