{"id":167430,"date":"2019-06-10T12:45:17","date_gmt":"2019-06-10T09:45:17","guid":{"rendered":"http:\/\/www.tvturk.com\/index.php\/besiktasta-vatandaslara-ucretsiz-goz-taramasi-basladi\/"},"modified":"2019-06-10T12:45:17","modified_gmt":"2019-06-10T09:45:17","slug":"besiktasta-vatandaslara-ucretsiz-goz-taramasi-basladi","status":"publish","type":"post","link":"http:\/\/www.tvturk.com\/index.php\/besiktasta-vatandaslara-ucretsiz-goz-taramasi-basladi\/","title":{"rendered":"Be\u015fikta\u015f\u2019ta vatanda\u015flara \u00fccretsiz g\u00f6z taramas\u0131 ba\u015flad\u0131"},"content":{"rendered":"<p>AK Parti Be\u015fikta\u015f \u0130l\u00e7e Ba\u015fkanl\u0131\u011f\u0131 taraf\u0131ndan Barbaros Meydan\u0131\u2019na getirilen t\u0131rda vatanda\u015flara \u00fccretsiz g\u00f6z taramas\u0131 yap\u0131ld\u0131. Muayene olduktan sonra g\u00f6z\u00fcnde rahats\u0131zl\u0131k \u00e7\u0131kan vatanda\u015flar bilgilendirilerek g\u00f6zl\u00fck verildi.<\/p>\n<p>AK Parti Be\u015fikta\u015f \u0130l\u00e7e Ba\u015fkanl\u0131\u011f\u0131 taraf\u0131ndan ba\u015flat\u0131lan \u00fccretsiz g\u00f6z taramas\u0131 kampanyas\u0131 kapsam\u0131nda Barbaros Meydan\u0131\u2019na t\u0131r getirildi. T\u0131r\u0131 g\u00f6ren vatanda\u015flar yan\u0131na gelerek yetkililerden bilgi ald\u0131ktan sonra g\u00f6zlerinden muayene oldu. Vatanda\u015flar\u0131n ilgi g\u00f6sterdi\u011fi tarama kampanyas\u0131nda kad\u0131n\u0131ndan \u00e7ocu\u011funa, ya\u015fl\u0131s\u0131ndan gencine her kesim muayene oldu. Muayene sonucunda g\u00f6zlerinde rahats\u0131zl\u0131k olan vatanda\u015flar doktor taraf\u0131ndan bilgilendirildi. G\u00f6zlerinde bozukluk \u00e7\u0131kan baz\u0131 vatanda\u015flara ise g\u00f6zl\u00fck verildi. 4 g\u00fcn boyunca s\u00fcrecek olan kampanyadan vatanda\u015flar olduk\u00e7a memnun kald\u0131.<\/p>\n<p>\u201cHizmetlerimiz \u0130BB Ba\u015fkan aday\u0131m\u0131z Binali Y\u0131ld\u0131r\u0131m ile daha da artacak\u201d<\/p>\n<p>Kampanya ile ilgili bilgi veren AK Parti Be\u015fikta\u015f \u0130l\u00e7e Ba\u015fkan\u0131 Fer\u015fat Y\u0131ld\u0131r\u0131m, &#8220;\u00d6ncelikle AK Parti olarak milletimizi hizmet yolunda daha \u00f6nce ger\u00e7ekle\u015ftirdi\u011fimiz sosyal sorumluluk ve hizmetler gibi bug\u00fcnde Be\u015fikta\u015f Barbaros Meydan\u0131\u2019nda g\u00f6z tarama ve \u00fccretsiz g\u00f6zl\u00fck hizmetimizi ba\u015flatm\u0131\u015f olduk. 4 g\u00fcn boyunca burada olaca\u011f\u0131z. Sonras\u0131nda mahallelerimizde bu hizmetleri yine devam ettirece\u011fiz. Bununla ilgili \u00e7al\u0131\u015fmalar\u0131m\u0131z devam ediyor. Vatanda\u015flar\u0131m\u0131z\u0131n da \u00e7ok g\u00fczel bir tevecc\u00fch\u00fc var. Muayene oluyorlar, bununla birlikte muayene olan vatanda\u015flar\u0131m\u0131z\u0131n re\u00e7eteleri kendine de veriliyor. Yak\u0131n g\u00f6zl\u00fckleri de hemen burada kargoya veriliyor. Arkalar\u0131ndan g\u00f6nderilmi\u015f oluyor. Bu hizmetimiz ay sonuna kadar devam edecek. Sonra ba\u015fka bir hizmetle devam edece\u011fiz. Hizmetlerin daha \u00e7ok artmas\u0131 \u0130BB Ba\u015fkan aday\u0131m\u0131z Binali Y\u0131ld\u0131r\u0131m ile ger\u00e7ek olacak\u201d dedi.<\/p>\n<p>Vatanda\u015flar kampanyadan memnun<\/p>\n<p>T\u0131rda muayene olan vatanda\u015flar ise tarama sayesinde g\u00f6zlerindeki rahats\u0131zl\u0131klar\u0131n\u0131 \u00f6\u011frendiklerini ve bu sayede erken te\u015fhisin \u00f6nemini bir kez daha g\u00f6rd\u00fcklerini belirtti. Kampanyadan memnun olan vatanda\u015flar, yetkililere ve doktorlara te\u015fekk\u00fcr etti. Taramas\u0131 yap\u0131lan vatanda\u015flar\u0131n g\u00f6zl\u00fcklerinin camlar\u0131n\u0131n kesilmesinin ard\u0131ndan kargo ile evlerine g\u00f6nderilece\u011fi \u00f6\u011frenildi.<\/p>\n","protected":false},"excerpt":{"rendered":"<p>AK PART\u0130 BE\u015e\u0130KTA\u015e \u0130L\u00c7E BA\u015eKANLI\u011eI TARAFINDAN BARBAROS MEYDANI\u2019NA GET\u0130R\u0130LEN TIRDA VATANDA\u015eLARA \u00dcCRETS\u0130Z G\u00d6Z TARAMASI YAPILDI.<\/p>\n","protected":false},"author":1,"featured_media":167431,"comment_status":"closed","ping_status":"open","sticky":false,"template":"","format":"standard","meta":{"jetpack_post_was_ever_published":false,"_jetpack_newsletter_access":"","_jetpack_dont_email_post_to_subs":false,"_jetpack_newsletter_tier_id":0,"_jetpack_memberships_contains_paywalled_content":false,"_jetpack_memberships_contains_paid_content":false,"footnotes":"","jetpack_publicize_message":"","jetpack_publicize_feature_enabled":true,"jetpack_social_post_already_shared":true,"jetpack_social_options":{"image_generator_settings":{"template":"highway","default_image_id":0,"font":"","enabled":false},"version":2}},"categories":[1],"tags":[55,3383,1126,4590,324,874],"class_list":["post-167430","post","type-post","status-publish","format-standard","has-post-thumbnail","hentry","category-genel","tag-basladi","tag-besiktasta","tag-goz","tag-taramasi","tag-ucretsiz","tag-vatandaslara"],"jetpack_publicize_connections":[],"jetpack_featured_media_url":"https:\/\/i0.wp.com\/www.tvturk.com\/wp-content\/uploads\/2019\/06\/besiktasta-vatandaslara-ucretsiz-goz-taramasi-basladi_2a3c144.jpg?fit=1000%2C750","jetpack_sharing_enabled":true,"jetpack_shortlink":"https:\/\/wp.me\/paKIfm-Hyu","_links":{"self":[{"href":"http:\/\/www.tvturk.com\/index.php\/wp-json\/wp\/v2\/posts\/167430","targetHints":{"allow":["GET"]}}],"collection":[{"href":"http:\/\/www.tvturk.com\/index.php\/wp-json\/wp\/v2\/posts"}],"about":[{"href":"http:\/\/www.tvturk.com\/index.php\/wp-json\/wp\/v2\/types\/post"}],"author":[{"embeddable":true,"href":"http:\/\/www.tvturk.com\/index.php\/wp-json\/wp\/v2\/users\/1"}],"replies":[{"embeddable":true,"href":"http:\/\/www.tvturk.com\/index.php\/wp-json\/wp\/v2\/comments?post=167430"}],"version-history":[{"count":0,"href":"http:\/\/www.tvturk.com\/index.php\/wp-json\/wp\/v2\/posts\/167430\/revisions"}],"wp:featuredmedia":[{"embeddable":true,"href":"http:\/\/www.tvturk.com\/index.php\/wp-json\/wp\/v2\/media\/167431"}],"wp:attachment":[{"href":"http:\/\/www.tvturk.com\/index.php\/wp-json\/wp\/v2\/media?parent=167430"}],"wp:term":[{"taxonomy":"category","embeddable":true,"href":"http:\/\/www.tvturk.com\/index.php\/wp-json\/wp\/v2\/categories?post=167430"},{"taxonomy":"post_tag","embeddable":true,"href":"http:\/\/www.tvturk.com\/index.php\/wp-json\/wp\/v2\/tags?post=167430"}],"curies":[{"name":"wp","href":"https:\/\/api.w.org\/{rel}","templated":true}]}}