{"id":167436,"date":"2019-06-10T12:51:44","date_gmt":"2019-06-10T09:51:44","guid":{"rendered":"http:\/\/www.tvturk.com\/index.php\/afyonkarahisarda-manda-varligi-artti\/"},"modified":"2019-06-10T12:51:44","modified_gmt":"2019-06-10T09:51:44","slug":"afyonkarahisarda-manda-varligi-artti","status":"publish","type":"post","link":"http:\/\/www.tvturk.com\/index.php\/afyonkarahisarda-manda-varligi-artti\/","title":{"rendered":"Afyonkarahisar\u2019da manda varl\u0131\u011f\u0131 artt\u0131"},"content":{"rendered":"<p>Tar\u0131m ve Orman Bakanl\u0131\u011f\u0131\u2019n\u0131n destek ve te\u015fvikiyle Afyonkarahisar\u2019da manda varl\u0131\u011f\u0131 artt\u0131. 8 y\u0131l \u00f6nce bin civar\u0131nda olan ana\u00e7 manda say\u0131s\u0131 2 kart artarak 2 bine yakla\u015ft\u0131.<\/p>\n<p>2011 y\u0131l\u0131nda Tar\u0131m ve Orman Bakanl\u0131\u011f\u0131 taraf\u0131nda ba\u015flat\u0131lan te\u015fvik sayesinde Afyonkarahisar\u2019da manda varl\u0131\u011f\u0131nda y\u00fczde 100 art\u0131\u015f ya\u015fand\u0131. S\u00fct\u00fc inek s\u00fct\u00fcnden 4 kat daha pahal\u0131 ve de\u011ferli olan bu a\u00e7\u0131dan \u00fcreticisinin de y\u00fcz\u00fcn\u00fc g\u00fcld\u00fcren manda yeti\u015ftiricili\u011fi destekleme projeleriyle g\u00fcn ge\u00e7tik\u00e7e artmaya devam ediyor. S\u00fct\u00fcnden yap\u0131lan e\u015fsiz lezzet kayma\u011f\u0131yla da kenttin tan\u0131t\u0131m\u0131na katk\u0131 sa\u011flayan manda kayma\u011f\u0131n\u0131n ilerleyen d\u00f6nemlerde say\u0131lar\u0131n\u0131n art\u0131\u015f g\u00f6stermeye devam etmesi bekleniyor. Afyonkarahisar\u2019da 2011 y\u0131l\u0131nda sadece bin ana\u00e7 manda varken \u015fimdi bu rakam 2 binlere kadar ula\u015fm\u0131\u015f durumda.<\/p>\n<p>MANDALARIMIZI YAYACAK YER BULAMIYORUZ<\/p>\n<p>Afyonkarahisar Merkeze ba\u011fl\u0131 K\u00fc\u00e7\u00fck\u00e7obanlar K\u00f6y\u00fc\u2019nde manda yeti\u015ftiricili\u011fiyle u\u011fra\u015fan \u00fcreticiler, hayvanlar\u0131n yayma alan\u0131 bulamad\u0131klar\u0131 konusunda s\u0131k\u0131nt\u0131 \u00e7ekiyor. Son y\u0131llarda \u015fehirle\u015fmenin artt\u0131\u011f\u0131 Afyonkarahisar\u2019da Uydukent TOK\u0130 civar\u0131nda mandalar\u0131n\u0131 yayan k\u00f6yl\u00fcler TOK\u0130\u2019nin yeni 750 konutluk projesi hayata ge\u00e7ti\u011finde mandalar\u0131n yayacak hi\u00e7bir alanlar\u0131n\u0131n kalmayaca\u011f\u0131n\u0131 s\u00f6yledi. Bu konuda yetkilerden destek bekleyen manda \u00fcreticileri, manda say\u0131s\u0131n\u0131n artmas\u0131 ve \u00e7ift\u00e7inin mutlu olmas\u0131 i\u00e7in buna bir \u00e7\u00f6z\u00fcm getirilmesi gerekti\u011fini s\u00f6yledi.<\/p>\n<p>1800 PROJEL\u0130 MANDA VAR<\/p>\n<p>Dam\u0131zl\u0131k Manda Yeti\u015ftiricileri Birli\u011fi Ba\u015fkan\u0131 \u00d6mer Kelem, \u015fuanda Afyonkarahisar\u2019da manda say\u0131s\u0131nda art\u0131\u015f ya\u015fand\u0131\u011f\u0131n\u0131 s\u00f6yledi. T\u00fcrkiye genlinde 80 binlere d\u00fc\u015fen rakamlar\u0131n 180\u2019binlere \u00e7\u0131kt\u0131\u011f\u0131n\u0131 ifade eden Kelem \u015f\u00f6yle devam etti;<\/p>\n<p>\u201c2011 y\u0131l\u0131nda Tar\u0131msal Ara\u015ft\u0131rmalar Genel M\u00fcd\u00fcrl\u00fc\u011f\u00fc ve Tar\u0131m Bakanl\u0131\u011f\u0131\u2019n\u0131n manda varl\u0131\u011f\u0131n\u0131n yok olmamas\u0131 i\u00e7in T\u00fcrkiye genelinde uygulad\u0131\u011f\u0131 Anadolu Mandas\u0131n\u0131n Halk Elinde Manda Islah\u0131 projesi desteklemeleri sayesinde oldu. Afyonkarahisar\u2019da 1800 projeli mandam\u0131z var. Yakla\u015f\u0131k 2500 civar\u0131nda da toplam ana\u00e7 manda vard\u0131. Pop\u00fclasyonumuz genel itibariyle yavrular\u0131yla beraber yakla\u015f\u0131k 4 bin civar\u0131nda. 2011 y\u0131l\u0131nda ba\u015flad\u0131\u011f\u0131m\u0131zda 1000 proje i\u00e7in ana\u00e7 manday\u0131 biz zor bulmu\u015ftuk. 2011 y\u0131l\u0131ndan bug\u00fcne kadar yakla\u015f\u0131k y\u00fczde 100 manda say\u0131s\u0131nda Afyonkarahisar\u2019da art\u0131\u015f var.\u201d<\/p>\n<p>MANDA KAYMA\u011eI AFYON\u2019U TANITIYOR<\/p>\n<p>Manda kayma\u011f\u0131n\u0131n Afyonkarahisar\u2019\u0131n tan\u0131t\u0131m\u0131nda katk\u0131s\u0131n\u0131n y\u00fcksek oldu\u011funu belirten Kelem; \u201cManda kayma\u011f\u0131 Afyonkarahisar\u2019\u0131n tan\u0131t\u0131m\u0131nda 1 numaral\u0131 tan\u0131t\u0131m\u0131n arac\u0131d\u0131r. Afyonkarahisar kaymak deyince akla manda kayma\u011f\u0131 gelir. Zaten manda kayma\u011f\u0131 yapm\u0131\u015ft\u0131r o i\u015fi. O y\u00fczden Afyonkarahisar\u2019\u0131n tan\u0131t\u0131m\u0131nda manda kayma\u011f\u0131n\u0131n katk\u0131s\u0131 \u00e7oktur. Her toplant\u0131ya gidiyoruz. Devlet b\u00fcy\u00fcklerimizin s\u00f6yledikleri Afyon deyince akla kayma\u011f\u0131 sucu\u011fu geliyor diyorlar. Ya 1\u2019incidir, ya 2\u2019incidir Afyonkarahisar\u2019\u0131n tan\u0131t\u0131m\u0131nda. O y\u00fczden manda kayma\u011f\u0131 bizim i\u00e7in \u00e7ok \u00f6nemlidir\u201d dedi.<\/p>\n<p>YET\u0130\u015eT\u0130R\u0130C\u0130LER B\u0130LG\u0130 SAH\u0130B\u0130 OLDU<\/p>\n<p>2011 y\u0131l\u0131nda ba\u015flat\u0131lan projeyle birlikte manda yeti\u015ftiricileri kendi mandalar\u0131n\u0131n ne kadar s\u00fct verdi\u011fini, ka\u00e7 litre s\u00fct verece\u011fini rahatl\u0131kla tahmin edebildi\u011fini a\u00e7\u0131klayan Kelem; \u201cBiz burada kay\u0131tlar tutarak \u0131slah projesi sayesinde \u015fuanda yeti\u015ftirdi\u011fimiz 1 mandan\u0131n bir sa\u011f\u0131m d\u00f6neminde ne kadar s\u00fct verece\u011fini her ay kay\u0131tlar alt\u0131na alarak \u00f6\u011frendik. Yeti\u015ftirici elinde mal\u0131n kalitelisini ve kalitesizini ay\u0131rmay\u0131 \u00f6\u011frendi. Biz bu veri kay\u0131tlar\u0131na bakarak da yeti\u015ftiriciye dam\u0131zl\u0131k yavrular\u0131 se\u00e7imini sa\u011flatt\u0131k. Projenin maddi kayna\u011f\u0131 da oldu. Devletin verdi\u011fi te\u015fvikin katk\u0131s\u0131yla beraber yeti\u015ftiricileri de bunun fark\u0131na var\u0131nca s\u00fct\u00fc de ticari anlamda iyi de\u011ferlendirildi\u011fi i\u00e7in say\u0131 artt\u0131\u201d ifadelerini kulland\u0131.<\/p>\n<p>10 L\u0130TRE MANDA S\u00dcT\u00dc 40 L\u0130TRE \u0130NEK S\u00dcT\u00dcNDEN DAHA DE\u011eERL\u0130D\u0130R<\/p>\n<p>10 litre manda s\u00fct\u00fcn\u00fcn 40 litre inek s\u00fct\u00fcnden daha de\u011ferli oldu\u011funu kaydeden Kelem; \u201cManda s\u00fct\u00fc di\u011fer hayvanlar\u0131n s\u00fct\u00fcne g\u00f6re ya\u011f ve protein oranlar\u0131 2-3 kat\u0131 y\u00fcksektir. \u0130nek s\u00fct\u00fcnde 3-4 gibi ya\u011f oran\u0131 varken, manda da 11-12\u2019lere \u00e7\u0131kar bu oran. Yani manda s\u00fct\u00fc \u00e7ok de\u011ferli bir s\u00fctt\u00fcr. Birde beyazd\u0131r. Hayvan ye\u015fil yer ne yerse yesin bembeyaz s\u00fct\u00fc olur. Kayma\u011f\u0131n\u0131n da zaten \u00f6zelli\u011fi beyaz olmas\u0131d\u0131r. Damak tad\u0131n\u0131n farkl\u0131 olmas\u0131 ve kalitesinin y\u00fcksek olmas\u0131 her zaman kendisini fark ettirir. Manda yakla\u015f\u0131k 8-10 litre civar\u0131nda s\u00fct verir, fakat 40 litre inek s\u00fct\u00fcnden daha de\u011ferlidir\u201d \u015feklinde konu\u015ftu.<\/p>\n<p>ANA\u00c7 MANDA SAYIMIZ 6\u2019DAN 23\u2019E \u00c7IKTI<\/p>\n<p>Manda Yeti\u015ftiricisi Fatih Y\u0131lmaz ise, devletin verdi\u011fi destek ve te\u015fvikle birlikte 6 olan ana\u00e7 manda say\u0131lar\u0131n\u0131 23\u2019e \u00e7\u0131kard\u0131klar\u0131n\u0131 s\u00f6yledi. Y\u0131lmaz \u015f\u00f6yle devam etti;<\/p>\n<p>\u201cMandac\u0131l\u0131\u011f\u0131n dedelerimizden gelen bir meslektir. Biz kaymak ve yo\u011furt\u00e7uluk yap\u0131yoruz. Biz bu i\u015fi ailecek seviyoruz. Devlet desteklerinden faydalan\u0131yoruz. 2011 y\u0131l\u0131nda proje ba\u015flat\u0131ld\u0131\u011f\u0131nda bizde 6 manda vard\u0131r. Bu devletimizin verdi\u011fi destekler sayesinde \u015fuanda say\u0131m\u0131z 23\u2019e ula\u015ft\u0131. \u015euanda 23 ana\u00e7 mandam\u0131z var. Manda s\u00fct\u00fcn\u00fc a\u011f\u0131rl\u0131kla kaymak ve s\u00fczme yo\u011furt yap\u0131yoruz. Bu \u015fekilde s\u00fctlerimizi de\u011ferlendiriyoruz.\u201d<\/p>\n","protected":false},"excerpt":{"rendered":"<p>TARIM VE ORMAN BAKANLI\u011eI\u2019NIN DESTEK VE TE\u015eV\u0130K\u0130YLE AFYONKARAH\u0130SAR\u2019DA MANDA VARLI\u011eI ARTTI. 8 YIL \u00d6NCE B\u0130N C\u0130VARINDA OLAN ANA\u00c7 MANDA SAYISI 2 KART ARTARAK 2 B\u0130NE YAKLA\u015eTI.<\/p>\n","protected":false},"author":1,"featured_media":167437,"comment_status":"closed","ping_status":"open","sticky":false,"template":"","format":"standard","meta":{"jetpack_post_was_ever_published":false,"_jetpack_newsletter_access":"","_jetpack_dont_email_post_to_subs":false,"_jetpack_newsletter_tier_id":0,"_jetpack_memberships_contains_paywalled_content":false,"_jetpack_memberships_contains_paid_content":false,"footnotes":"","jetpack_publicize_message":"","jetpack_publicize_feature_enabled":true,"jetpack_social_post_already_shared":true,"jetpack_social_options":{"image_generator_settings":{"template":"highway","default_image_id":0,"font":"","enabled":false},"version":2}},"categories":[1],"tags":[894,2929,18566,18845],"class_list":["post-167436","post","type-post","status-publish","format-standard","has-post-thumbnail","hentry","category-genel","tag-afyonkarahisarda","tag-artti","tag-manda","tag-varligi"],"jetpack_publicize_connections":[],"jetpack_featured_media_url":"https:\/\/i0.wp.com\/www.tvturk.com\/wp-content\/uploads\/2019\/06\/afyonkarahisarda-manda-varligi-artti_71f0806.jpg?fit=1000%2C664","jetpack_sharing_enabled":true,"jetpack_shortlink":"https:\/\/wp.me\/paKIfm-HyA","_links":{"self":[{"href":"http:\/\/www.tvturk.com\/index.php\/wp-json\/wp\/v2\/posts\/167436","targetHints":{"allow":["GET"]}}],"collection":[{"href":"http:\/\/www.tvturk.com\/index.php\/wp-json\/wp\/v2\/posts"}],"about":[{"href":"http:\/\/www.tvturk.com\/index.php\/wp-json\/wp\/v2\/types\/post"}],"author":[{"embeddable":true,"href":"http:\/\/www.tvturk.com\/index.php\/wp-json\/wp\/v2\/users\/1"}],"replies":[{"embeddable":true,"href":"http:\/\/www.tvturk.com\/index.php\/wp-json\/wp\/v2\/comments?post=167436"}],"version-history":[{"count":0,"href":"http:\/\/www.tvturk.com\/index.php\/wp-json\/wp\/v2\/posts\/167436\/revisions"}],"wp:featuredmedia":[{"embeddable":true,"href":"http:\/\/www.tvturk.com\/index.php\/wp-json\/wp\/v2\/media\/167437"}],"wp:attachment":[{"href":"http:\/\/www.tvturk.com\/index.php\/wp-json\/wp\/v2\/media?parent=167436"}],"wp:term":[{"taxonomy":"category","embeddable":true,"href":"http:\/\/www.tvturk.com\/index.php\/wp-json\/wp\/v2\/categories?post=167436"},{"taxonomy":"post_tag","embeddable":true,"href":"http:\/\/www.tvturk.com\/index.php\/wp-json\/wp\/v2\/tags?post=167436"}],"curies":[{"name":"wp","href":"https:\/\/api.w.org\/{rel}","templated":true}]}}