{"id":167462,"date":"2019-06-10T13:25:42","date_gmt":"2019-06-10T10:25:42","guid":{"rendered":"http:\/\/www.tvturk.com\/index.php\/malatyada-5-hastaya-ayni-anda-canli-vericiden-karaciger-nakli-yapilacak\/"},"modified":"2019-06-10T13:25:42","modified_gmt":"2019-06-10T10:25:42","slug":"malatyada-5-hastaya-ayni-anda-canli-vericiden-karaciger-nakli-yapilacak","status":"publish","type":"post","link":"http:\/\/www.tvturk.com\/index.php\/malatyada-5-hastaya-ayni-anda-canli-vericiden-karaciger-nakli-yapilacak\/","title":{"rendered":"Malatya\u2019da 5 hastaya ayn\u0131 anda canl\u0131 vericiden karaci\u011fer nakli yap\u0131lacak"},"content":{"rendered":"<p>Malatya Turgut \u00d6zal T\u0131p Merkezi \u2018inde ayn\u0131 anda 5 hastaya karaci\u011fer nakli operasyonu ger\u00e7ekle\u015ftirilecek. Bu nakil operasyonun Guinness Rekorlar kitab\u0131na girmesi hedefleniyor.<\/p>\n<p>Canl\u0131dan canl\u0131ya en \u00e7ok karaci\u011fer naklinde Avrupa\u2019da birinci d\u00fcnyada ise ikinci s\u0131rada olan Malatya \u0130n\u00f6n\u00fc \u00dcniversitesi Turgut \u00d6zal T\u0131p Merkezi 12 Haziran\u2019da 5 karaci\u011fer nakli ayn\u0131 anda yap\u0131lacak. Yani, 5 al\u0131c\u0131-5 verici 10 ameliyat e\u015f zamanl\u0131 ger\u00e7ekle\u015fecek. Bu ger\u00e7ekle\u015ftirmenin Guinness Rekorlar kitab\u0131na girmesi bekleniyor.<\/p>\n<p>Yap\u0131lacak olan nakil operasyonu hakk\u0131nda bilgi veren \u0130n\u00f6n\u00fc \u00dcniversitesi Rekt\u00f6r\u00fc Prof.Dr. Ahmet K\u0131z\u0131lay, \u201c12 Haziran \u00c7ar\u015famba g\u00fcn\u00fc Turgut \u00d6zal t\u0131p Merkezimiz Karaci\u011fer nakli enstit\u00fcm\u00fcz de \u00e7ok \u00f6nemli bir ameliyatlar serisi yap\u0131lacakt\u0131r. T\u00fcrkiye\u2019nin ve Avrupa\u2019n\u0131n karaci\u011fer merkezi olan hastanemiz b\u00fcy\u00fck ba\u015far\u0131s\u0131na yeni bir ba\u015far\u0131y\u0131 da eklemek istiyor \u201cdedi.<\/p>\n<p>Bug\u00fcne kadar hastane 2 bin 500 \u00fczerinde karaci\u011fer naklinin yap\u0131ld\u0131\u011f\u0131n\u0131 ve y\u00fczde 89 gibi bir ba\u015far\u0131n\u0131n yakaland\u0131\u011f\u0131n\u0131 belirten K\u0131z\u0131lay, \u201d2002\u2019de ba\u015flayan karaci\u011fer naklinde bug\u00fcne kadar 2 bin 500 \u00fczerinde \u00e7\u0131km\u0131\u015f durumday\u0131z 2011 y\u0131l\u0131nda karaci\u011fer nakli enstit\u00fcm\u00fcz kuruldu ve bu d\u00fcnyada bir ilk oldu. 2016 y\u0131l\u0131nda da Turgut \u00d6zal T\u0131p Merkezimizin b\u00fcnyesinde 152 yatakl\u0131 karaci\u011fer nakli hastanesi a\u00e7\u0131ld\u0131 152 yata\u011f\u0131n tamam\u0131nda a\u00e7amad\u0131k \u015fu anda y\u00fczde 80 kapasite ile \u00e7al\u0131\u015f\u0131yoruz 2018 y\u0131l\u0131nda 272 nakil yap\u0131ld\u0131 bu nakillerde y\u00fczde 89 ba\u015far\u0131 oran\u0131 yakalad\u0131k\u201d ifadelerini kulland\u0131.<\/p>\n<p>12 Haziran Yap\u0131lacak olan nakil, i\u00e7in Guinness Rekorlar Kitab\u0131na girmeyi hedeflediklerini ifade eden K\u0131z\u0131lay,\u201d  2018 y\u0131l\u0131 haziran ay\u0131nda yapt\u0131\u011f\u0131m\u0131z uluslararas\u0131 karaci\u011fer nakli toplant\u0131s\u0131nda e\u015f zamanl\u0131 olarak ayn\u0131 anda 3 nakli karaci\u011fer ameliyat\u0131 yapm\u0131\u015ft\u0131k.  Uluslararas\u0131 kat\u0131l\u0131ml\u0131 hocalar\u0131m\u0131z o g\u00fcn Guinness Rekorlar Kitab\u0131\u2019na ge\u00e7mesin uygun olaca\u011f\u0131na d\u00fcnyan\u0131n hi\u00e7bir yerinde ayn\u0131 anda 3 karaci\u011fer naklinin yap\u0131lamad\u0131\u011f\u0131n\u0131 b\u00f6yle bir donanman\u0131n hi\u00e7bir hastanede olmad\u0131\u011f\u0131n\u0131 ifade etiler.  Bunun \u00fczerine Bu y\u0131l 12 Haziran 2019 \u00c7ar\u015famba g\u00fcn\u00fc 5 canl\u0131 vericili karaci\u011fer naklini, 5 al\u0131c\u0131 5 verici olmak \u00fczere ayn\u0131 anda 10 ameliyat\u0131 yap\u0131lacak biz de bunu \u201cGuinness Rekorlar kitab\u0131na \u201d sunmay\u0131 planlad\u0131k\u201d diye konu\u015ftu.<\/p>\n","protected":false},"excerpt":{"rendered":"<p>\u0130N\u00d6N\u00dc \u00dcN\u0130VERS\u0130TES\u0130 REKT\u00d6R\u00dc PROF.DR. AHMET KIZILAY, \u201c12 HAZ\u0130RAN \u00c7AR\u015eAMBA G\u00dcN\u00dc TURGUT \u00d6ZAL TIP MERKEZ\u0130M\u0130Z KARAC\u0130\u011eER NAKL\u0130 ENST\u0130T\u00dcM\u00dcZ DE \u00c7OK \u00d6NEML\u0130 B\u0130R AMEL\u0130YATLAR SER\u0130S\u0130 YAPILACAKTIR. T\u00dcRK\u0130YE&#8217;N\u0130N VE AVRUPA&#8217;NIN KARAC\u0130\u011eER MERKEZ\u0130 OLAN HASTANEM\u0130Z B\u00dcY\u00dcK BA\u015eARISINA YEN\u0130 B\u0130R BA\u015eARIYI DA EKLEMEK \u0130ST\u0130YOR \u201cDED\u0130.<\/p>\n","protected":false},"author":1,"featured_media":167463,"comment_status":"closed","ping_status":"open","sticky":false,"template":"","format":"standard","meta":{"jetpack_post_was_ever_published":false,"_jetpack_newsletter_access":"","_jetpack_dont_email_post_to_subs":false,"_jetpack_newsletter_tier_id":0,"_jetpack_memberships_contains_paywalled_content":false,"_jetpack_memberships_contains_paid_content":false,"footnotes":"","jetpack_publicize_message":"","jetpack_publicize_feature_enabled":true,"jetpack_social_post_already_shared":true,"jetpack_social_options":{"image_generator_settings":{"template":"highway","default_image_id":0,"font":"","enabled":false},"version":2}},"categories":[1],"tags":[1241,569,4023,4589,22177,2883,12189,40066,158],"class_list":["post-167462","post","type-post","status-publish","format-standard","has-post-thumbnail","hentry","category-genel","tag-anda","tag-ayni","tag-canli","tag-hastaya","tag-karaciger","tag-malatyada","tag-nakli","tag-vericiden","tag-yapilacak"],"jetpack_publicize_connections":[],"jetpack_featured_media_url":"https:\/\/i0.wp.com\/www.tvturk.com\/wp-content\/uploads\/2019\/06\/malatyada-5-hastaya-ayni-anda-canli-vericiden-karaciger-nakli-yapilacak_9b036f6.jpg?fit=1000%2C666","jetpack_sharing_enabled":true,"jetpack_shortlink":"https:\/\/wp.me\/paKIfm-Hz0","_links":{"self":[{"href":"http:\/\/www.tvturk.com\/index.php\/wp-json\/wp\/v2\/posts\/167462","targetHints":{"allow":["GET"]}}],"collection":[{"href":"http:\/\/www.tvturk.com\/index.php\/wp-json\/wp\/v2\/posts"}],"about":[{"href":"http:\/\/www.tvturk.com\/index.php\/wp-json\/wp\/v2\/types\/post"}],"author":[{"embeddable":true,"href":"http:\/\/www.tvturk.com\/index.php\/wp-json\/wp\/v2\/users\/1"}],"replies":[{"embeddable":true,"href":"http:\/\/www.tvturk.com\/index.php\/wp-json\/wp\/v2\/comments?post=167462"}],"version-history":[{"count":0,"href":"http:\/\/www.tvturk.com\/index.php\/wp-json\/wp\/v2\/posts\/167462\/revisions"}],"wp:featuredmedia":[{"embeddable":true,"href":"http:\/\/www.tvturk.com\/index.php\/wp-json\/wp\/v2\/media\/167463"}],"wp:attachment":[{"href":"http:\/\/www.tvturk.com\/index.php\/wp-json\/wp\/v2\/media?parent=167462"}],"wp:term":[{"taxonomy":"category","embeddable":true,"href":"http:\/\/www.tvturk.com\/index.php\/wp-json\/wp\/v2\/categories?post=167462"},{"taxonomy":"post_tag","embeddable":true,"href":"http:\/\/www.tvturk.com\/index.php\/wp-json\/wp\/v2\/tags?post=167462"}],"curies":[{"name":"wp","href":"https:\/\/api.w.org\/{rel}","templated":true}]}}