{"id":167498,"date":"2019-06-10T14:12:19","date_gmt":"2019-06-10T11:12:19","guid":{"rendered":"http:\/\/www.tvturk.com\/index.php\/kore-gazisi-yusuf-babacana-son-gorev\/"},"modified":"2019-06-10T14:12:19","modified_gmt":"2019-06-10T11:12:19","slug":"kore-gazisi-yusuf-babacana-son-gorev","status":"publish","type":"post","link":"http:\/\/www.tvturk.com\/index.php\/kore-gazisi-yusuf-babacana-son-gorev\/","title":{"rendered":"Kore Gazisi Yusuf Babacan\u2019a son g\u00f6rev"},"content":{"rendered":"<p>Ad\u0131yaman\u2019da ya\u015fayan 90 ya\u015f\u0131ndaki Kore Gazisi Yusuf Babacan, d\u00fczenlenen askeri t\u00f6renin ard\u0131ndan son yolculu\u011funa u\u011furland\u0131.<\/p>\n<p>Ad\u0131yaman merkez S\u00fcmerevler Mahallesi\u2019ndeki evinde vefat eden 90 ya\u015f\u0131ndaki Kore Gazisi Yusuf Babacan, d\u00fczenlenen askeri t\u00f6renle son yolculu\u011funa u\u011furland\u0131. Kore Gazisi Yusuf Babacan i\u00e7in Ad\u0131yaman merkez Yeni Mezarl\u0131k Camii\u2019nde \u00f6\u011fle namaz\u0131n\u0131 m\u00fcteakip askeri t\u00f6ren d\u00fczenlendi. T\u00f6rene Ad\u0131yaman Valisi Aykut Pekmez, \u0130l Jandarma Komutan\u0131 Albay Ercan Atasoy, Emniyet M\u00fcd\u00fcr\u00fc Metin Alper, T\u00fcrkiye Harp Malul\u00fc Gaziler, \u015eehit, Dul ve Yetimler Derne\u011fi Ad\u0131yaman \u015eube Ba\u015fkan\u0131 Hac\u0131 Erdengi, askeri erkan ve yak\u0131nlar\u0131 kat\u0131ld\u0131.<\/p>\n<p>Kore Gazisi Yusuf Babacan\u2019\u0131n T\u00fcrk bayra\u011f\u0131na sar\u0131l\u0131 naa\u015f\u0131, askerlerin omuzlar\u0131nda t\u00f6ren alan\u0131na getirildi. K\u0131l\u0131nan cenaze namaz\u0131n\u0131n ard\u0131ndan Babacan, yak\u0131nlar\u0131 ve arkada\u015flar\u0131ndan helallik al\u0131narak  Yeni Mezarl\u0131k\u2019ta defnedildi.<\/p>\n","protected":false},"excerpt":{"rendered":"<p>ADIYAMAN&#8217;DA YA\u015eAYAN 90 YA\u015eINDAK\u0130 KORE GAZ\u0130S\u0130 YUSUF BABACAN, D\u00dcZENLENEN ASKER\u0130 T\u00d6REN\u0130N ARDINDAN SON YOLCULU\u011eUNA U\u011eURLANDI.<\/p>\n","protected":false},"author":1,"featured_media":167499,"comment_status":"closed","ping_status":"open","sticky":false,"template":"","format":"standard","meta":{"jetpack_post_was_ever_published":false,"_jetpack_newsletter_access":"","_jetpack_dont_email_post_to_subs":false,"_jetpack_newsletter_tier_id":0,"_jetpack_memberships_contains_paywalled_content":false,"_jetpack_memberships_contains_paid_content":false,"footnotes":"","jetpack_publicize_message":"","jetpack_publicize_feature_enabled":true,"jetpack_social_post_already_shared":true,"jetpack_social_options":{"image_generator_settings":{"template":"highway","default_image_id":0,"font":"","enabled":false},"version":2}},"categories":[1],"tags":[40077,7567,333,146,1240,5292],"class_list":["post-167498","post","type-post","status-publish","format-standard","has-post-thumbnail","hentry","category-genel","tag-babacana","tag-gazisi","tag-gorev","tag-kore","tag-son","tag-yusuf"],"jetpack_publicize_connections":[],"jetpack_featured_media_url":"https:\/\/i0.wp.com\/www.tvturk.com\/wp-content\/uploads\/2019\/06\/kore-gazisi-yusuf-babacana-son-gorev_76c8e72.jpg?fit=1000%2C666","jetpack_sharing_enabled":true,"jetpack_shortlink":"https:\/\/wp.me\/paKIfm-HzA","_links":{"self":[{"href":"http:\/\/www.tvturk.com\/index.php\/wp-json\/wp\/v2\/posts\/167498","targetHints":{"allow":["GET"]}}],"collection":[{"href":"http:\/\/www.tvturk.com\/index.php\/wp-json\/wp\/v2\/posts"}],"about":[{"href":"http:\/\/www.tvturk.com\/index.php\/wp-json\/wp\/v2\/types\/post"}],"author":[{"embeddable":true,"href":"http:\/\/www.tvturk.com\/index.php\/wp-json\/wp\/v2\/users\/1"}],"replies":[{"embeddable":true,"href":"http:\/\/www.tvturk.com\/index.php\/wp-json\/wp\/v2\/comments?post=167498"}],"version-history":[{"count":0,"href":"http:\/\/www.tvturk.com\/index.php\/wp-json\/wp\/v2\/posts\/167498\/revisions"}],"wp:featuredmedia":[{"embeddable":true,"href":"http:\/\/www.tvturk.com\/index.php\/wp-json\/wp\/v2\/media\/167499"}],"wp:attachment":[{"href":"http:\/\/www.tvturk.com\/index.php\/wp-json\/wp\/v2\/media?parent=167498"}],"wp:term":[{"taxonomy":"category","embeddable":true,"href":"http:\/\/www.tvturk.com\/index.php\/wp-json\/wp\/v2\/categories?post=167498"},{"taxonomy":"post_tag","embeddable":true,"href":"http:\/\/www.tvturk.com\/index.php\/wp-json\/wp\/v2\/tags?post=167498"}],"curies":[{"name":"wp","href":"https:\/\/api.w.org\/{rel}","templated":true}]}}