{"id":167542,"date":"2019-06-10T16:00:50","date_gmt":"2019-06-10T13:00:50","guid":{"rendered":"http:\/\/www.tvturk.com\/index.php\/eskisehirsporda-3-yillik-imza\/"},"modified":"2019-06-10T16:00:50","modified_gmt":"2019-06-10T13:00:50","slug":"eskisehirsporda-3-yillik-imza","status":"publish","type":"post","link":"http:\/\/www.tvturk.com\/index.php\/eskisehirsporda-3-yillik-imza\/","title":{"rendered":"Eski\u015fehirspor\u2019da 3 y\u0131ll\u0131k imza"},"content":{"rendered":"<p>Eski\u015fehirspor, 15 ya\u015f\u0131ndaki altyap\u0131 oyuncusu Bu\u011fra \u00c7a\u011fl\u0131yan ile 3 y\u0131ll\u0131k profesyonel s\u00f6zle\u015fme imzalad\u0131.<\/p>\n<p>Spor Toto 1. Lig ekiplerinden Eski\u015fehirspor, transfer sezonunun a\u00e7\u0131lmas\u0131 ile birlikte ilk imzay\u0131 att\u0131. Yeni sezon \u00f6ncesi Siyah K\u0131rm\u0131z\u0131l\u0131lar\u0131n U-15 ya\u015f kategorisi tak\u0131m\u0131 kaptan\u0131 olan Bu\u011fra \u00c7a\u011fl\u0131yan, 3 y\u0131ll\u0131k s\u00f6zle\u015fmeye imza att\u0131. Resmi siteden yap\u0131lan a\u00e7\u0131klamada; gen\u00e7 futbolcuya Eski\u015fehirspor formas\u0131 ile ba\u015far\u0131lar dilenirken \u00c7a\u011fl\u0131yan, kendisini profesyonelli\u011fe ta\u015f\u0131yan ilk imzay\u0131 att\u0131. \u0130mza t\u00f6reninde haz\u0131r bulunan ba\u015fkanvekili Mehmet \u015eim\u015fek &#8220;G\u00f6nl\u00fc ve kalbi ile Eski\u015fehirspor\u2019u ya\u015fayan t\u00fcm yetenekli gen\u00e7lerimize sahip \u00e7\u0131kmak boynumuzun borcudur&#8221; dedi.<\/p>\n","protected":false},"excerpt":{"rendered":"<p>ESK\u0130\u015eEH\u0130RSPOR\u2019DA 3 YILLIK \u0130MZA<\/p>\n","protected":false},"author":1,"featured_media":167543,"comment_status":"closed","ping_status":"open","sticky":false,"template":"","format":"standard","meta":{"jetpack_post_was_ever_published":false,"_jetpack_newsletter_access":"","_jetpack_dont_email_post_to_subs":false,"_jetpack_newsletter_tier_id":0,"_jetpack_memberships_contains_paywalled_content":false,"_jetpack_memberships_contains_paid_content":false,"footnotes":"","jetpack_publicize_message":"","jetpack_publicize_feature_enabled":true,"jetpack_social_post_already_shared":true,"jetpack_social_options":{"image_generator_settings":{"template":"highway","default_image_id":0,"font":"","enabled":false},"version":2}},"categories":[657],"tags":[2066,4434,710],"class_list":["post-167542","post","type-post","status-publish","format-standard","has-post-thumbnail","hentry","category-spor","tag-eskisehirsporda","tag-imza","tag-yillik"],"jetpack_publicize_connections":[],"jetpack_featured_media_url":"https:\/\/i0.wp.com\/www.tvturk.com\/wp-content\/uploads\/2019\/06\/eskisehirsporda-3-yillik-imza_938fc48.jpg?fit=800%2C600","jetpack_sharing_enabled":true,"jetpack_shortlink":"https:\/\/wp.me\/paKIfm-HAi","_links":{"self":[{"href":"http:\/\/www.tvturk.com\/index.php\/wp-json\/wp\/v2\/posts\/167542","targetHints":{"allow":["GET"]}}],"collection":[{"href":"http:\/\/www.tvturk.com\/index.php\/wp-json\/wp\/v2\/posts"}],"about":[{"href":"http:\/\/www.tvturk.com\/index.php\/wp-json\/wp\/v2\/types\/post"}],"author":[{"embeddable":true,"href":"http:\/\/www.tvturk.com\/index.php\/wp-json\/wp\/v2\/users\/1"}],"replies":[{"embeddable":true,"href":"http:\/\/www.tvturk.com\/index.php\/wp-json\/wp\/v2\/comments?post=167542"}],"version-history":[{"count":0,"href":"http:\/\/www.tvturk.com\/index.php\/wp-json\/wp\/v2\/posts\/167542\/revisions"}],"wp:featuredmedia":[{"embeddable":true,"href":"http:\/\/www.tvturk.com\/index.php\/wp-json\/wp\/v2\/media\/167543"}],"wp:attachment":[{"href":"http:\/\/www.tvturk.com\/index.php\/wp-json\/wp\/v2\/media?parent=167542"}],"wp:term":[{"taxonomy":"category","embeddable":true,"href":"http:\/\/www.tvturk.com\/index.php\/wp-json\/wp\/v2\/categories?post=167542"},{"taxonomy":"post_tag","embeddable":true,"href":"http:\/\/www.tvturk.com\/index.php\/wp-json\/wp\/v2\/tags?post=167542"}],"curies":[{"name":"wp","href":"https:\/\/api.w.org\/{rel}","templated":true}]}}