{"id":167552,"date":"2019-06-10T16:18:17","date_gmt":"2019-06-10T13:18:17","guid":{"rendered":"http:\/\/www.tvturk.com\/index.php\/otomobilin-carptigi-kopek-tedavi-altina-alindi\/"},"modified":"2019-06-10T16:18:17","modified_gmt":"2019-06-10T13:18:17","slug":"otomobilin-carptigi-kopek-tedavi-altina-alindi","status":"publish","type":"post","link":"http:\/\/www.tvturk.com\/index.php\/otomobilin-carptigi-kopek-tedavi-altina-alindi\/","title":{"rendered":"Otomobilin \u00e7arpt\u0131\u011f\u0131 k\u00f6pek tedavi alt\u0131na al\u0131nd\u0131"},"content":{"rendered":"<p>Tokat\u2019\u0131n Pazar il\u00e7esinde bir otomobilin \u00e7arpmas\u0131 sonucu aya\u011f\u0131 k\u0131r\u0131lan sokak k\u00f6pe\u011fi tedavisi i\u00e7in Samsun\u2019a g\u00f6nderildi.<\/p>\n<p>Edinilen bilgiye g\u00f6re, Pazar il\u00e7esinde otomobilin \u00e7arpmas\u0131 sonucu yaralanan k\u00f6pe\u011fin tedavisi i\u00e7in \u00e7al\u0131\u015fma ba\u015flat\u0131ld\u0131. Pazar Belediye Ba\u015fkan\u0131 Erdo\u011fan Y\u0131lmaz\u2019\u0131n talimatlar\u0131 ile belediyenin s\u00f6zle\u015fmeli veterineri taraf\u0131ndan muayene edilen k\u00f6pe\u011fin \u00f6n aya\u011f\u0131nda k\u0131r\u0131k tespit edildi. K\u00f6pe\u011fin tedavisinin klinikte yap\u0131lmas\u0131 i\u00e7in Yerel Hayvan Koruma G\u00f6revlisi Leyla \u00c7etin \u00dcnl\u00fc\u2019den destek istendi. Klinikte k\u00f6pe\u011fin tedavi edilmesi i\u00e7in hayvansever ticari ara\u00e7 s\u00fcr\u00fcc\u00fcn\u00fcn yak\u0131t\u0131 kar\u015f\u0131lanarak k\u00f6pek Samsun\u2019a g\u00f6nderildi. Pazar Belediye Ba\u015fkan\u0131 Erdo\u011fan Y\u0131lmaz, tedavi alt\u0131na al\u0131nan k\u00f6pe\u011fin sa\u011fl\u0131k durumunun iyiye gitti\u011fini kaydetti. \u00d6n aya\u011f\u0131nda k\u0131r\u0131k olan k\u00f6pe\u011fin tedavi s\u00fcrecini takip ettiklerini ifade eden Y\u0131lmaz, &#8220;K\u00f6pe\u011fin tedavisi i\u00e7in Leyla han\u0131m arac\u0131l\u0131\u011f\u0131 ile klinik ayarlad\u0131k. Bir hayvansever taksici sadece yak\u0131t paras\u0131 ile Samsun\u2019a k\u00f6pe\u011fi g\u00f6t\u00fcrd\u00fc. Klinikten tedavi s\u00fcreci ile ilgili foto\u011fraflar att\u0131lar. Sa\u011fl\u0131k durumu iyiye gidiyor. Belediye olarak il\u00e7emizde sokak k\u00f6peklerinin tedavisi ve bak\u0131mlar\u0131 i\u00e7in bar\u0131nak yapaca\u011f\u0131z&#8221; diye konu\u015ftu.,<\/p>\n<p>\u00d6te yandan klinikte tedavisi devam eden k\u00f6pe\u011fin ameliyat edilece\u011fi kaydedildi.<\/p>\n","protected":false},"excerpt":{"rendered":"<p>TOKAT\u2019IN PAZAR \u0130L\u00c7ES\u0130NDE B\u0130R OTOMOB\u0130L\u0130N \u00c7ARPMASI SONUCU AYA\u011eI KIRILAN SOKAK K\u00d6PE\u011e\u0130 TEDAV\u0130S\u0130 \u0130\u00c7\u0130N SAMSUN&#8217;A G\u00d6NDER\u0130LD\u0130.<\/p>\n","protected":false},"author":1,"featured_media":167553,"comment_status":"closed","ping_status":"open","sticky":false,"template":"","format":"standard","meta":{"jetpack_post_was_ever_published":false,"_jetpack_newsletter_access":"","_jetpack_dont_email_post_to_subs":false,"_jetpack_newsletter_tier_id":0,"_jetpack_memberships_contains_paywalled_content":false,"_jetpack_memberships_contains_paid_content":false,"footnotes":"","jetpack_publicize_message":"","jetpack_publicize_feature_enabled":true,"jetpack_social_post_already_shared":true,"jetpack_social_options":{"image_generator_settings":{"template":"highway","default_image_id":0,"font":"","enabled":false},"version":2}},"categories":[1],"tags":[1014,1186,3516,1375,3515,144],"class_list":["post-167552","post","type-post","status-publish","format-standard","has-post-thumbnail","hentry","category-genel","tag-alindi","tag-altina","tag-carptigi","tag-kopek","tag-otomobilin","tag-tedavi"],"jetpack_publicize_connections":[],"jetpack_featured_media_url":"https:\/\/i0.wp.com\/www.tvturk.com\/wp-content\/uploads\/2019\/06\/otomobilin-carptigi-kopek-tedavi-altina-alindi_e33d3f5.jpg?fit=1000%2C750","jetpack_sharing_enabled":true,"jetpack_shortlink":"https:\/\/wp.me\/paKIfm-HAs","_links":{"self":[{"href":"http:\/\/www.tvturk.com\/index.php\/wp-json\/wp\/v2\/posts\/167552","targetHints":{"allow":["GET"]}}],"collection":[{"href":"http:\/\/www.tvturk.com\/index.php\/wp-json\/wp\/v2\/posts"}],"about":[{"href":"http:\/\/www.tvturk.com\/index.php\/wp-json\/wp\/v2\/types\/post"}],"author":[{"embeddable":true,"href":"http:\/\/www.tvturk.com\/index.php\/wp-json\/wp\/v2\/users\/1"}],"replies":[{"embeddable":true,"href":"http:\/\/www.tvturk.com\/index.php\/wp-json\/wp\/v2\/comments?post=167552"}],"version-history":[{"count":0,"href":"http:\/\/www.tvturk.com\/index.php\/wp-json\/wp\/v2\/posts\/167552\/revisions"}],"wp:featuredmedia":[{"embeddable":true,"href":"http:\/\/www.tvturk.com\/index.php\/wp-json\/wp\/v2\/media\/167553"}],"wp:attachment":[{"href":"http:\/\/www.tvturk.com\/index.php\/wp-json\/wp\/v2\/media?parent=167552"}],"wp:term":[{"taxonomy":"category","embeddable":true,"href":"http:\/\/www.tvturk.com\/index.php\/wp-json\/wp\/v2\/categories?post=167552"},{"taxonomy":"post_tag","embeddable":true,"href":"http:\/\/www.tvturk.com\/index.php\/wp-json\/wp\/v2\/tags?post=167552"}],"curies":[{"name":"wp","href":"https:\/\/api.w.org\/{rel}","templated":true}]}}