{"id":167566,"date":"2019-06-10T16:33:22","date_gmt":"2019-06-10T13:33:22","guid":{"rendered":"http:\/\/www.tvturk.com\/index.php\/mor-tarlalar-fotograf-studyosuna-dondu\/"},"modified":"2019-06-10T16:33:22","modified_gmt":"2019-06-10T13:33:22","slug":"mor-tarlalar-fotograf-studyosuna-dondu","status":"publish","type":"post","link":"http:\/\/www.tvturk.com\/index.php\/mor-tarlalar-fotograf-studyosuna-dondu\/","title":{"rendered":"Mor tarlalar, foto\u011fraf st\u00fcdyosuna d\u00f6nd\u00fc"},"content":{"rendered":"<p>Edirne\u2019de, bu y\u0131l ikincisi ger\u00e7ekle\u015ftirilen \u2018Lavanta g\u00fcnleri\u2019 ba\u015flad\u0131. \u2018Mor c\u00fcmb\u00fc\u015fle\u2019 hem g\u00f6ze hem de ruha hitap eden lavanta tarlalar\u0131, foto\u011fraf st\u00fcdyosuna d\u00f6nd\u00fc.<\/p>\n<p>Edirne\u2019de tar\u0131msal \u00e7e\u015fitlili\u011fi artt\u0131rmak, ekonomik, tar\u0131msal girdilere katk\u0131 sa\u011flamak, verimsiz arazileri de\u011ferlendirmek ve tar\u0131m odakl\u0131 k\u00fclt\u00fcrel &#8211; gastronomi turizmine destek amac\u0131 ile Trakya Tar\u0131msal Ara\u015ft\u0131rma Enstit\u00fcs\u00fc M\u00fcd\u00fcrl\u00fc\u011f\u00fc ve Edirne Tan\u0131t\u0131m Turizm Derne\u011fi i\u015fbirli\u011finde, PEREJA katk\u0131lar\u0131 ile 10-16 Haziran 2019 tarihlerinde ger\u00e7ekle\u015fiyor. Trakya Tar\u0131msal Ara\u015ft\u0131rma Enstit\u00fcs\u00fc M\u00fcd\u00fcrl\u00fc\u011f\u00fc\u2019n\u00fcn Lavanta Tarlas\u0131\u2019nda d\u00fczenlenen etkinliklerde, y\u00fczlerce ziyaret\u00e7i mor bah\u00e7eleri doldurdu.<\/p>\n<p>Mor tarlalar, foto\u011fraf st\u00fcdyosuna d\u00f6nd\u00fc<\/p>\n<p>2. Edirne Lavanta Tarla G\u00fcnleri\u2019nde, \u2018Edirne Lavanta Kokuyor \u2019 adl\u0131 etkinliklerde lavanta tarlalar\u0131 adeta foto\u011fraf st\u00fcdyolar\u0131na d\u00f6nd\u00fc. Gelin damat \u00e7iftlerinden, minik \u00e7ocuklara y\u00fczlerce ki\u015fi mor c\u00fcmb\u00fc\u015f\u00fcm ya\u015fand\u0131\u011f\u0131 tarlalara ak\u0131n etti.<\/p>\n<p>\u201cHayalimiz Edirne\u2019de lavanta k\u00f6yleri\u201d<\/p>\n<p>Edirne Tan\u0131t\u0131m ve Turizm Derne\u011fi Ba\u015fkan\u0131 B\u00fclent Bac\u0131o\u011flu, gazetecilere yapt\u0131\u011f\u0131 a\u00e7\u0131klamada, ge\u00e7ti\u011fimiz y\u0131l lavanta tarla g\u00fcnlerinin ilkini ger\u00e7ekle\u015ftirdiklerini ve yo\u011fun ilginin ard\u0131ndan bu y\u0131l daha geni\u015f kapsaml\u0131 bir programla bir hafta boyunca \u00e7e\u015fitli etkinlikler haz\u0131rlad\u0131klar\u0131n\u0131 s\u00f6yledi. Bac\u0131o\u011flu, ileri ki d\u00f6nemlerde esas hedef ve hayallerinin Edirne\u2019de lavanta k\u00f6yleri olu\u015fturmak oldu\u011funu kaydetti.<\/p>\n<p>\u201c\u0130nsanlar lavanta koklamaya Edirne\u2019ye geliyor\u201d<\/p>\n<p>Edirne Tan\u0131tma ve Tava Ci\u011fer Kalite Koruma Derne\u011fi Ba\u015fkan\u0131 Bahri Dinar da kentin d\u00fcnyaca \u00fcnl\u00fc lezzeti tava ci\u011fer gastronomisinin yan\u0131n bir de lavanta g\u00fcnleri ile birlikte agro turizm ile birlikte Edirne\u2019nin tam bir turizm \u00e7ekim merkezi olma yolunda h\u0131zla ilerledi\u011fini s\u00f6yledi.<\/p>\n<p>\u2018Mor c\u00fcmb\u00fc\u015f\u2019 ile birlikte lavanta tarlalar\u0131n\u0131n hem g\u00f6ze hem de ruha hitap etti\u011fini dile getiren ziyaret\u00e7iler, g\u00fcn boyu mor tarlalar\u0131 adeta foto\u011fraf st\u00fcdyosuna \u00e7evirdi.<\/p>\n","protected":false},"excerpt":{"rendered":"<p>ED\u0130RNE TANITIM VE TUR\u0130ZM DERNE\u011e\u0130 BA\u015eKANI B\u00dcLENT BACIO\u011eLU<\/p>\n","protected":false},"author":1,"featured_media":167567,"comment_status":"closed","ping_status":"open","sticky":false,"template":"","format":"standard","meta":{"jetpack_post_was_ever_published":false,"_jetpack_newsletter_access":"","_jetpack_dont_email_post_to_subs":false,"_jetpack_newsletter_tier_id":0,"_jetpack_memberships_contains_paywalled_content":false,"_jetpack_memberships_contains_paid_content":false,"footnotes":"","jetpack_publicize_message":"","jetpack_publicize_feature_enabled":true,"jetpack_social_post_already_shared":true,"jetpack_social_options":{"image_generator_settings":{"template":"highway","default_image_id":0,"font":"","enabled":false},"version":2}},"categories":[1],"tags":[990,5874,9982,34183,34868],"class_list":["post-167566","post","type-post","status-publish","format-standard","has-post-thumbnail","hentry","category-genel","tag-dondu","tag-fotograf","tag-mor","tag-studyosuna","tag-tarlalar"],"jetpack_publicize_connections":[],"jetpack_featured_media_url":"https:\/\/i0.wp.com\/www.tvturk.com\/wp-content\/uploads\/2019\/06\/mor-tarlalar-fotograf-studyosuna-dondu_ee35c98.jpg?fit=1000%2C666","jetpack_sharing_enabled":true,"jetpack_shortlink":"https:\/\/wp.me\/paKIfm-HAG","_links":{"self":[{"href":"http:\/\/www.tvturk.com\/index.php\/wp-json\/wp\/v2\/posts\/167566","targetHints":{"allow":["GET"]}}],"collection":[{"href":"http:\/\/www.tvturk.com\/index.php\/wp-json\/wp\/v2\/posts"}],"about":[{"href":"http:\/\/www.tvturk.com\/index.php\/wp-json\/wp\/v2\/types\/post"}],"author":[{"embeddable":true,"href":"http:\/\/www.tvturk.com\/index.php\/wp-json\/wp\/v2\/users\/1"}],"replies":[{"embeddable":true,"href":"http:\/\/www.tvturk.com\/index.php\/wp-json\/wp\/v2\/comments?post=167566"}],"version-history":[{"count":0,"href":"http:\/\/www.tvturk.com\/index.php\/wp-json\/wp\/v2\/posts\/167566\/revisions"}],"wp:featuredmedia":[{"embeddable":true,"href":"http:\/\/www.tvturk.com\/index.php\/wp-json\/wp\/v2\/media\/167567"}],"wp:attachment":[{"href":"http:\/\/www.tvturk.com\/index.php\/wp-json\/wp\/v2\/media?parent=167566"}],"wp:term":[{"taxonomy":"category","embeddable":true,"href":"http:\/\/www.tvturk.com\/index.php\/wp-json\/wp\/v2\/categories?post=167566"},{"taxonomy":"post_tag","embeddable":true,"href":"http:\/\/www.tvturk.com\/index.php\/wp-json\/wp\/v2\/tags?post=167566"}],"curies":[{"name":"wp","href":"https:\/\/api.w.org\/{rel}","templated":true}]}}