{"id":167582,"date":"2019-06-10T16:59:22","date_gmt":"2019-06-10T13:59:22","guid":{"rendered":"http:\/\/www.tvturk.com\/index.php\/ar-ge-ve-kariyer-gunleri-festivali-basladi\/"},"modified":"2019-06-10T16:59:22","modified_gmt":"2019-06-10T13:59:22","slug":"ar-ge-ve-kariyer-gunleri-festivali-basladi","status":"publish","type":"post","link":"http:\/\/www.tvturk.com\/index.php\/ar-ge-ve-kariyer-gunleri-festivali-basladi\/","title":{"rendered":"Ar-Ge ve Kariyer G\u00fcnleri Festivali ba\u015flad\u0131"},"content":{"rendered":"<p>\u0130neg\u00f6l Belediyesi\u2019nin bu y\u0131l ilk kez d\u00fczenledi\u011fi 1. Proje, AR-GE ve Kariyer G\u00fcnleri Festivali ba\u015flad\u0131. Festivalde \u00f6\u011frencilerin haz\u0131rlad\u0131\u011f\u0131 proje ve bulu\u015flar b\u00fcy\u00fck ilgi g\u00f6rd\u00fc.<\/p>\n<p>\u0130neg\u00f6l Belediyesi, gen\u00e7ler ba\u015fta olmak \u00fczere b\u00fct\u00fcn vatanda\u015flar\u0131n ara\u015ft\u0131rma ve geli\u015ftirme s\u00fcre\u00e7lerine katk\u0131 sunulabilmesi maksad\u0131yla bu y\u0131l ilk kez 1. Proje, AR-GE ve Kariyer G\u00fcnleri Festivali d\u00fczenledi. \u201cGelece\u011fe Sobe\u201d slogan\u0131yla gelece\u011fi yakala temas\u0131yla d\u00fczenlenen festival, Atat\u00fcrk An\u0131t\u0131 arkas\u0131ndaki alanda a\u00e7\u0131ld\u0131.<\/p>\n<p>13 Haziran tarihine kadar devam edecek festivalde yer alan stantlarda \u00e7e\u015fitli kurum ve kurulu\u015flar taraf\u0131ndan ger\u00e7ekle\u015ftirilecek proje sunumlar\u0131, \u00f6d\u00fcll\u00fc teknik ve sosyal i\u00e7erikli yar\u0131\u015fmalar robot, drone, maket u\u00e7ak, crawler, ka\u011f\u0131t u\u00e7ak, ak\u0131l oyunlar\u0131, fikir k\u00fcrs\u00fcs\u00fc, geleneksel oyunlar ve kariyer s\u00f6yle\u015fileri gibi bir\u00e7ok faaliyet ger\u00e7ekle\u015ftirilecek. Toplam 22 bin 500 TL \u00f6d\u00fcl da\u011f\u0131t\u0131lacak. Sabah saat 10.00\u2019dan ak\u015fam 23.30\u2019a kadar d\u00f6rt g\u00fcn boyunca s\u00fcrecek festivalde, her g\u00fcn farkl\u0131 bir heyecan ya\u015fanacak.<\/p>\n<p>T\u00f6renin a\u00e7\u0131l\u0131\u015f\u0131nda konu\u015fan Belediye Ba\u015fkan\u0131 Alper Taban, \u201cBug\u00fcn burada 1\u2019incisini ger\u00e7ekle\u015ftirdi\u011fimiz Proje, AR-GE ve Kariyer G\u00fcnleri ad\u0131 alt\u0131nda ba\u015flatt\u0131\u011f\u0131m\u0131z bir \u00e7al\u0131\u015fma i\u00e7in bir araya geldik. Bir de slogan\u0131m\u0131z var; \u2018Gelece\u011fe Sobe\u2019. Bunun da anlam\u0131 gelece\u011fi yakalamak. Bildi\u011finiz gibi kalk\u0131nan, geli\u015fen \u00fclkeleri ve \u015fehirleri g\u00f6r\u00fcyoruz. Ortaya koyduklar\u0131 fark\u0131ndal\u0131klar\u0131, elde ettikleri kazan\u0131mlar\u0131 g\u00f6r\u00fcyoruz. Tabii biz bunun \u00fclke ve \u015fehir olarak neresindeyiz. Ben de bu \u015fehrin bir y\u00f6neticisi olarak \u015fehrimizdeki gen\u00e7lerimizi, insan kayna\u011f\u0131n\u0131 nas\u0131l harekete ge\u00e7irebiliriz d\u00fc\u015f\u00fcncesiyle se\u00e7im d\u00f6neminde de beyanlar\u0131m\u0131z\u0131n aras\u0131na katt\u0131\u011f\u0131m\u0131z fark\u0131ndal\u0131k \u00e7al\u0131\u015fmalar\u0131n\u0131 bir bir hayata ge\u00e7irmeye ba\u015flad\u0131k. 4 g\u00fcn s\u00fcren bir festival olacak. Yar\u0131\u015fmalar sonucunda dereceye girenlere \u00f6d\u00fcllerimiz olacak. Bunlar\u0131 biz sadece kendi belediyemiz taraf\u0131ndan de\u011fil sponsorlar marifetiyle hayata ge\u00e7iriyoruz. \u015eehrimizde \u00e7ok k\u0131ymetli, de\u011ferli i\u015fadamlar\u0131m\u0131z, yat\u0131r\u0131mc\u0131lar\u0131m\u0131z var. M\u00fcte\u015febbis ruha sahip i\u015fadamlar\u0131m\u0131z ve esnaflar\u0131m\u0131z var. Ne zaman kap\u0131lar\u0131n\u0131 \u00e7alsak bizleri geri \u00e7evirmiyorlar. Kendilerine de \u00e7ok te\u015fekk\u00fcr ediyorum. Firmalar\u0131m\u0131za te\u015fekk\u00fcr ediyorum. Burada bir \u015feyleri ya\u015fayarak g\u00f6rece\u011fiz. Teknolojik geli\u015fmeleri, robotik kurslar, yar\u0131\u015fmalar, drone yar\u0131\u015fmalar\u0131n\u0131 g\u00f6rece\u011fiz. Kariyer g\u00fcnleri kapsam\u0131nda da burada \u00f6nemli etkinliklere ev sahipli\u011fi yapm\u0131\u015f olaca\u011f\u0131z\u201d diye konu\u015ftu.<\/p>\n<p>Ard\u0131ndan a\u00e7\u0131lan stantlar tek tek gezerek incelendi. \u00d6\u011frencilerin yapt\u0131\u011f\u0131 projeler dikkat \u00e7ekerken, \u00f6zellikle elektrikli araba ilgi oda\u011f\u0131 oldu.<\/p>\n","protected":false},"excerpt":{"rendered":"<p>\u0130NEG\u00d6L BELED\u0130YES\u0130\u2019N\u0130N BU YIL \u0130LK KEZ D\u00dcZENLED\u0130\u011e\u0130 1. PROJE, AR-GE VE KAR\u0130YER G\u00dcNLER\u0130 FEST\u0130VAL\u0130 BA\u015eLADI. FEST\u0130VALDE \u00d6\u011eRENC\u0130LER\u0130N HAZIRLADI\u011eI PROJE VE BULU\u015eLAR B\u00dcY\u00dcK \u0130LG\u0130 G\u00d6RD\u00dc.<\/p>\n","protected":false},"author":1,"featured_media":167583,"comment_status":"closed","ping_status":"open","sticky":false,"template":"","format":"standard","meta":{"jetpack_post_was_ever_published":false,"_jetpack_newsletter_access":"","_jetpack_dont_email_post_to_subs":false,"_jetpack_newsletter_tier_id":0,"_jetpack_memberships_contains_paywalled_content":false,"_jetpack_memberships_contains_paid_content":false,"footnotes":"","jetpack_publicize_message":"","jetpack_publicize_feature_enabled":true,"jetpack_social_post_already_shared":true,"jetpack_social_options":{"image_generator_settings":{"template":"highway","default_image_id":0,"font":"","enabled":false},"version":2}},"categories":[1],"tags":[6991,55,3400,64,4508],"class_list":["post-167582","post","type-post","status-publish","format-standard","has-post-thumbnail","hentry","category-genel","tag-ar-ge","tag-basladi","tag-festivali","tag-gunleri","tag-kariyer"],"jetpack_publicize_connections":[],"jetpack_featured_media_url":"https:\/\/i0.wp.com\/www.tvturk.com\/wp-content\/uploads\/2019\/06\/ar-ge-ve-kariyer-gunleri-festivali-basladi_1ce7d95.jpg?fit=1000%2C666","jetpack_sharing_enabled":true,"jetpack_shortlink":"https:\/\/wp.me\/paKIfm-HAW","_links":{"self":[{"href":"http:\/\/www.tvturk.com\/index.php\/wp-json\/wp\/v2\/posts\/167582","targetHints":{"allow":["GET"]}}],"collection":[{"href":"http:\/\/www.tvturk.com\/index.php\/wp-json\/wp\/v2\/posts"}],"about":[{"href":"http:\/\/www.tvturk.com\/index.php\/wp-json\/wp\/v2\/types\/post"}],"author":[{"embeddable":true,"href":"http:\/\/www.tvturk.com\/index.php\/wp-json\/wp\/v2\/users\/1"}],"replies":[{"embeddable":true,"href":"http:\/\/www.tvturk.com\/index.php\/wp-json\/wp\/v2\/comments?post=167582"}],"version-history":[{"count":0,"href":"http:\/\/www.tvturk.com\/index.php\/wp-json\/wp\/v2\/posts\/167582\/revisions"}],"wp:featuredmedia":[{"embeddable":true,"href":"http:\/\/www.tvturk.com\/index.php\/wp-json\/wp\/v2\/media\/167583"}],"wp:attachment":[{"href":"http:\/\/www.tvturk.com\/index.php\/wp-json\/wp\/v2\/media?parent=167582"}],"wp:term":[{"taxonomy":"category","embeddable":true,"href":"http:\/\/www.tvturk.com\/index.php\/wp-json\/wp\/v2\/categories?post=167582"},{"taxonomy":"post_tag","embeddable":true,"href":"http:\/\/www.tvturk.com\/index.php\/wp-json\/wp\/v2\/tags?post=167582"}],"curies":[{"name":"wp","href":"https:\/\/api.w.org\/{rel}","templated":true}]}}