{"id":167602,"date":"2019-06-10T17:35:01","date_gmt":"2019-06-10T14:35:01","guid":{"rendered":"http:\/\/www.tvturk.com\/index.php\/bisikletle-polonyaya-kacak-girmeye-calisan-turk-yakalandi\/"},"modified":"2019-06-10T17:35:01","modified_gmt":"2019-06-10T14:35:01","slug":"bisikletle-polonyaya-kacak-girmeye-calisan-turk-yakalandi","status":"publish","type":"post","link":"http:\/\/www.tvturk.com\/index.php\/bisikletle-polonyaya-kacak-girmeye-calisan-turk-yakalandi\/","title":{"rendered":"Bisikletle Polonya\u2019ya ka\u00e7ak girmeye \u00e7al\u0131\u015fan T\u00fcrk yakaland\u0131"},"content":{"rendered":"<p>Polonya S\u0131n\u0131r Koruma g\u00f6revlileri, \u00fclkeye Ukrayna\u2019dan bisikletle ka\u00e7ak olarak giren bir T\u00fcrk vatanda\u015f\u0131n\u0131 yakalad\u0131.<\/p>\n<p>Polonya\u2019da Bieszczady S\u0131n\u0131r Koruma Birimi\u2019nden yap\u0131lan a\u00e7\u0131klamaya g\u00f6re olay 4 Haziran Sal\u0131 g\u00fcn\u00fc meydana geldi. Polonya ile Ukrayna aras\u0131ndaki Budomierz S\u0131n\u0131r Kap\u0131s\u0131 yak\u0131nlar\u0131nda devriye gezen s\u0131n\u0131r koruma g\u00f6revlileri ormanl\u0131k alanda bisikletle gezen bir ki\u015fiyi yakalad\u0131. Da\u011fl\u0131k ve ormanl\u0131k olmas\u0131 dolay\u0131s\u0131yla dikenli tel ve may\u0131nl\u0131 arazinin olmad\u0131\u011f\u0131 s\u00f6z konusu b\u00f6lgede s\u0131k s\u0131k ka\u00e7ak giri\u015flerin ya\u015fanmas\u0131 dolay\u0131s\u0131yla g\u00f6revliler, bisikletli ki\u015fiye kimlik kontrol\u00fc uygulad\u0131. Kontrol neticesinde bisikletli \u015fahs\u0131n 36 ya\u015f\u0131nda T\u00fcrk vatanda\u015f\u0131 oldu\u011fu ve Polonya\u2019ya ka\u00e7ak yollarla girdi\u011fi belirlendi. G\u00f6zalt\u0131na al\u0131nan \u015fah\u0131s sorgusunda, amac\u0131n\u0131n Almanya\u2019ya gitmek oldu\u011funu, fark edilmemek i\u00e7in iki \u00fclke s\u0131n\u0131r\u0131 boyunca uzanan \u201cye\u015fil hat\u201d olarak tabir edilen yolda seyahat eden bisikletli turist grubunun aras\u0131na kar\u0131\u015fmay\u0131 ama\u00e7lad\u0131\u011f\u0131n\u0131 s\u00f6yledi. G\u00f6revliler ve \u00e7evre sakinleri taraf\u0131ndan fark edilmemek i\u00e7in bu yolu tercih etti\u011fi s\u00f6yleyen T\u00fcrk vatanda\u015f\u0131, en yak\u0131n tren istasyonunda ise bisikletli gruptan ayr\u0131larak Almanya\u2019ya gitmeyi planlad\u0131\u011f\u0131n\u0131 belirtti. Para cezas\u0131na \u00e7arpt\u0131r\u0131lan ismi a\u00e7\u0131klanmayan \u015fah\u0131s daha sonra anla\u015fma gere\u011fi Ukrayna\u2019dan giri\u015f yapt\u0131\u011f\u0131 i\u00e7in bu \u00fclkeye iade edildi.<\/p>\n<p>Bisikletli ka\u00e7a\u011f\u0131n T\u00fcrkiye\u2019den Ukrayna\u2019ya yasal yollarla geldi\u011fi, Lviv kentinde kald\u0131\u011f\u0131 s\u00fcre i\u00e7erisinde kentteki bir pazardan kullan\u0131lm\u0131\u015f bir bisiklet sat\u0131n ald\u0131\u011f\u0131 da belirlendi.<\/p>\n","protected":false},"excerpt":{"rendered":"<p>POLONYA SINIR KORUMA G\u00d6REVL\u0130LER\u0130, \u00dcLKEYE UKRAYNA\u2019DAN B\u0130S\u0130KLETLE KA\u00c7AK OLARAK G\u0130REN B\u0130R T\u00dcRK VATANDA\u015eINI YAKALADI.<\/p>\n","protected":false},"author":1,"featured_media":167603,"comment_status":"closed","ping_status":"open","sticky":false,"template":"","format":"standard","meta":{"jetpack_post_was_ever_published":false,"_jetpack_newsletter_access":"","_jetpack_dont_email_post_to_subs":false,"_jetpack_newsletter_tier_id":0,"_jetpack_memberships_contains_paywalled_content":false,"_jetpack_memberships_contains_paid_content":false,"footnotes":"","jetpack_publicize_message":"","jetpack_publicize_feature_enabled":true,"jetpack_social_post_already_shared":true,"jetpack_social_options":{"image_generator_settings":{"template":"highway","default_image_id":0,"font":"","enabled":false},"version":2}},"categories":[10],"tags":[12310,1050,15592,535,13562,957,1010],"class_list":["post-167602","post","type-post","status-publish","format-standard","has-post-thumbnail","hentry","category-dunya","tag-bisikletle","tag-calisan","tag-girmeye","tag-kacak","tag-polonyaya","tag-turk","tag-yakalandi"],"jetpack_publicize_connections":[],"jetpack_featured_media_url":"https:\/\/i0.wp.com\/www.tvturk.com\/wp-content\/uploads\/2019\/06\/bisikletle-polonyaya-kacak-girmeye-calisan-turk-yakalandi_d632c9f.jpg?fit=1000%2C657","jetpack_sharing_enabled":true,"jetpack_shortlink":"https:\/\/wp.me\/paKIfm-HBg","_links":{"self":[{"href":"http:\/\/www.tvturk.com\/index.php\/wp-json\/wp\/v2\/posts\/167602","targetHints":{"allow":["GET"]}}],"collection":[{"href":"http:\/\/www.tvturk.com\/index.php\/wp-json\/wp\/v2\/posts"}],"about":[{"href":"http:\/\/www.tvturk.com\/index.php\/wp-json\/wp\/v2\/types\/post"}],"author":[{"embeddable":true,"href":"http:\/\/www.tvturk.com\/index.php\/wp-json\/wp\/v2\/users\/1"}],"replies":[{"embeddable":true,"href":"http:\/\/www.tvturk.com\/index.php\/wp-json\/wp\/v2\/comments?post=167602"}],"version-history":[{"count":0,"href":"http:\/\/www.tvturk.com\/index.php\/wp-json\/wp\/v2\/posts\/167602\/revisions"}],"wp:featuredmedia":[{"embeddable":true,"href":"http:\/\/www.tvturk.com\/index.php\/wp-json\/wp\/v2\/media\/167603"}],"wp:attachment":[{"href":"http:\/\/www.tvturk.com\/index.php\/wp-json\/wp\/v2\/media?parent=167602"}],"wp:term":[{"taxonomy":"category","embeddable":true,"href":"http:\/\/www.tvturk.com\/index.php\/wp-json\/wp\/v2\/categories?post=167602"},{"taxonomy":"post_tag","embeddable":true,"href":"http:\/\/www.tvturk.com\/index.php\/wp-json\/wp\/v2\/tags?post=167602"}],"curies":[{"name":"wp","href":"https:\/\/api.w.org\/{rel}","templated":true}]}}