{"id":167612,"date":"2019-06-10T17:41:29","date_gmt":"2019-06-10T14:41:29","guid":{"rendered":"http:\/\/www.tvturk.com\/index.php\/yogun-yagis-polatlidaki-tarlalari-vurdu\/"},"modified":"2019-06-10T17:41:29","modified_gmt":"2019-06-10T14:41:29","slug":"yogun-yagis-polatlidaki-tarlalari-vurdu","status":"publish","type":"post","link":"http:\/\/www.tvturk.com\/index.php\/yogun-yagis-polatlidaki-tarlalari-vurdu\/","title":{"rendered":"Yo\u011fun ya\u011f\u0131\u015f Polatl\u0131\u2019daki tarlalar\u0131 vurdu"},"content":{"rendered":"<p>Ankara\u2019n\u0131n Polatl\u0131 il\u00e7esinde 3,5 saat s\u00fcren sa\u011fanak ya\u011f\u0131\u015f \u00d6merler Mahallesi\u2019ndeki ekili arazileri vurdu. Bir\u00e7ok tarlan\u0131n sular alt\u0131nda kalmas\u0131 sonras\u0131 Polatl\u0131 Kaymakam\u0131 Mahmut Nedim Tun\u00e7er mahallede incelemelerde bulundu.<\/p>\n<p>Sa\u011fanak ya\u011f\u0131\u015fla birlikte dolu ya\u011fmas\u0131 bu\u011fday tarlalar\u0131n\u0131 etkiledi. Tam hasat d\u00f6nemine geldi\u011fini belirten \u00e7ift\u00e7iler yetkililerden yard\u0131m istedi.<\/p>\n<p>B\u00f6lgede incelemelerde bulunan Kaymakam Tun\u00e7er, &#8220;Kaymakaml\u0131k olarak vatanda\u015flar\u0131m\u0131z\u0131n her zaman yan\u0131nday\u0131z, ilgili kurumlarla irtibata ge\u00e7ilecek ve zararlar\u0131n telafisi ile alakal\u0131 s\u00fcre\u00e7 takip edilecek. Selden etkilenen ailelere ge\u00e7mi\u015f olsun&#8221; dedi.<\/p>\n<p>Ankara Valili\u011fi ise Polatl\u0131\u2019da da bir k\u0131s\u0131m ekili alanlar\u0131n su bask\u0131n\u0131na maruz kald\u0131\u011f\u0131n\u0131 belirtti\u011fi a\u00e7\u0131klamada, &#8220;AFAD, DS\u0130, belediyeler ba\u015fta olmak \u00fczere sorumlu t\u00fcm birimler ya\u011f\u0131\u015flar\u0131n ba\u015flad\u0131\u011f\u0131 andan itibaren kendi sorumluluk alanlar\u0131nda m\u00fcdahale ve hasar tespitine y\u00f6nelik gerekli \u00e7al\u0131\u015fmalar\u0131 yo\u011fun bir gayretle s\u00fcrd\u00fcrmektedir&#8221; ifadelerine yer verdi.<\/p>\n","protected":false},"excerpt":{"rendered":"<p>B\u00d6LGEDE \u0130NCELEMELERDE BULUNAN KAYMAKAM TUN\u00c7ER, &#8220;KAYMAKAMLIK OLARAK VATANDA\u015eLARIMIZIN HER ZAMAN YANINDAYIZ, \u0130LG\u0130L\u0130 KURUMLARLA \u0130RT\u0130BATA GE\u00c7\u0130LECEK VE ZARARLARIN TELAF\u0130S\u0130 \u0130LE ALAKALI S\u00dcRE\u00c7 TAK\u0130P ED\u0130LECEK. SELDEN ETK\u0130LENEN A\u0130LELERE GE\u00c7M\u0130\u015e OLSUN&#8221; DED\u0130.<\/p>\n","protected":false},"author":1,"featured_media":167613,"comment_status":"closed","ping_status":"open","sticky":false,"template":"","format":"standard","meta":{"jetpack_post_was_ever_published":false,"_jetpack_newsletter_access":"","_jetpack_dont_email_post_to_subs":false,"_jetpack_newsletter_tier_id":0,"_jetpack_memberships_contains_paywalled_content":false,"_jetpack_memberships_contains_paid_content":false,"footnotes":"","jetpack_publicize_message":"","jetpack_publicize_feature_enabled":true,"jetpack_social_post_already_shared":true,"jetpack_social_options":{"image_generator_settings":{"template":"highway","default_image_id":0,"font":"","enabled":false},"version":2}},"categories":[1],"tags":[17964,25892,2180,1577,2640],"class_list":["post-167612","post","type-post","status-publish","format-standard","has-post-thumbnail","hentry","category-genel","tag-polatlidaki","tag-tarlalari","tag-vurdu","tag-yagis","tag-yogun"],"jetpack_publicize_connections":[],"jetpack_featured_media_url":"https:\/\/i0.wp.com\/www.tvturk.com\/wp-content\/uploads\/2019\/06\/yogun-yagis-polatlidaki-tarlalari-vurdu_96dcc9b.jpg?fit=1000%2C562","jetpack_sharing_enabled":true,"jetpack_shortlink":"https:\/\/wp.me\/paKIfm-HBq","_links":{"self":[{"href":"http:\/\/www.tvturk.com\/index.php\/wp-json\/wp\/v2\/posts\/167612","targetHints":{"allow":["GET"]}}],"collection":[{"href":"http:\/\/www.tvturk.com\/index.php\/wp-json\/wp\/v2\/posts"}],"about":[{"href":"http:\/\/www.tvturk.com\/index.php\/wp-json\/wp\/v2\/types\/post"}],"author":[{"embeddable":true,"href":"http:\/\/www.tvturk.com\/index.php\/wp-json\/wp\/v2\/users\/1"}],"replies":[{"embeddable":true,"href":"http:\/\/www.tvturk.com\/index.php\/wp-json\/wp\/v2\/comments?post=167612"}],"version-history":[{"count":0,"href":"http:\/\/www.tvturk.com\/index.php\/wp-json\/wp\/v2\/posts\/167612\/revisions"}],"wp:featuredmedia":[{"embeddable":true,"href":"http:\/\/www.tvturk.com\/index.php\/wp-json\/wp\/v2\/media\/167613"}],"wp:attachment":[{"href":"http:\/\/www.tvturk.com\/index.php\/wp-json\/wp\/v2\/media?parent=167612"}],"wp:term":[{"taxonomy":"category","embeddable":true,"href":"http:\/\/www.tvturk.com\/index.php\/wp-json\/wp\/v2\/categories?post=167612"},{"taxonomy":"post_tag","embeddable":true,"href":"http:\/\/www.tvturk.com\/index.php\/wp-json\/wp\/v2\/tags?post=167612"}],"curies":[{"name":"wp","href":"https:\/\/api.w.org\/{rel}","templated":true}]}}