{"id":167620,"date":"2019-06-10T18:03:17","date_gmt":"2019-06-10T15:03:17","guid":{"rendered":"http:\/\/www.tvturk.com\/index.php\/avrupada-final-oynayan-ragbi-milli-takimi-yurda-dondu\/"},"modified":"2019-06-10T18:03:17","modified_gmt":"2019-06-10T15:03:17","slug":"avrupada-final-oynayan-ragbi-milli-takimi-yurda-dondu","status":"publish","type":"post","link":"http:\/\/www.tvturk.com\/index.php\/avrupada-final-oynayan-ragbi-milli-takimi-yurda-dondu\/","title":{"rendered":"Avrupa\u2019da final oynayan Ragbi Milli Tak\u0131m\u0131 yurda d\u00f6nd\u00fc"},"content":{"rendered":"<p>Avrupa Erkekler 7\u2019li Ragbi Konferans 1 Turnuvas\u0131\u2019nda tarihte ilk kez final oynayarak turnuvay\u0131 ikinci tamamlayan Ragbi Milli Tak\u0131m\u0131, yurda d\u00f6nd\u00fc.<\/p>\n<p>S\u0131rbistan\u2019\u0131n ba\u015fkenti Belgrad\u2019da d\u00fczenlenen Avrupa Erkekler 7\u2019li Ragbi Konferans 1 Turnuvas\u0131\u2019nda tarihte ilk kez finale kalarak turnuvay\u0131 ikinci olarak tamamlayan T\u00fcrkiye Ragbi Milli Tak\u0131m\u0131, m\u00fcsabakan\u0131n ard\u0131ndan yurda d\u00f6nd\u00fc. Finalin oynaman\u0131n yan\u0131 s\u0131ra elde edilen ba\u015far\u0131yla birlikte Ragbi sporunda bir \u00fcst lige de \u00e7\u0131kan milli oyuncular, saat 15.30\u2019da \u0130stanbul Havaliman\u0131\u2019na indi.<\/p>\n<p>Bakar: \u201cBa\u015fka bir finalde bunun r\u00f6van\u015f\u0131n\u0131 alaca\u011f\u0131z\u201d<\/p>\n<p>Havaliman\u0131\u2019nda kendilerini g\u00f6r\u00fcnt\u00fcleyen bas\u0131n mensuplar\u0131na de\u011ferlendirmede bulunan T\u00fcrkiye Ragbi Milli Tak\u0131m Kaptan\u0131 Yasin Bakar, \u201c2008 y\u0131l\u0131nca lise y\u0131llar\u0131nda Ragbi sporuyla tan\u0131\u015ft\u0131m. Begrad\u2019da final oynamak uzun bir s\u00fcre\u00e7ti. Ben buna 10 y\u0131l\u0131n ard\u0131ndan 6 ma\u00e7 diyorum. \u00c7ok uzun bir s\u00fcre\u00e7ti. O anki duygular\u0131m\u0131z \u00e7ok yo\u011fundu zaten. \u0130stiklal Mar\u015f\u0131\u2019m\u0131z\u0131n okunmas\u0131 ve bayra\u011f\u0131m\u0131z\u0131n dalgalanmas\u0131 \u00e7ok g\u00fczeldi. Finali de kazanmak istiyorduk ama ne yaz\u0131k ki \u00fcst seviyelerdeki \u00e7ok daha \u00f6nce Ragbi\u2019ye ba\u015flam\u0131\u015f tak\u0131mlar biraz zorluyor. Biz de yava\u015f yava\u015f o seviyelere \u00e7\u0131kmaya \u00e7al\u0131\u015f\u0131yoruz. \u0130n\u015fallah ba\u015fka bir finalde bunun r\u00f6van\u015f\u0131n\u0131 alaca\u011f\u0131z\u201d dedi.<\/p>\n<p>3 y\u0131ldan beri Ragbi Milli Tak\u0131m\u0131\u2019nda T\u00fcrkiye\u2019yi temsil eden Alperen Kaya, \u201cT\u00fcrkiye tarihinde ilk defa finallere \u00e7\u0131kt\u0131k. Hatta bir \u00fcst lige de \u00e7\u0131kt\u0131k, \u00e7ok mutluyuz. Final ma\u00e7\u0131nda ufak bir heyecan\u0131m\u0131z vard\u0131. Yenemedik, olsun diyelim. Bir \u00fcst ligde \u00f6n\u00fcm\u00fczdeki ma\u00e7lara bakaca\u011f\u0131z ve daha iyi olmaya \u00e7al\u0131\u015faca\u011f\u0131z. T\u00fcrk halk\u0131ndan da bizlere desteklerini esirgememelerini bekliyoruz. Gitti\u011fimiz her \u00fclkede taraftar\u0131m\u0131z vard\u0131. Bize inan\u0131p g\u00fcvenen herkese \u00e7ok te\u015fekk\u00fcr ediyoruz\u201d \u015feklinde konu\u015ftu.<\/p>\n<p>Kaptan: \u201cT\u00fcrkiye\u2019ye daha iyi \u015feyleri ya\u015fataca\u011f\u0131z\u201d<\/p>\n<p>Yar\u0131 finalde att\u0131\u011f\u0131 son golle milli tak\u0131m\u0131 final ma\u00e7\u0131na ta\u015f\u0131yan isim olan Sefa Kaptan ise, \u201c\u0130ki ma\u00e7ta da son dakikada d\u00f6nd\u00fck. \u015e\u00fck\u00fcrler olsun T\u00fcrkiye\u2019ye bu gururu ya\u015fatt\u0131k. Son iki dakikada pes etmedik. Oradaki mutlulu\u011fu, bizi izleyen gen\u00e7 karde\u015flerimiz, oradaki herkes bize ya\u015fatt\u0131lar. Bizler de \u00e7ok fazla duygu i\u00e7erisindeydik. Bayra\u011f\u0131m\u0131z\u0131 final ma\u00e7\u0131na \u00e7\u0131kart\u0131p \u0130stiklal Mar\u015f\u0131\u2019m\u0131z\u0131 okutmak bizim i\u00e7in \u00e7ok \u00f6nemliydi. Bir \u00fcst ligde daha \u00e7ok \u00e7al\u0131\u015farak daha iyi \u015feyleri T\u00fcrkiye\u2019ye ya\u015fataca\u011f\u0131z\u201d ifadelerine yer verdi.<\/p>\n<p>Ngue: &#8220;T\u00fcrkiye\u2019de Ragbi, uluslararas\u0131 alanda \u00e7ok iyi bir yere gelecek\u201d<\/p>\n<p>Ragbi Milli Tak\u0131m\u0131\u2019n\u0131n Kamerun as\u0131ll\u0131 antren\u00f6r\u00fc Chekokee Sylvain Ngue de T\u00fcrkiye\u2019de Ragbi sporunun gelecek y\u0131llarda geli\u015fim g\u00f6stermesini bekledi\u011fini belirterek, \u201cBu sonu\u00e7 i\u00e7in \u00fc\u00e7 senedir \u00e7al\u0131\u015f\u0131yoruz. Finale kadar \u00e7\u0131kt\u0131k. Macaristan bizden daha iyiydi. Biz de \u015fu an do\u011fru yerdeyiz. T\u00fcrkiye\u2019de \u00e7ok gen\u00e7, zeki ve g\u00fc\u00e7l\u00fc \u00e7ocuklar var. Liselerde ve \u00fcniversitelerde \u015fu anda sporcular\u0131m\u0131z var. Gelecek i\u00e7in bu g\u00fczel bir \u015fey. Federasyonla bunlara odaklanmam\u0131z gerekiyor. Antren\u00f6r ve hakem konusunda da \u00e7al\u0131\u015fmalar ya\u011faca\u011f\u0131z. Eminim T\u00fcrkiye\u2019de Ragbi, 10 y\u0131ldan k\u0131sa bir s\u00fcrede uluslararas\u0131 alanda \u00e7ok iyi bir yere gelecek\u201d de\u011ferlendirmesinde bulundu.<\/p>\n","protected":false},"excerpt":{"rendered":"<p>AVRUPA ERKEKLER 7\u2019L\u0130 RAGB\u0130 KONFERANS 1 TURNUVASI\u2019NDA TAR\u0130HTE \u0130LK KEZ F\u0130NAL OYNAYARAK TURNUVAYI \u0130K\u0130NC\u0130 TAMAMLAYAN RAGB\u0130 M\u0130LL\u0130 TAKIMI, YURDA D\u00d6ND\u00dc.<\/p>\n","protected":false},"author":1,"featured_media":167621,"comment_status":"closed","ping_status":"open","sticky":false,"template":"","format":"standard","meta":{"jetpack_post_was_ever_published":false,"_jetpack_newsletter_access":"","_jetpack_dont_email_post_to_subs":false,"_jetpack_newsletter_tier_id":0,"_jetpack_memberships_contains_paywalled_content":false,"_jetpack_memberships_contains_paid_content":false,"footnotes":"","jetpack_publicize_message":"","jetpack_publicize_feature_enabled":true,"jetpack_social_post_already_shared":true,"jetpack_social_options":{"image_generator_settings":{"template":"highway","default_image_id":0,"font":"","enabled":false},"version":2}},"categories":[657],"tags":[3454,990,2052,429,13071,33024,1462,10458],"class_list":["post-167620","post","type-post","status-publish","format-standard","has-post-thumbnail","hentry","category-spor","tag-avrupada","tag-dondu","tag-final","tag-milli","tag-oynayan","tag-ragbi","tag-takimi","tag-yurda"],"jetpack_publicize_connections":[],"jetpack_featured_media_url":"https:\/\/i0.wp.com\/www.tvturk.com\/wp-content\/uploads\/2019\/06\/avrupada-final-oynayan-ragbi-milli-takimi-yurda-dondu_22cb4a5.jpg?fit=1000%2C666","jetpack_sharing_enabled":true,"jetpack_shortlink":"https:\/\/wp.me\/paKIfm-HBy","_links":{"self":[{"href":"http:\/\/www.tvturk.com\/index.php\/wp-json\/wp\/v2\/posts\/167620","targetHints":{"allow":["GET"]}}],"collection":[{"href":"http:\/\/www.tvturk.com\/index.php\/wp-json\/wp\/v2\/posts"}],"about":[{"href":"http:\/\/www.tvturk.com\/index.php\/wp-json\/wp\/v2\/types\/post"}],"author":[{"embeddable":true,"href":"http:\/\/www.tvturk.com\/index.php\/wp-json\/wp\/v2\/users\/1"}],"replies":[{"embeddable":true,"href":"http:\/\/www.tvturk.com\/index.php\/wp-json\/wp\/v2\/comments?post=167620"}],"version-history":[{"count":0,"href":"http:\/\/www.tvturk.com\/index.php\/wp-json\/wp\/v2\/posts\/167620\/revisions"}],"wp:featuredmedia":[{"embeddable":true,"href":"http:\/\/www.tvturk.com\/index.php\/wp-json\/wp\/v2\/media\/167621"}],"wp:attachment":[{"href":"http:\/\/www.tvturk.com\/index.php\/wp-json\/wp\/v2\/media?parent=167620"}],"wp:term":[{"taxonomy":"category","embeddable":true,"href":"http:\/\/www.tvturk.com\/index.php\/wp-json\/wp\/v2\/categories?post=167620"},{"taxonomy":"post_tag","embeddable":true,"href":"http:\/\/www.tvturk.com\/index.php\/wp-json\/wp\/v2\/tags?post=167620"}],"curies":[{"name":"wp","href":"https:\/\/api.w.org\/{rel}","templated":true}]}}