{"id":167652,"date":"2019-06-10T23:49:23","date_gmt":"2019-06-10T20:49:23","guid":{"rendered":"http:\/\/www.tvturk.com\/index.php\/fahrettin-altun-gelin-elbirligiyle-irkciligin-tum-formlariyla-savasalim\/"},"modified":"2019-06-10T23:49:23","modified_gmt":"2019-06-10T20:49:23","slug":"fahrettin-altun-gelin-elbirligiyle-irkciligin-tum-formlariyla-savasalim","status":"publish","type":"post","link":"http:\/\/www.tvturk.com\/index.php\/fahrettin-altun-gelin-elbirligiyle-irkciligin-tum-formlariyla-savasalim\/","title":{"rendered":"Fahrettin Altun: \u201cGelin elbirli\u011fiyle \u0131rk\u00e7\u0131l\u0131\u011f\u0131n t\u00fcm formlar\u0131yla sava\u015fal\u0131m\u201d"},"content":{"rendered":"<p>Cumhurba\u015fkanl\u0131\u011f\u0131 \u0130leti\u015fim Ba\u015fkan\u0131 Fahrettin Altun, bat\u0131 d\u00fcnyas\u0131n\u0131n \u0131rk\u00e7\u0131l\u0131\u011f\u0131n yeni bir bi\u00e7imiyle kar\u015f\u0131 kar\u015f\u0131ya oldu\u011funu belirterek, \u201cGelin elbirli\u011fiyle \u0131rk\u00e7\u0131l\u0131\u011f\u0131n t\u00fcm formlar\u0131yla sava\u015fal\u0131m\u201d \u00e7a\u011fr\u0131s\u0131nda bulundu.<\/p>\n<p>Cumhurba\u015fkanl\u0131\u011f\u0131 \u0130leti\u015fim Ba\u015fkan\u0131 Fahrettin Altun, Almanya\u2019n\u0131n Bremen ve Kassel kentlerindeki camilere y\u00f6nelik sald\u0131r\u0131lara ili\u015fkin resmi Twitter hesab\u0131ndan bir payla\u015f\u0131mda bulundu. Almanya\u2019n\u0131n Bremen ve Kassel kentlerindeki camilere yap\u0131lan sald\u0131r\u0131lar\u0131n, d\u00fcnyada her ge\u00e7en g\u00fcn artan \u0130slam d\u00fc\u015fmanl\u0131\u011f\u0131n\u0131n bir tezah\u00fcr\u00fc oldu\u011funu belirten Altun, \u201c\u0130slam kar\u015f\u0131tl\u0131\u011f\u0131yla k\u00fcresel d\u00fczeyde m\u00fccadele edilmedi\u011fi takdirde d\u00fcnya bar\u0131\u015f\u0131 b\u00fcy\u00fck tehditlerle kar\u015f\u0131 kar\u015f\u0131ya kalmaya devam edecektir\u201d ifadelerini kulland\u0131.<\/p>\n<p>Bat\u0131 d\u00fcnyas\u0131n\u0131n \u0131rk\u00e7\u0131l\u0131\u011f\u0131n yeni bir bi\u00e7imiyle kar\u015f\u0131 kar\u015f\u0131ya oldu\u011funu ifade eden Altun, bu \u0131rk\u00e7\u0131l\u0131k r\u00fczgar\u0131n\u0131n her \u015feyden \u00f6nce demokratik de\u011ferleri, kamusal alan bilincini ve k\u00fcresel bar\u0131\u015f fikrini tehdit etmekte ve ortak gelece\u011fe zarar vermekte oldu\u011funu kaydetti. Altun son olarak, \u201cGelin elbirli\u011fiyle \u0131rk\u00e7\u0131l\u0131\u011f\u0131n t\u00fcm formlar\u0131yla sava\u015fal\u0131m\u201d \u00e7a\u011fr\u0131s\u0131nda bulundu.<\/p>\n","protected":false},"excerpt":{"rendered":"<p>CUMHURBA\u015eKANLI\u011eI \u0130LET\u0130\u015e\u0130M BA\u015eKANI FAHRETT\u0130N ALTUN, ALMANYA\u2019NIN BREMEN VE KASSEL KENTLER\u0130NDEK\u0130 CAM\u0130LERE Y\u00d6NEL\u0130K SALDIRILARA \u0130L\u0130\u015eK\u0130N RESM\u0130 TW\u0130TTER HESABINDAN B\u0130R PAYLA\u015eIMDA BULUNDU.<\/p>\n","protected":false},"author":1,"featured_media":167653,"comment_status":"closed","ping_status":"open","sticky":false,"template":"","format":"standard","meta":{"jetpack_post_was_ever_published":false,"_jetpack_newsletter_access":"","_jetpack_dont_email_post_to_subs":false,"_jetpack_newsletter_tier_id":0,"_jetpack_memberships_contains_paywalled_content":false,"_jetpack_memberships_contains_paid_content":false,"footnotes":"","jetpack_publicize_message":"","jetpack_publicize_feature_enabled":true,"jetpack_social_post_already_shared":true,"jetpack_social_options":{"image_generator_settings":{"template":"highway","default_image_id":0,"font":"","enabled":false},"version":2}},"categories":[1],"tags":[1741,40114,40115,2513,40117,40116,40118,1325],"class_list":["post-167652","post","type-post","status-publish","format-standard","has-post-thumbnail","hentry","category-genel","tag-gelin","tag-altun","tag-elbirligiyle","tag-fahrettin","tag-formlariyla","tag-irkciligin","tag-savasalim","tag-tum"],"jetpack_publicize_connections":[],"jetpack_featured_media_url":"https:\/\/i0.wp.com\/www.tvturk.com\/wp-content\/uploads\/2019\/06\/fahrettin-altun-gelin-elbirligiyle-irkciligin-tum-formlariyla-savasalim_8d1619a.jpg?fit=557%2C619","jetpack_sharing_enabled":true,"jetpack_shortlink":"https:\/\/wp.me\/paKIfm-HC4","_links":{"self":[{"href":"http:\/\/www.tvturk.com\/index.php\/wp-json\/wp\/v2\/posts\/167652","targetHints":{"allow":["GET"]}}],"collection":[{"href":"http:\/\/www.tvturk.com\/index.php\/wp-json\/wp\/v2\/posts"}],"about":[{"href":"http:\/\/www.tvturk.com\/index.php\/wp-json\/wp\/v2\/types\/post"}],"author":[{"embeddable":true,"href":"http:\/\/www.tvturk.com\/index.php\/wp-json\/wp\/v2\/users\/1"}],"replies":[{"embeddable":true,"href":"http:\/\/www.tvturk.com\/index.php\/wp-json\/wp\/v2\/comments?post=167652"}],"version-history":[{"count":0,"href":"http:\/\/www.tvturk.com\/index.php\/wp-json\/wp\/v2\/posts\/167652\/revisions"}],"wp:featuredmedia":[{"embeddable":true,"href":"http:\/\/www.tvturk.com\/index.php\/wp-json\/wp\/v2\/media\/167653"}],"wp:attachment":[{"href":"http:\/\/www.tvturk.com\/index.php\/wp-json\/wp\/v2\/media?parent=167652"}],"wp:term":[{"taxonomy":"category","embeddable":true,"href":"http:\/\/www.tvturk.com\/index.php\/wp-json\/wp\/v2\/categories?post=167652"},{"taxonomy":"post_tag","embeddable":true,"href":"http:\/\/www.tvturk.com\/index.php\/wp-json\/wp\/v2\/tags?post=167652"}],"curies":[{"name":"wp","href":"https:\/\/api.w.org\/{rel}","templated":true}]}}