{"id":167680,"date":"2019-06-11T09:23:02","date_gmt":"2019-06-11T06:23:02","guid":{"rendered":"http:\/\/www.tvturk.com\/index.php\/ozel-kazdaglarinin-etekleri-cicek-acacak\/"},"modified":"2019-06-11T09:23:02","modified_gmt":"2019-06-11T06:23:02","slug":"ozel-kazdaglarinin-etekleri-cicek-acacak","status":"publish","type":"post","link":"http:\/\/www.tvturk.com\/index.php\/ozel-kazdaglarinin-etekleri-cicek-acacak\/","title":{"rendered":"(\u00d6zel) Kazda\u011flar\u0131\u2019n\u0131n etekleri \u00e7i\u00e7ek a\u00e7acak"},"content":{"rendered":"<p>Bal\u0131kesir\u2019in Edremit il\u00e7esinde Kazda\u011flar\u0131 eteklerinde kurulan Edremit Tar\u0131ma Dayal\u0131 (S\u00fcs Bitkileri-Serac\u0131l\u0131k) \u0130htisas Organize Sanayi B\u00f6lgesinde 750 d\u00f6n\u00fcm alanda s\u00fcs i\u00e7in \u00e7i\u00e7ek ve fidan \u00fcretimi yap\u0131lacak. Proje ile bin 500 ki\u015fi istihdam edilecek, b\u00f6lge ekonomisine y\u0131ll\u0131k yakla\u015f\u0131k 120 milyon lira katk\u0131 sa\u011flanacak.<\/p>\n<p>Bal\u0131kesir\u2019in Edremit il\u00e7esinde kurulu\u015fu yap\u0131lan ve \u00e7al\u0131\u015fmalar\u0131 h\u0131zla devam eden Edremit Tar\u0131ma Dayal\u0131 (S\u00fcs Bitkileri-Serac\u0131l\u0131k) \u0130htisas Organize Sanayi B\u00f6lgesi binlerce ki\u015fiye i\u015f imkan\u0131 sa\u011flayacak. 750 d\u00f6n\u00fcm arazide sus bitkileri, kesme \u00e7i\u00e7ek\u00e7ilik ve fidan \u00fcretimi ger\u00e7ekle\u015ftirilecek. Kazda\u011flar\u0131\u2019n\u0131n eteklerinde Edremit \u00c7\u0131kr\u0131k\u00e7\u0131 ovas\u0131nda verimli topraklarda jeotermal enerji kullan\u0131m\u0131na m\u00fcsait b\u00f6lgede bir \u00e7ok sera ve \u00fcretim merkezi kurulacak.<\/p>\n<p>Bal\u0131kesir Valili\u011fi, Edremit Kaymakaml\u0131\u011f\u0131, Bal\u0131kesir B\u00fcy\u00fck\u015fehir Belediyesi, Edremit Belediyesi, Edremit Ticaret Odas\u0131, Edremit Ziraat Odas\u0131, Edremit Zeytin Borsas\u0131, Edremit \u0130l\u00e7e Tar\u0131m M\u00fcd\u00fcrl\u00fc\u011f\u00fc, Edremit Tar\u0131msal Kalk\u0131nma Kooperatifi ve \u00fcreticilerin ortakl\u0131\u011f\u0131 ile haz\u0131rlana proje ile b\u00f6lgede bin 500 ki\u015fiye istihdam sa\u011flanmas\u0131 hedefleniyor.<\/p>\n<p>Deniz yolu, hava yolu ve kara yollar\u0131 kav\u015fak noktas\u0131nda olan b\u00f6lge \u0130zmir, \u0130stanbul, Bursa gibi b\u00fcy\u00fck \u015fehirlere yak\u0131nl\u0131\u011f\u0131 ile i\u00e7 pazara hitap ederken, hava yolu ve deniz yolu ile de yap\u0131lacak \u00e7al\u0131\u015fmalar sonras\u0131nda d\u00fcnya pazarlar\u0131na hitap edebilecek olan Edremit Tar\u0131ma Dayal\u0131 (S\u00fcs Bitkileri-Serac\u0131l\u0131k) \u0130htisas Organize Sanayi B\u00f6lgesi 2020 y\u0131l\u0131na kadar y\u00fczde y\u00fcz kapasiteye ula\u015fm\u0131\u015f olacak.<\/p>\n<p>Yap\u0131lan \u00e7al\u0131\u015fmalar kapsam\u0131nda Edremit \u00c7\u0131kr\u0131k\u00e7\u0131 ovas\u0131nda s\u00fcs bitkileri ve \u00e7i\u00e7ek \u00fcretimi yapan modern bir seray\u0131 y\u00f6netim kurulu \u00fcyeleri ile gezen Edremit Kaymakam\u0131 Ali S\u0131rmal\u0131 yetkililerden bilgi ald\u0131.<\/p>\n<p>Edremit Tar\u0131ma Dayal\u0131 (S\u00fcs Bitkileri-Serac\u0131l\u0131k) \u0130htisas Organize Sanayi B\u00f6lgesi hakk\u0131nda bilgi veren Edremit Kaymakam\u0131 Ali S\u0131rmal\u0131 \u201cBizlerde Edremit\u2019 te tar\u0131ma dayal\u0131 ihtisas organize sanayi kurmu\u015f bulunmaktay\u0131z. 24 May\u0131s tarihinde say\u0131n tar\u0131m bakan\u0131m\u0131z\u0131n imzas\u0131 ile Edremit Tar\u0131ma Dayal\u0131 (S\u00fcs Bitkileri-Serac\u0131l\u0131k) \u0130htisas Organize Sanayi B\u00f6lgesi kuruldu. Biz bu \u00c7\u0131kr\u0131k\u00e7\u0131 ovas\u0131ndaki yakla\u015f\u0131k 750 d\u00f6n\u00fcm arazi \u00fczerinde seralarda burada g\u00f6rd\u00fc\u011f\u00fcn\u00fcz gibi kesme \u00e7i\u00e7ek ve s\u00fcs bitkisi \u00fcretece\u011fiz. \u015eu an \u00e7al\u0131\u015fmalar\u0131m\u0131z devam ediyor. Edremit il\u00e7emiz serac\u0131l\u0131k i\u00e7in \u00e7ok uygun iklim \u015fartlar\u0131na sahip bir il\u00e7e. Ayn\u0131 \u015fekilde toprak yap\u0131s\u0131 \u00e7ok uygun. Ayn\u0131 zamanda bu kuraca\u011f\u0131m\u0131z 750 d\u00f6n\u00fcml\u00fck arazi \u00fczerinde jeotermal kaynaklar\u0131m\u0131z var. Seralar\u0131n \u0131s\u0131tmas\u0131n\u0131 jeotermal \u0131s\u0131 ile yapaca\u011f\u0131z. Bildi\u011finiz gibi Edremit\u2019 imizin en \u00f6nemli de\u011feri Kazda\u011flar\u0131. Kazda\u011flar\u0131\u2019m\u0131zda endemik bitkilerimiz var. Bu seralarda bu endemik bitkileri \u00e7o\u011falt\u0131p pazarlama imkan\u0131m\u0131z olacak. Kuraca\u011f\u0131m\u0131z Tar\u0131ma Dayal\u0131 (S\u00fcs Bitkileri-Serac\u0131l\u0131k) \u0130htisas Organize Sanayi B\u00f6lgesi\u2019nin \u00fcretti\u011fi \u00fcr\u00fcnlerin, kesme \u00e7i\u00e7ek, s\u00fcs bitkisinin hem havaliman\u0131 yoluyla, hem de kara ve deniz yoluyla hem \u00fclkemizin i\u00e7 pazar\u0131na hem de d\u00fcnyan\u0131 bir \u00e7ok yerine ula\u015ft\u0131rma imkan\u0131m\u0131z olacak. Bu kuraca\u011f\u0131m\u0131z Edremit Tar\u0131ma Dayal\u0131 (S\u00fcs Bitkileri-Serac\u0131l\u0131k) \u0130htisas Organize Sanayi B\u00f6lgesi ile bin 500\u2019ye yak\u0131n insan istihdam edilmi\u015f olacak. \u015eu an bir \u00f6rnek i\u015fletmeye geldik. Bu b\u00f6lgede bu \u015fekilde \u00e7al\u0131\u015fan i\u015fletmelerimiz var. Bu konuda bir tecr\u00fcbe var. Bu tecr\u00fcbeyi de o yeni kuraca\u011f\u0131m\u0131z seralarda kullanm\u0131\u015f olaca\u011f\u0131z. \u0130l\u00e7emizin ekonomisine y\u0131llar 120 milyon liraya yak\u0131n bir katk\u0131 sa\u011flayaca\u011f\u0131z\u201d dedi.<\/p>\n","protected":false},"excerpt":{"rendered":"<p>BALIKES\u0130R\u2019\u0130N EDREM\u0130T \u0130L\u00c7ES\u0130NDE KAZDA\u011eLARININ ETEKLER\u0130NDE KURULAN EDREM\u0130T TARIMA DAYALI (S\u00dcS B\u0130TK\u0130LER\u0130-SERACILIK) \u0130HT\u0130SAS ORGAN\u0130ZE SANAY\u0130 B\u00d6LGES\u0130NDE 750 HEKTAR ALANDA \u00c7\u0130\u00c7EK VE F\u0130DAN \u00dcRET\u0130M\u0130 YAPACAK.<\/p>\n","protected":false},"author":1,"featured_media":167681,"comment_status":"closed","ping_status":"open","sticky":false,"template":"","format":"standard","meta":{"jetpack_post_was_ever_published":false,"_jetpack_newsletter_access":"","_jetpack_dont_email_post_to_subs":false,"_jetpack_newsletter_tier_id":0,"_jetpack_memberships_contains_paywalled_content":false,"_jetpack_memberships_contains_paid_content":false,"footnotes":"","jetpack_publicize_message":"","jetpack_publicize_feature_enabled":true,"jetpack_social_post_already_shared":true,"jetpack_social_options":{"image_generator_settings":{"template":"highway","default_image_id":0,"font":"","enabled":false},"version":2}},"categories":[19],"tags":[1073,13924,1654,40134,40133],"class_list":["post-167680","post","type-post","status-publish","format-standard","has-post-thumbnail","hentry","category-ekonomi","tag-ozel","tag-acacak","tag-cicek","tag-etekleri","tag-kazdaglarinin"],"jetpack_publicize_connections":[],"jetpack_featured_media_url":"https:\/\/i0.wp.com\/www.tvturk.com\/wp-content\/uploads\/2019\/06\/ozel-kazdaglarinin-etekleri-cicek-acacak_8b4053d.jpg?fit=1000%2C563","jetpack_sharing_enabled":true,"jetpack_shortlink":"https:\/\/wp.me\/paKIfm-HCw","_links":{"self":[{"href":"http:\/\/www.tvturk.com\/index.php\/wp-json\/wp\/v2\/posts\/167680","targetHints":{"allow":["GET"]}}],"collection":[{"href":"http:\/\/www.tvturk.com\/index.php\/wp-json\/wp\/v2\/posts"}],"about":[{"href":"http:\/\/www.tvturk.com\/index.php\/wp-json\/wp\/v2\/types\/post"}],"author":[{"embeddable":true,"href":"http:\/\/www.tvturk.com\/index.php\/wp-json\/wp\/v2\/users\/1"}],"replies":[{"embeddable":true,"href":"http:\/\/www.tvturk.com\/index.php\/wp-json\/wp\/v2\/comments?post=167680"}],"version-history":[{"count":0,"href":"http:\/\/www.tvturk.com\/index.php\/wp-json\/wp\/v2\/posts\/167680\/revisions"}],"wp:featuredmedia":[{"embeddable":true,"href":"http:\/\/www.tvturk.com\/index.php\/wp-json\/wp\/v2\/media\/167681"}],"wp:attachment":[{"href":"http:\/\/www.tvturk.com\/index.php\/wp-json\/wp\/v2\/media?parent=167680"}],"wp:term":[{"taxonomy":"category","embeddable":true,"href":"http:\/\/www.tvturk.com\/index.php\/wp-json\/wp\/v2\/categories?post=167680"},{"taxonomy":"post_tag","embeddable":true,"href":"http:\/\/www.tvturk.com\/index.php\/wp-json\/wp\/v2\/tags?post=167680"}],"curies":[{"name":"wp","href":"https:\/\/api.w.org\/{rel}","templated":true}]}}