{"id":167700,"date":"2019-06-11T09:56:21","date_gmt":"2019-06-11T06:56:21","guid":{"rendered":"http:\/\/www.tvturk.com\/index.php\/disaridan-harabe-ama-icerisi-tarih-kokuyor\/"},"modified":"2019-06-11T09:56:21","modified_gmt":"2019-06-11T06:56:21","slug":"disaridan-harabe-ama-icerisi-tarih-kokuyor","status":"publish","type":"post","link":"http:\/\/www.tvturk.com\/index.php\/disaridan-harabe-ama-icerisi-tarih-kokuyor\/","title":{"rendered":"D\u0131\u015far\u0131dan harabe ama i\u00e7erisi tarih kokuyor"},"content":{"rendered":"<p>Nev\u015fehir\u2019in Kozakl\u0131 il\u00e7esinde erken Cumhuriyet d\u00f6neminin en nadide ah\u015fap sanat\u0131n\u0131n ortaya konuldu\u011fu tarihi ev, onar\u0131m bekliyor.<\/p>\n<p>Nev\u015fehir\u2019in Kozakl\u0131 il\u00e7esinde bulunan d\u0131\u015far\u0131dan virane bir g\u00f6r\u00fcn\u00fcme sahip olan k\u00f6y kona\u011f\u0131 i\u00e7erisine girildi\u011fi zaman adeta tarihe \u0131\u015f\u0131k tutuyor. Erken Cumhuriyet d\u00f6neminin en nadide ah\u015fap sanat\u0131n\u0131n ortaya konuldu\u011fu k\u00f6y kona\u011f\u0131 i\u00e7erisinde ayn\u0131 zamanda hem ah\u015fap i\u015flemeleri bak\u0131m\u0131ndan hem de oturma d\u00fczeni bak\u0131m\u0131ndan bir hiyerar\u015fi toplumun ya\u015fad\u0131\u011f\u0131 izlerini anlat\u0131yor. 100 y\u0131l\u0131 a\u015fk\u0131nd\u0131r bulunan k\u00f6y kona\u011f\u0131nda yap\u0131lacak olan tadilat sonras\u0131nda tarihin yeniden canland\u0131r\u0131lmas\u0131 hedefleniyor.<\/p>\n<p>K\u00f6y kona\u011f\u0131n\u0131n sahibi olan Cumhur \u00dcnal d\u0131\u015far\u0131dan pek bir mimari yap\u0131s\u0131n\u0131n olmad\u0131\u011f\u0131n\u0131 ancak i\u00e7erisinde \u00f6zellikle ah\u015fap i\u015flemelerinin dikkat \u00e7ekti\u011fini s\u00f6yledi.  \u00dcnal, \u201cY\u0131llar \u00f6nceki bir ev ama ge\u00e7mi\u015fini ben bilmiyorum. Kozakl\u0131\u2019n\u0131n bir mahallesinde ge\u00e7mi\u015fte tarihi anlatan, tarihi yap\u0131s\u0131yla d\u0131\u015f\u0131nda pek bir mimari yap\u0131s\u0131 yok ama i\u00e7erisinde ki a\u011fa\u00e7lar\u0131n i\u015flemesi, oyulmas\u0131 ve yap\u0131n\u0131n biraz daha d\u00fczenli kullan\u0131lmad\u0131\u011f\u0131ndan \u015fuan g\u00f6r\u00fcn\u00fcm\u00fc pek d\u00fczenli de\u011fil. \u015euan nas\u0131l bir onar\u0131m ve tadilat ile nas\u0131l bir \u015fey yapar\u0131z da ge\u00e7mi\u015fi ya\u015fatabiliriz onun \u00e7al\u0131\u015fmalar\u0131n\u0131 yap\u0131yoruz. \u0130n\u015fallah burada yeniden tarihi canland\u0131r\u0131r\u0131z\u201d dedi.<\/p>\n<p>\u201cTarihi kona\u011f\u0131m\u0131z bize kalan mirast\u0131r\u201d<\/p>\n<p>Kozakl\u0131 Kaymakam\u0131 \u00d6mer Faruk Duman k\u00f6y kona\u011f\u0131n\u0131n T\u00fcrk k\u00fclt\u00fcr\u00fcn\u00fcn ge\u00e7mi\u015ften kalan bir miras oldu\u011funu ifade ederken burada gerekli \u00e7al\u0131\u015fmalar\u0131 yapmaya \u00e7al\u0131\u015ft\u0131klar\u0131n\u0131 s\u00f6yledi. Kozakl\u0131 Kaymakam\u0131 \u00d6mer Faruk Duman, \u201cTarihi kona\u011f\u0131m\u0131z T\u00fcrk k\u00fclt\u00fcr\u00fcn\u00fcn ge\u00e7mi\u015ften bize kalan bir miras\u0131d\u0131r. Gerek i\u015flemeleri, gerek motifleri gerek ah\u015fap ve ta\u015f kullan\u0131m\u0131nda bir payla\u015f\u0131m oldu\u011funu burada g\u00f6r\u00fcyoruz. Bina harabe kalmas\u0131na ra\u011fmen halen nefes ald\u0131\u011f\u0131n\u0131 bize hissettiriyor. Biz bu de\u011fere sahip \u00e7\u0131kmak istiyoruz. \u00c7\u00fcnk\u00fc T\u00fcrkler g\u00f6\u00e7ebe bir toplumdu. Anadolu\u2019ya geldikten sonra buralara yerle\u015fti ve bir k\u00fclt\u00fcr harman\u0131 ile kendine \u00f6zg\u00fc bir yap\u0131 yapt\u0131\u011f\u0131n\u0131 burada g\u00f6r\u00fcyoruz. \u00c7\u00fcnk\u00fc Arap var, T\u00fcrk var daha \u00f6nce Anadolu\u2019da ya\u015fam\u0131\u015f Ermenilerde izler var. Biz buraya gerekli \u00e7al\u0131\u015fmalar\u0131 elimizden geldi\u011fince yapmaya \u00e7al\u0131\u015f\u0131yoruz\u201d diye konu\u015ftu.<\/p>\n<p>\u201cAh\u015fap i\u015f\u00e7ili\u011fi k\u00fclt\u00fcr\u00fcm\u00fcz\u00fc yans\u0131t\u0131yor\u201d<\/p>\n<p>Nev\u015fehir Hac\u0131 Bekta\u015f Veli \u00dcniversitesi Rekt\u00f6r\u00fc Prof. Dr. Mazhar Ba\u011fl\u0131 ise yapt\u0131\u011f\u0131 a\u00e7\u0131klamada kendisinin sanat tarih\u00e7isi olmad\u0131\u011f\u0131n\u0131 ancak buran\u0131n bu kona\u011f\u0131n \u00e7ok k\u0131ymetli bir hazine oldu\u011funu s\u00f6yleyebilirim dedi. Rekt\u00f6r Ba\u011fl\u0131, \u201cDo\u011frusu ben bir sanat tarih\u00e7isi de\u011filim. Ama izlenimin ve hissiyat\u0131m \u00e7ok k\u0131ymetli bir hazine oldu\u011funu s\u00f6yleyebilirim. \u00d6zellikle ah\u015fap i\u015f\u00e7ili\u011fi konusunda inan\u0131lmaz ince detaylar\u0131n ve k\u00fclt\u00fcr\u00fcm\u00fcz\u00fc yans\u0131tan Nev\u015fehir\u2019inde di\u011fer ta\u015f mimarisinde g\u00f6r\u00fcnen fig\u00fcrlerin \u00e7ok incelikli bir \u015fekilde yap\u0131lm\u0131\u015f olmas\u0131 dikkatlerden ka\u00e7m\u0131yor. Bina Anadolu\u2019daki k\u00f6y odas\u0131 formunun \u00e7ok tipik bir \u00f6rne\u011fi. Hem i\u00e7erideki ah\u015fap i\u015flemeleri bak\u0131m\u0131ndan hem oturma d\u00fczeni bak\u0131m\u0131ndan bir hiyerar\u015fi toplumda var. Burada da asl\u0131nda oturma d\u00fczenindeki hiyerar\u015fi burada bir nevi in\u015fa edilmi\u015f. Bu bak\u0131mdan da bence \u00e7ok dikkat \u00e7ekici bir yap\u0131. Bunun k\u00fclt\u00fcr\u00fcm\u00fcze kazand\u0131r\u0131lmas\u0131, Nev\u015fehir Dilara\u2019n\u0131n sizin vas\u0131tan\u0131z ile kazand\u0131r\u0131lmas\u0131n\u0131n \u00e7ok faydal\u0131 olaca\u011f\u0131na inan\u0131yorum. Sadece mimari ve sanat tarihi olarak buna bakmamak gerekiyor. Ayn\u0131 zamanda i\u015fin sosyolojisine dair de iz s\u00fcrmeyi bir imkan tan\u0131yan bir yap\u0131 olan konak olarak dikkatimi \u00e7ekti\u201d \u015feklinde konu\u015ftu.<\/p>\n","protected":false},"excerpt":{"rendered":"<p>NEV\u015eEH\u0130R&#8217;\u0130N KOZAKLI \u0130L\u00c7ES\u0130NDE ERKEN CUMHUR\u0130YET D\u00d6NEM\u0130N\u0130N EN NAD\u0130DE AH\u015eAP SANATININ ORTAYA KONULDU\u011eU TAR\u0130H\u0130 EV, ONARIM BEKL\u0130YOR.<\/p>\n","protected":false},"author":1,"featured_media":167701,"comment_status":"closed","ping_status":"open","sticky":false,"template":"","format":"standard","meta":{"jetpack_post_was_ever_published":false,"_jetpack_newsletter_access":"","_jetpack_dont_email_post_to_subs":false,"_jetpack_newsletter_tier_id":0,"_jetpack_memberships_contains_paywalled_content":false,"_jetpack_memberships_contains_paid_content":false,"footnotes":"","jetpack_publicize_message":"","jetpack_publicize_feature_enabled":true,"jetpack_social_post_already_shared":true,"jetpack_social_options":{"image_generator_settings":{"template":"highway","default_image_id":0,"font":"","enabled":false},"version":2}},"categories":[1],"tags":[5120,32624,30918,40142,13598,1330],"class_list":["post-167700","post","type-post","status-publish","format-standard","has-post-thumbnail","hentry","category-genel","tag-ama","tag-disaridan","tag-harabe","tag-icerisi","tag-kokuyor","tag-tarih"],"jetpack_publicize_connections":[],"jetpack_featured_media_url":"https:\/\/i0.wp.com\/www.tvturk.com\/wp-content\/uploads\/2019\/06\/disaridan-harabe-ama-icerisi-tarih-kokuyor_802ddb9.jpg?fit=1000%2C666","jetpack_sharing_enabled":true,"jetpack_shortlink":"https:\/\/wp.me\/paKIfm-HCQ","_links":{"self":[{"href":"http:\/\/www.tvturk.com\/index.php\/wp-json\/wp\/v2\/posts\/167700","targetHints":{"allow":["GET"]}}],"collection":[{"href":"http:\/\/www.tvturk.com\/index.php\/wp-json\/wp\/v2\/posts"}],"about":[{"href":"http:\/\/www.tvturk.com\/index.php\/wp-json\/wp\/v2\/types\/post"}],"author":[{"embeddable":true,"href":"http:\/\/www.tvturk.com\/index.php\/wp-json\/wp\/v2\/users\/1"}],"replies":[{"embeddable":true,"href":"http:\/\/www.tvturk.com\/index.php\/wp-json\/wp\/v2\/comments?post=167700"}],"version-history":[{"count":0,"href":"http:\/\/www.tvturk.com\/index.php\/wp-json\/wp\/v2\/posts\/167700\/revisions"}],"wp:featuredmedia":[{"embeddable":true,"href":"http:\/\/www.tvturk.com\/index.php\/wp-json\/wp\/v2\/media\/167701"}],"wp:attachment":[{"href":"http:\/\/www.tvturk.com\/index.php\/wp-json\/wp\/v2\/media?parent=167700"}],"wp:term":[{"taxonomy":"category","embeddable":true,"href":"http:\/\/www.tvturk.com\/index.php\/wp-json\/wp\/v2\/categories?post=167700"},{"taxonomy":"post_tag","embeddable":true,"href":"http:\/\/www.tvturk.com\/index.php\/wp-json\/wp\/v2\/tags?post=167700"}],"curies":[{"name":"wp","href":"https:\/\/api.w.org\/{rel}","templated":true}]}}