{"id":167702,"date":"2019-06-11T09:57:58","date_gmt":"2019-06-11T06:57:58","guid":{"rendered":"http:\/\/www.tvturk.com\/index.php\/kanadade-tek-kullanimlik-plastikler-yasaklaniyor\/"},"modified":"2019-06-11T09:57:58","modified_gmt":"2019-06-11T06:57:58","slug":"kanadade-tek-kullanimlik-plastikler-yasaklaniyor","status":"publish","type":"post","link":"http:\/\/www.tvturk.com\/index.php\/kanadade-tek-kullanimlik-plastikler-yasaklaniyor\/","title":{"rendered":"Kanada\u2019de tek kullan\u0131ml\u0131k plastikler yasaklan\u0131yor"},"content":{"rendered":"<p>Kanada Ba\u015fbakan\u0131 Justin Trudeau, \u00fclkede tek kullan\u0131ml\u0131k plastik maddelerin 2021 y\u0131l\u0131nda yasaklanaca\u011f\u0131n\u0131 a\u00e7\u0131klad\u0131.<\/p>\n<p>Kanada\u2019da tek kullan\u0131ml\u0131k plastik maddeler 2021 y\u0131l\u0131nda yasaklanacak. Kanada Ba\u015fbakan\u0131 Justin Trudeau, yasaklaman\u0131n bilime dayal\u0131 bir incelemenin ard\u0131ndan yap\u0131laca\u011f\u0131n\u0131 s\u00f6yleyerek, su \u015fi\u015feleri, plastik torbalar ve pipetler gibi maddelerin de yasaklanmas\u0131n\u0131n planlad\u0131\u011f\u0131n\u0131 ekledi. Trudeau, \u201c2021 gibi yak\u0131n bir tarihte, Kanada zararl\u0131 tek kullan\u0131ml\u0131k plastikleri yasaklayacakt\u0131r\u201d ifadelerini kulland\u0131. Kumsallardaki plastik at\u0131k kirlili\u011fine de\u011finen Trudeau, \u201cBir baba olarak d\u00fcr\u00fcst olmak gerekirse, bunu \u00e7ocuklar\u0131ma a\u00e7\u0131klamaya \u00e7al\u0131\u015fmak zor. D\u00fcnyan\u0131n d\u00f6rt bir yan\u0131ndaki kumsallarda bulunan \u00f6l\u00fc balinalar\u0131n midelerinin plastik torbalarla s\u0131k\u0131\u015fm\u0131\u015f halde oldu\u011funu nas\u0131l a\u00e7\u0131klars\u0131n\u0131z? Ebeveynler olarak, \u00e7ocuklar\u0131m\u0131z\u0131 sahile g\u00f6t\u00fcrd\u00fc\u011f\u00fcm\u00fcz zaman pipet, strafor veya \u015fi\u015fe ile doldurulmam\u0131\u015f bir kum par\u00e7as\u0131 aramak zorunda kal\u0131yoruz. Bu sorun hakk\u0131nda bir \u015fey yapmam\u0131z gerekiyor\u201d \u015feklinde konu\u015ftu.  Plastik kullan\u0131m\u0131n\u0131 azaltmak i\u00e7in neler yapt\u0131\u011f\u0131n\u0131 belirten Trudeau, \u201cPlastik kullanmak yerine karton bardaklar kullanmay\u0131 tercih ediyoruz\u201d dedi.<\/p>\n<p>\u00d6te yandan Kanada\u2019da kullan\u0131lan plasti\u011fin y\u00fczde 10\u2019undan az\u0131 geri d\u00f6n\u00fc\u015ft\u00fcr\u00fcl\u00fcyor.<\/p>\n","protected":false},"excerpt":{"rendered":"<p>KANADA BA\u015eBAKANI JUST\u0130N TRUDEAU, \u00dcLKEDE TEK KULLANIMLIK PLAST\u0130K MADDELER\u0130N 2021 YILINDA YASAKLANACA\u011eINI A\u00c7IKLADI.<\/p>\n","protected":false},"author":1,"featured_media":167703,"comment_status":"closed","ping_status":"open","sticky":false,"template":"","format":"standard","meta":{"jetpack_post_was_ever_published":false,"_jetpack_newsletter_access":"","_jetpack_dont_email_post_to_subs":false,"_jetpack_newsletter_tier_id":0,"_jetpack_memberships_contains_paywalled_content":false,"_jetpack_memberships_contains_paid_content":false,"footnotes":"","jetpack_publicize_message":"","jetpack_publicize_feature_enabled":true,"jetpack_social_post_already_shared":true,"jetpack_social_options":{"image_generator_settings":{"template":"highway","default_image_id":0,"font":"","enabled":false},"version":2}},"categories":[10],"tags":[40143,40144,40145,366,40146],"class_list":["post-167702","post","type-post","status-publish","format-standard","has-post-thumbnail","hentry","category-dunya","tag-kanadade","tag-kullanimlik","tag-plastikler","tag-tek","tag-yasaklaniyor"],"jetpack_publicize_connections":[],"jetpack_featured_media_url":"https:\/\/i0.wp.com\/www.tvturk.com\/wp-content\/uploads\/2019\/06\/kanadade-tek-kullanimlik-plastikler-yasaklaniyor_fcd754a.jpg?fit=1000%2C666","jetpack_sharing_enabled":true,"jetpack_shortlink":"https:\/\/wp.me\/paKIfm-HCS","_links":{"self":[{"href":"http:\/\/www.tvturk.com\/index.php\/wp-json\/wp\/v2\/posts\/167702","targetHints":{"allow":["GET"]}}],"collection":[{"href":"http:\/\/www.tvturk.com\/index.php\/wp-json\/wp\/v2\/posts"}],"about":[{"href":"http:\/\/www.tvturk.com\/index.php\/wp-json\/wp\/v2\/types\/post"}],"author":[{"embeddable":true,"href":"http:\/\/www.tvturk.com\/index.php\/wp-json\/wp\/v2\/users\/1"}],"replies":[{"embeddable":true,"href":"http:\/\/www.tvturk.com\/index.php\/wp-json\/wp\/v2\/comments?post=167702"}],"version-history":[{"count":0,"href":"http:\/\/www.tvturk.com\/index.php\/wp-json\/wp\/v2\/posts\/167702\/revisions"}],"wp:featuredmedia":[{"embeddable":true,"href":"http:\/\/www.tvturk.com\/index.php\/wp-json\/wp\/v2\/media\/167703"}],"wp:attachment":[{"href":"http:\/\/www.tvturk.com\/index.php\/wp-json\/wp\/v2\/media?parent=167702"}],"wp:term":[{"taxonomy":"category","embeddable":true,"href":"http:\/\/www.tvturk.com\/index.php\/wp-json\/wp\/v2\/categories?post=167702"},{"taxonomy":"post_tag","embeddable":true,"href":"http:\/\/www.tvturk.com\/index.php\/wp-json\/wp\/v2\/tags?post=167702"}],"curies":[{"name":"wp","href":"https:\/\/api.w.org\/{rel}","templated":true}]}}