{"id":167704,"date":"2019-06-11T10:00:17","date_gmt":"2019-06-11T07:00:17","guid":{"rendered":"http:\/\/www.tvturk.com\/index.php\/ozel-silivri-kadin-kapali-cezaevinde-sona-yaklasildi\/"},"modified":"2019-06-11T10:00:17","modified_gmt":"2019-06-11T07:00:17","slug":"ozel-silivri-kadin-kapali-cezaevinde-sona-yaklasildi","status":"publish","type":"post","link":"http:\/\/www.tvturk.com\/index.php\/ozel-silivri-kadin-kapali-cezaevinde-sona-yaklasildi\/","title":{"rendered":"(\u00d6ZEL) Silivri Kad\u0131n Kapal\u0131 Cezaevinde sona yakla\u015f\u0131ld\u0131"},"content":{"rendered":"<p>Silivri\u2019de 2017 y\u0131l\u0131nda yap\u0131m\u0131 ba\u015flayan Silivri Kad\u0131n Kapal\u0131 Ceza \u0130nfaz Kurumu in\u015faat\u0131nda sona gelindi.  Yap\u0131m\u0131 halen devam eden cezaevinin y\u00fczde 80\u2019lik k\u0131sm\u0131 tamamland\u0131. Y\u00fcksek g\u00fcvenlikli ve y\u00fcksek donan\u0131ml\u0131 cezaevi havadan g\u00f6r\u00fcnt\u00fclendi.<\/p>\n<p>\u0130stanbul\u2019un Silivri il\u00e7esinde yap\u0131m\u0131 devam eden Kad\u0131n Kapal\u0131 Cezaevinin in\u015faat\u0131nda \u00e7al\u0131\u015fmalar t\u00fcm h\u0131z\u0131yla devam ediyor. \u0130n\u015faat\u0131n y\u00fczde 80\u2019lik k\u0131sm\u0131n\u0131n tamamland\u0131\u011f\u0131 ve Kas\u0131m 2019 y\u0131l\u0131nda Adalet Bakanl\u0131\u011f\u0131na teslim edilece\u011fi bildirildi. En son teknoloji ve modern olarak tasarlanan cezaevi en y\u00fcksek g\u00fcvenlikli cezaevi olacak.<\/p>\n<p>Ko\u011fu\u015flar\u0131n tek ki\u015filik olaca\u011f\u0131 cezaevi \u00fc\u00e7 ana k\u0131s\u0131mdan olu\u015fup, bir avluda sekiz ko\u011fu\u015f bulunuyor. 45 bin metrekarelik bir alan\u0131 kapsayan proje i\u00e7erisinde, ziyaret\u00e7i binas\u0131, kre\u015f, kapal\u0131 spor salonu, 4 tane pembe oda, k\u00fclt\u00fcr aktivitelerini yap\u0131laca\u011f\u0131 alan ve personel yatakhaneleri bulunduruyor. Gardiyan lojmanlar\u0131n\u0131n bir k\u0131sm\u0131 tamamlan\u0131rken, \u00e7evre d\u00fczenlemelerinin de yap\u0131m\u0131 devam ediyor. Yap\u0131m\u0131nda son a\u015famaya gelinen Silivri Kapal\u0131 Kad\u0131n Ceza \u0130nfaz Kurumunun in\u015faat\u0131, drone ile havadan g\u00f6r\u00fcnt\u00fclendi.<\/p>\n","protected":false},"excerpt":{"rendered":"<p>S\u0130L\u0130VR\u0130\u2019DE 2017 YILINDA YAPIMI BA\u015eLAYAN S\u0130L\u0130VR\u0130 KADIN KAPALI CEZA \u0130NFAZ KURUMU \u0130N\u015eAATINDA SONA GEL\u0130ND\u0130.  YAPIMI HALEN DEVAM EDEN CEZAEV\u0130N\u0130N Y\u00dcZDE 80\u2019L\u0130K KISMI TAMAMLANDI. Y\u00dcKSEK G\u00dcVENL\u0130KL\u0130 VE Y\u00dcKSEK DONANIMLI CEZAEV\u0130 HAVADAN G\u00d6R\u00dcNT\u00dcLEND\u0130.<\/p>\n","protected":false},"author":1,"featured_media":167705,"comment_status":"closed","ping_status":"open","sticky":false,"template":"","format":"standard","meta":{"jetpack_post_was_ever_published":false,"_jetpack_newsletter_access":"","_jetpack_dont_email_post_to_subs":false,"_jetpack_newsletter_tier_id":0,"_jetpack_memberships_contains_paywalled_content":false,"_jetpack_memberships_contains_paid_content":false,"footnotes":"","jetpack_publicize_message":"","jetpack_publicize_feature_enabled":true,"jetpack_social_post_already_shared":true,"jetpack_social_options":{"image_generator_settings":{"template":"highway","default_image_id":0,"font":"","enabled":false},"version":2}},"categories":[1],"tags":[1073,12227,108,2004,27325,792,10516],"class_list":["post-167704","post","type-post","status-publish","format-standard","has-post-thumbnail","hentry","category-genel","tag-ozel","tag-cezaevinde","tag-kadin","tag-kapali","tag-silivri","tag-sona","tag-yaklasildi"],"jetpack_publicize_connections":[],"jetpack_featured_media_url":"https:\/\/i0.wp.com\/www.tvturk.com\/wp-content\/uploads\/2019\/06\/ozel-silivri-kadin-kapali-cezaevinde-sona-yaklasildi_306d976.jpg?fit=1000%2C749","jetpack_sharing_enabled":true,"jetpack_shortlink":"https:\/\/wp.me\/paKIfm-HCU","_links":{"self":[{"href":"http:\/\/www.tvturk.com\/index.php\/wp-json\/wp\/v2\/posts\/167704","targetHints":{"allow":["GET"]}}],"collection":[{"href":"http:\/\/www.tvturk.com\/index.php\/wp-json\/wp\/v2\/posts"}],"about":[{"href":"http:\/\/www.tvturk.com\/index.php\/wp-json\/wp\/v2\/types\/post"}],"author":[{"embeddable":true,"href":"http:\/\/www.tvturk.com\/index.php\/wp-json\/wp\/v2\/users\/1"}],"replies":[{"embeddable":true,"href":"http:\/\/www.tvturk.com\/index.php\/wp-json\/wp\/v2\/comments?post=167704"}],"version-history":[{"count":0,"href":"http:\/\/www.tvturk.com\/index.php\/wp-json\/wp\/v2\/posts\/167704\/revisions"}],"wp:featuredmedia":[{"embeddable":true,"href":"http:\/\/www.tvturk.com\/index.php\/wp-json\/wp\/v2\/media\/167705"}],"wp:attachment":[{"href":"http:\/\/www.tvturk.com\/index.php\/wp-json\/wp\/v2\/media?parent=167704"}],"wp:term":[{"taxonomy":"category","embeddable":true,"href":"http:\/\/www.tvturk.com\/index.php\/wp-json\/wp\/v2\/categories?post=167704"},{"taxonomy":"post_tag","embeddable":true,"href":"http:\/\/www.tvturk.com\/index.php\/wp-json\/wp\/v2\/tags?post=167704"}],"curies":[{"name":"wp","href":"https:\/\/api.w.org\/{rel}","templated":true}]}}