{"id":167736,"date":"2019-06-11T10:50:15","date_gmt":"2019-06-11T07:50:15","guid":{"rendered":"http:\/\/www.tvturk.com\/index.php\/gramofon-tamirciligine-omrunu-adadi\/"},"modified":"2019-06-11T10:50:15","modified_gmt":"2019-06-11T07:50:15","slug":"gramofon-tamirciligine-omrunu-adadi","status":"publish","type":"post","link":"http:\/\/www.tvturk.com\/index.php\/gramofon-tamirciligine-omrunu-adadi\/","title":{"rendered":"Gramofon tamircili\u011fine \u00f6mr\u00fcn\u00fc adad\u0131"},"content":{"rendered":"<p>Kahramanmara\u015f\u2019ta 34 y\u0131ld\u0131r gramofon tamiri ve plak koleksiyonu yapan nostaljik tutkunu Osman Polat (53), m\u00fczik \u00e7alar sistemlerine g\u00f6z\u00fc gibi bak\u0131yor.<\/p>\n<p>Oniki\u015fubat il\u00e7esi Ertu\u011frul Gazi Mahallesi\u2019ndeki k\u00fc\u00e7\u00fck i\u015f yerinde ses sistemleri tamircili\u011fi yapan Polat, kentin tek gramofon tamircisi olarak biliniyor. Bir\u00e7ok tarihi ge\u00e7mi\u015fi olan ses sistemlerini muhafaza i\u015f yerinde muhafaza eden Polat, kendisine getirilen ar\u0131zal\u0131 \u00fcr\u00fcnleri \u00e7al\u0131\u015ft\u0131r\u0131p eski haline getirdi\u011fini s\u00f6yl\u00fcyor.<\/p>\n<p>\u201cGramofon ve plaklar manevi olarak \u00f6lmesin\u201d<\/p>\n<p>Eski ses sistemleri ve m\u00fczik \u00e7alarlar\u0131n de\u011ferinin bilinmesini isteyene Polat, \u00fcr\u00fcnlerinin maddi de\u011ferlerinden \u00e7ok manevi de\u011ferleri oldu\u011funu s\u00f6yledi.<\/p>\n<p>\u00dcr\u00fcnlerin depolarda \u00e7\u00fcr\u00fcmesi ve kaybolmas\u0131ndan korktu\u011funu an\u0131msatan Polat, \u201cKendi i\u015f yerimde 1985 y\u0131l\u0131ndan beri bu i\u015fle u\u011fra\u015f\u0131yorum. Bu cihazlar art\u0131k \u00f6lmesin istiyorum ve herkesin bu cihazlara sahip \u00e7\u0131kmas\u0131n\u0131 istiyorum. Bu tarz cihazlar \u00e7o\u011fu ki\u015finin deposunda \u00e7\u00fcr\u00fcmeye terk edildi. Bende elimden geldi\u011fi kadar bunlar\u0131 toparlay\u0131p, d\u00fczenleyip bak\u0131m ve tamirlerini yap\u0131yorum. Elimizde gramofonun yan\u0131 s\u0131ra 1950 ve 1952 y\u0131llar\u0131n\u0131n radyolar\u0131 var. Bu \u00fcr\u00fcnleri sat\u0131n almak isteyen arkada\u015flar var ancak fiyatlar\u0131 da \u00e7ok y\u00fcksek oldu\u011fundan alam\u0131yorlar ama bunlar\u0131n manevi de\u011feri \u00e7ok y\u00fcksek. Bu plaklar internet \u00fczerinden sat\u0131\u015f\u0131 da yap\u0131l\u0131yor. Onun i\u00e7in herkes plaklar\u0131n\u0131 \u00e7\u0131karts\u0131n ve temizlesin, maddiyata \u00e7evrilmese de manevi olarak bunlar \u00f6lmesin art\u0131k\u201d dedi.<\/p>\n<p>\u201c\u00c7ocuklar\u0131ma b\u0131rakaca\u011f\u0131m en b\u00fcy\u00fck miras\u201d<\/p>\n<p>Ge\u00e7mi\u015fte bir\u00e7ok \u00fcnl\u00fcden imzal\u0131 plak ald\u0131\u011f\u0131n\u0131 ve onlara g\u00f6z\u00fc gibi bakt\u0131\u011f\u0131n\u0131 ifade eden Polat, \u00e7e\u015fitli zamanlarda arkada\u015flar\u0131na m\u00fczik dinletisi yapt\u0131\u011f\u0131n\u0131 da s\u00f6yledi.<\/p>\n<p>Polat,  \u201cY\u0131l 1999\u2019da Erkin Koray ile tan\u0131\u015ft\u0131m pla\u011f\u0131n\u0131 imzalad\u0131 ve bana verdi. Belk\u0131s Akkale ve Bar\u0131\u015f Man\u00e7o ile tan\u0131\u015ft\u0131m. Benim \u00e7ocuklar\u0131ma b\u0131rakaca\u011f\u0131m en b\u00fcy\u00fck miras bu \u00fcr\u00fcnlerdir. Cihazlar\u0131m\u0131z\u0131n bak\u0131mlar\u0131n\u0131 ben yap\u0131yorum ve \u00e7o\u011fundan \u00fccret almadan tamirini yapabilirim. Par\u00e7a takmam gerekirse par\u00e7as\u0131n\u0131 \u00fccretini verir ama ben bu i\u015fi severek yap\u0131yorum. Benim \u00e7evremde nostaljik m\u00fczik dinleyen arkada\u015flar\u0131m\u0131z var ve baz\u0131 zamanlarda toplan\u0131p burada g\u00fczel vakit ge\u00e7iriyoruz\u201d dedi.<\/p>\n<p>Osman ustan\u0131n i\u015f yerine gelip ge\u00e7mi\u015fe yol ald\u0131klar\u0131n\u0131 s\u00f6yleyen Murat Kara ise, \u201cOsman abi bize eski g\u00fcnleri tekrar ya\u015fat\u0131yor. Eski plaklar\u0131n verdi\u011fi o duygu \u00e7ok g\u00fczel. Buraya gelip arkada\u015flar\u0131m\u0131zla ge\u00e7mi\u015fe d\u00f6n\u00fcyoruz. O y\u00fczden herkese tavsiyem gelsinler Osman abimin kap\u0131s\u0131 herkese a\u00e7\u0131k\u201d dedi.<\/p>\n","protected":false},"excerpt":{"rendered":"<p>KAHRAMANMARA\u015e\u2019TA 34 YILDIR GRAMOFON TAM\u0130R\u0130 VE PLAK KOLEKS\u0130YONU YAPAN NOSTALJ\u0130K TUTKUNU OSMAN POLAT (53), M\u00dcZ\u0130K \u00c7ALAR S\u0130STEMLER\u0130NE G\u00d6Z\u00dc G\u0130B\u0130 BAKIYOR<\/p>\n","protected":false},"author":1,"featured_media":167737,"comment_status":"closed","ping_status":"open","sticky":false,"template":"","format":"standard","meta":{"jetpack_post_was_ever_published":false,"_jetpack_newsletter_access":"","_jetpack_dont_email_post_to_subs":false,"_jetpack_newsletter_tier_id":0,"_jetpack_memberships_contains_paywalled_content":false,"_jetpack_memberships_contains_paid_content":false,"footnotes":"","jetpack_publicize_message":"","jetpack_publicize_feature_enabled":true,"jetpack_social_post_already_shared":true,"jetpack_social_options":{"image_generator_settings":{"template":"highway","default_image_id":0,"font":"","enabled":false},"version":2}},"categories":[1],"tags":[25711,40157,21563,40158],"class_list":["post-167736","post","type-post","status-publish","format-standard","has-post-thumbnail","hentry","category-genel","tag-adadi","tag-gramofon","tag-omrunu","tag-tamirciligine"],"jetpack_publicize_connections":[],"jetpack_featured_media_url":"https:\/\/i0.wp.com\/www.tvturk.com\/wp-content\/uploads\/2019\/06\/gramofon-tamirciligine-omrunu-adadi_aa2750c.jpg?fit=1000%2C666","jetpack_sharing_enabled":true,"jetpack_shortlink":"https:\/\/wp.me\/paKIfm-HDq","_links":{"self":[{"href":"http:\/\/www.tvturk.com\/index.php\/wp-json\/wp\/v2\/posts\/167736","targetHints":{"allow":["GET"]}}],"collection":[{"href":"http:\/\/www.tvturk.com\/index.php\/wp-json\/wp\/v2\/posts"}],"about":[{"href":"http:\/\/www.tvturk.com\/index.php\/wp-json\/wp\/v2\/types\/post"}],"author":[{"embeddable":true,"href":"http:\/\/www.tvturk.com\/index.php\/wp-json\/wp\/v2\/users\/1"}],"replies":[{"embeddable":true,"href":"http:\/\/www.tvturk.com\/index.php\/wp-json\/wp\/v2\/comments?post=167736"}],"version-history":[{"count":0,"href":"http:\/\/www.tvturk.com\/index.php\/wp-json\/wp\/v2\/posts\/167736\/revisions"}],"wp:featuredmedia":[{"embeddable":true,"href":"http:\/\/www.tvturk.com\/index.php\/wp-json\/wp\/v2\/media\/167737"}],"wp:attachment":[{"href":"http:\/\/www.tvturk.com\/index.php\/wp-json\/wp\/v2\/media?parent=167736"}],"wp:term":[{"taxonomy":"category","embeddable":true,"href":"http:\/\/www.tvturk.com\/index.php\/wp-json\/wp\/v2\/categories?post=167736"},{"taxonomy":"post_tag","embeddable":true,"href":"http:\/\/www.tvturk.com\/index.php\/wp-json\/wp\/v2\/tags?post=167736"}],"curies":[{"name":"wp","href":"https:\/\/api.w.org\/{rel}","templated":true}]}}