{"id":167764,"date":"2019-06-11T11:11:30","date_gmt":"2019-06-11T08:11:30","guid":{"rendered":"http:\/\/www.tvturk.com\/index.php\/konya-kuluda-dolu-ekili-arazilerde-zarara-neden-oldu\/"},"modified":"2019-06-11T11:11:30","modified_gmt":"2019-06-11T08:11:30","slug":"konya-kuluda-dolu-ekili-arazilerde-zarara-neden-oldu","status":"publish","type":"post","link":"http:\/\/www.tvturk.com\/index.php\/konya-kuluda-dolu-ekili-arazilerde-zarara-neden-oldu\/","title":{"rendered":"Konya Kulu\u2019da dolu ekili arazilerde zarara neden oldu"},"content":{"rendered":"<p>Konya\u2019n\u0131n Kulu il\u00e7esinde etkili olan dolu ve ya\u011fmur ya\u011f\u0131\u015f\u0131nda ekili alanlar zarar g\u00f6rd\u00fc.<\/p>\n<p>Kulu\u2019da d\u00fcn ak\u015fam saatlerinde ba\u015flayan ya\u011fmur ya\u011f\u0131\u015f\u0131 ve baz\u0131 yerlerde ceviz b\u00fcy\u00fckl\u00fc\u011f\u00fcndeki dolu ya\u011f\u0131\u015f\u0131 sonras\u0131nda ekili arazilerde zarar meydana geldi. Ya\u011f\u0131\u015f\u0131n \u00e7evre mahallelerden olan Yara\u015fl\u0131, A\u011f\u0131lba\u015f\u0131, De\u011firmen\u00f6z\u00fc ve Alt\u0131lar\u2019da yakla\u015f\u0131k 20 bin dekarl\u0131k ekili alanda etkili oldu\u011fu bildirildi. Arazilerde ilk incelemelerde bulunduklar\u0131n belirten Kulu Ziraat Odas\u0131 Ba\u015fkan\u0131 Cengiz \u00d6zt\u00fcrk, kimyon, arpa ve bu\u011fdayda b\u00fcy\u00fck oranda, pancar tarlalar\u0131nda ise ortalama y\u00fczde 30\u2019lara varan dolu hasar\u0131 meydana geldi\u011fini tahmin ettiklerini s\u00f6yledi. \u00d6zt\u00fcrk, tam zarar\u0131n arazinin kurumas\u0131n\u0131n ard\u0131ndan tespit edilebilece\u011fini ifade ederek, Kulu Kaymakam\u0131 Ali Edip Budan ve \u0130l\u00e7e Tar\u0131m ve Orman M\u00fcd\u00fcrl\u00fc\u011f\u00fc g\u00f6revlileri ile birlikte doludan zarar g\u00f6ren mahallelerdeki ekili alanlarda inceleme yapacaklar\u0131n\u0131 kaydetti.<\/p>\n","protected":false},"excerpt":{"rendered":"<p>KONYA\u2019NIN KULU \u0130L\u00c7ES\u0130NDE ETK\u0130L\u0130 OLAN DOLU VE YA\u011eMUR YA\u011eI\u015eINDA EK\u0130L\u0130 ALANLAR ZARAR G\u00d6RD\u00dc.<\/p>\n","protected":false},"author":1,"featured_media":167765,"comment_status":"closed","ping_status":"open","sticky":false,"template":"","format":"standard","meta":{"jetpack_post_was_ever_published":false,"_jetpack_newsletter_access":"","_jetpack_dont_email_post_to_subs":false,"_jetpack_newsletter_tier_id":0,"_jetpack_memberships_contains_paywalled_content":false,"_jetpack_memberships_contains_paid_content":false,"footnotes":"","jetpack_publicize_message":"","jetpack_publicize_feature_enabled":true,"jetpack_social_post_already_shared":true,"jetpack_social_options":{"image_generator_settings":{"template":"highway","default_image_id":0,"font":"","enabled":false},"version":2}},"categories":[1],"tags":[40165,6667,30659,3696,3146,1130,77,3819],"class_list":["post-167764","post","type-post","status-publish","format-standard","has-post-thumbnail","hentry","category-genel","tag-arazilerde","tag-dolu","tag-ekili","tag-konya","tag-kuluda","tag-neden","tag-oldu","tag-zarara"],"jetpack_publicize_connections":[],"jetpack_featured_media_url":"https:\/\/i0.wp.com\/www.tvturk.com\/wp-content\/uploads\/2019\/06\/konya-kuluda-dolu-ekili-arazilerde-zarara-neden-oldu_93be8c7.jpg?fit=720%2C540","jetpack_sharing_enabled":true,"jetpack_shortlink":"https:\/\/wp.me\/paKIfm-HDS","_links":{"self":[{"href":"http:\/\/www.tvturk.com\/index.php\/wp-json\/wp\/v2\/posts\/167764","targetHints":{"allow":["GET"]}}],"collection":[{"href":"http:\/\/www.tvturk.com\/index.php\/wp-json\/wp\/v2\/posts"}],"about":[{"href":"http:\/\/www.tvturk.com\/index.php\/wp-json\/wp\/v2\/types\/post"}],"author":[{"embeddable":true,"href":"http:\/\/www.tvturk.com\/index.php\/wp-json\/wp\/v2\/users\/1"}],"replies":[{"embeddable":true,"href":"http:\/\/www.tvturk.com\/index.php\/wp-json\/wp\/v2\/comments?post=167764"}],"version-history":[{"count":0,"href":"http:\/\/www.tvturk.com\/index.php\/wp-json\/wp\/v2\/posts\/167764\/revisions"}],"wp:featuredmedia":[{"embeddable":true,"href":"http:\/\/www.tvturk.com\/index.php\/wp-json\/wp\/v2\/media\/167765"}],"wp:attachment":[{"href":"http:\/\/www.tvturk.com\/index.php\/wp-json\/wp\/v2\/media?parent=167764"}],"wp:term":[{"taxonomy":"category","embeddable":true,"href":"http:\/\/www.tvturk.com\/index.php\/wp-json\/wp\/v2\/categories?post=167764"},{"taxonomy":"post_tag","embeddable":true,"href":"http:\/\/www.tvturk.com\/index.php\/wp-json\/wp\/v2\/tags?post=167764"}],"curies":[{"name":"wp","href":"https:\/\/api.w.org\/{rel}","templated":true}]}}