{"id":167772,"date":"2019-06-11T11:16:32","date_gmt":"2019-06-11T08:16:32","guid":{"rendered":"http:\/\/www.tvturk.com\/index.php\/antik-kentte-ziyaretci-sayisindaki-artis-bolge-halkina-yaradi\/"},"modified":"2019-06-11T11:16:32","modified_gmt":"2019-06-11T08:16:32","slug":"antik-kentte-ziyaretci-sayisindaki-artis-bolge-halkina-yaradi","status":"publish","type":"post","link":"http:\/\/www.tvturk.com\/index.php\/antik-kentte-ziyaretci-sayisindaki-artis-bolge-halkina-yaradi\/","title":{"rendered":"Antik kentte ziyaret\u00e7i say\u0131s\u0131ndaki art\u0131\u015f b\u00f6lge halk\u0131na yarad\u0131"},"content":{"rendered":"<p>\u00c7anakkale\u2019de Truva Antik Kent\u2019e gelen turist say\u0131s\u0131ndaki art\u0131\u015f b\u00f6lgenin kalk\u0131nmas\u0131na olumlu etki yaparken, \u00f6ren yerinin hemen yan\u0131 ba\u015f\u0131ndaki Tevfikiye K\u00f6y\u00fc\u2019nde turistlerin zaman ge\u00e7irebilece\u011fi turistlik tesislerin de a\u00e7\u0131lmas\u0131 dikkat \u00e7ekiyor.<\/p>\n<p>K\u00fclt\u00fcr ve Turizm Bakanl\u0131\u011f\u0131, Troya Antik Kenti\u2019nin UNESCO D\u00fcnya K\u00fclt\u00fcr Miras Listesi\u2019ne kabul\u00fcn\u00fcn 20\u2019nci y\u0131l\u0131 nedeniyle 2018\u2019i Troya Y\u0131l\u0131 ilan etmesi ile birlikte b\u00f6lgeye gelen turist say\u0131s\u0131nda b\u00fcy\u00fck art\u0131\u015f g\u00f6zlenirken, 2018 y\u0131l\u0131nda toplam 531 bin 530 ziyaret\u00e7i ile bir rekor k\u0131rd\u0131. Ziyaret\u00e7i say\u0131s\u0131nda yar\u0131m milyona ula\u015fan fakat ge\u00e7ti\u011fimiz g\u00fcnlere kadar \u00f6ren yerinin \u00e7evresinde gelen ziyaret\u00e7ilerin zaman ge\u00e7irmesi i\u00e7in hi\u00e7bir tesisin olmamas\u0131 b\u00f6lge halk\u0131n\u0131 da harekete ge\u00e7irdi. \u00d6ren yerine turistlik tesis kuran Olea Restaurant m\u00fcd\u00fcr\u00fc Emre Say\u0131n, \u201c\u00c7anakkale\u2019nin \u00f6nemli turistlik b\u00f6lgelerinden biri olan Truva Antik Kenti\u2019ne ge\u00e7en y\u0131l yar\u0131m milyon turist geldi. Fakat bu turistler \u00f6ren yerini gezip hemen geri d\u00f6n\u00fcyorlard\u0131. Bu y\u0131l T\u00fcrkiye\u2019de faaliyet g\u00f6steren bir petrol \u015firketi \u00f6ren yerinin yan\u0131 ba\u015f\u0131ndaki Tevfikiye K\u00f6y\u00fc\u2019nde yenileme \u00e7al\u0131\u015fmalar\u0131 yaparak k\u00f6y\u00fc adeta tarihi yap\u0131ya \u00e7evirdi. Bununla birlikte Truva\u2019y\u0131 ziyaret eden turistler b\u00f6lgede daha fazla zaman ge\u00e7irmeye ba\u015flad\u0131. Bizlerde gelen ziyaret\u00e7ilerin \u00e7ay, kahve i\u00e7ebilece\u011fi, yemeklerini yiyip soluklanacaklar\u0131 bir tesisin eksik oldu\u011funu g\u00f6rd\u00fck ve b\u00f6lgeye her anlamda katk\u0131 sa\u011flayacak tesis a\u00e7t\u0131k&#8221; dedi.<\/p>\n","protected":false},"excerpt":{"rendered":"<p>\u00c7ANAKKALE\u2019DE TRUVA ANT\u0130K KENT&#8217;E GELEN TUR\u0130ST SAYISINDAK\u0130 ARTI\u015e B\u00d6LGEN\u0130N DE KALKINMASINDA OLUMLU ETK\u0130 YAPARKEN, \u00d6REN YER\u0130N\u0130N HEMEN YANI BA\u015eINDAK\u0130 TEVF\u0130K\u0130YE K\u00d6Y\u00dc\u2019NDE TUR\u0130STLER\u0130N ZAMAN GE\u00c7\u0130REB\u0130LECE\u011e\u0130 TUR\u0130STL\u0130K TES\u0130SLER\u0130N DE A\u00c7ILMASI D\u0130KKAT \u00c7EK\u0130YOR.<\/p>\n","protected":false},"author":1,"featured_media":167773,"comment_status":"closed","ping_status":"open","sticky":false,"template":"","format":"standard","meta":{"jetpack_post_was_ever_published":false,"_jetpack_newsletter_access":"","_jetpack_dont_email_post_to_subs":false,"_jetpack_newsletter_tier_id":0,"_jetpack_memberships_contains_paywalled_content":false,"_jetpack_memberships_contains_paid_content":false,"footnotes":"","jetpack_publicize_message":"","jetpack_publicize_feature_enabled":true,"jetpack_social_post_already_shared":true,"jetpack_social_options":{"image_generator_settings":{"template":"highway","default_image_id":0,"font":"","enabled":false},"version":2}},"categories":[1],"tags":[15465,6576,1172,13587,28634,40169,12870,6267],"class_list":["post-167772","post","type-post","status-publish","format-standard","has-post-thumbnail","hentry","category-genel","tag-antik","tag-artis","tag-bolge","tag-halkina","tag-kentte","tag-sayisindaki","tag-yaradi","tag-ziyaretci"],"jetpack_publicize_connections":[],"jetpack_featured_media_url":"https:\/\/i0.wp.com\/www.tvturk.com\/wp-content\/uploads\/2019\/06\/antik-kentte-ziyaretci-sayisindaki-artis-bolge-halkina-yaradi_e040464.jpg?fit=670%2C502","jetpack_sharing_enabled":true,"jetpack_shortlink":"https:\/\/wp.me\/paKIfm-HE0","_links":{"self":[{"href":"http:\/\/www.tvturk.com\/index.php\/wp-json\/wp\/v2\/posts\/167772","targetHints":{"allow":["GET"]}}],"collection":[{"href":"http:\/\/www.tvturk.com\/index.php\/wp-json\/wp\/v2\/posts"}],"about":[{"href":"http:\/\/www.tvturk.com\/index.php\/wp-json\/wp\/v2\/types\/post"}],"author":[{"embeddable":true,"href":"http:\/\/www.tvturk.com\/index.php\/wp-json\/wp\/v2\/users\/1"}],"replies":[{"embeddable":true,"href":"http:\/\/www.tvturk.com\/index.php\/wp-json\/wp\/v2\/comments?post=167772"}],"version-history":[{"count":0,"href":"http:\/\/www.tvturk.com\/index.php\/wp-json\/wp\/v2\/posts\/167772\/revisions"}],"wp:featuredmedia":[{"embeddable":true,"href":"http:\/\/www.tvturk.com\/index.php\/wp-json\/wp\/v2\/media\/167773"}],"wp:attachment":[{"href":"http:\/\/www.tvturk.com\/index.php\/wp-json\/wp\/v2\/media?parent=167772"}],"wp:term":[{"taxonomy":"category","embeddable":true,"href":"http:\/\/www.tvturk.com\/index.php\/wp-json\/wp\/v2\/categories?post=167772"},{"taxonomy":"post_tag","embeddable":true,"href":"http:\/\/www.tvturk.com\/index.php\/wp-json\/wp\/v2\/tags?post=167772"}],"curies":[{"name":"wp","href":"https:\/\/api.w.org\/{rel}","templated":true}]}}