{"id":167838,"date":"2019-06-11T12:31:49","date_gmt":"2019-06-11T09:31:49","guid":{"rendered":"http:\/\/www.tvturk.com\/index.php\/konyada-3-yuzyila-dayanan-tarihi-antik-kent-turizme-kazandirilacak\/"},"modified":"2019-06-11T12:31:49","modified_gmt":"2019-06-11T09:31:49","slug":"konyada-3-yuzyila-dayanan-tarihi-antik-kent-turizme-kazandirilacak","status":"publish","type":"post","link":"http:\/\/www.tvturk.com\/index.php\/konyada-3-yuzyila-dayanan-tarihi-antik-kent-turizme-kazandirilacak\/","title":{"rendered":"Konya\u2019da 3. y\u00fczy\u0131la dayanan tarihi \u2018Antik Kent\u2019 turizme kazand\u0131r\u0131lacak"},"content":{"rendered":"<p>Konya\u2019n\u0131n G\u00fcneyindeki volkanik arazi \u00fczerinde bulunan Kapadokya benzeri dokusu ile dikkati \u00e7eken ve ha\u00e7l\u0131lardan ya\u011fmac\u0131lara kadar bir\u00e7ok topluma ev sahipli\u011fi yapan &#8220;Kral Yolu&#8221; \u00fczerindeki &#8220;Kilistra Antik Kenti&#8221;nin \u00f6n\u00fcm\u00fczdeki g\u00fcnlerde turizme kazand\u0131r\u0131lmas\u0131 bekleniyor.<\/p>\n<p>Milattan \u00f6nce 3\u2019\u00fcnc\u00fc y\u00fczy\u0131lda yerle\u015fim yeri olarak kullan\u0131lmaya ba\u015flanan &#8220;Kral Yolu&#8221; \u00fczerindeki &#8220;Kilistra Antik Kenti&#8221; ziyaret\u00e7ilerini uzun ge\u00e7mi\u015fi olan bir tarihe \u00e7\u0131kart\u0131yor. \u0130\u00e7erisinde kilise, s\u00fcmb\u00fcl b\u00fcy\u00fck su sarn\u0131c\u0131, kiliseler, manast\u0131rlar, g\u00f6zc\u00fc kuleleri, s\u0131\u011f\u0131naklar, antik yollar gibi yap\u0131lar bulunan &#8220;Kilistra Antik Kent&#8221; bir\u00e7ok topluma ev sahipli\u011fi yapmas\u0131yla tarihte turizm merkezi olan yerler aras\u0131nda yer al\u0131yor. Kurtarma kaz\u0131s\u0131 \u00e7al\u0131\u015fmalar\u0131 kapsam\u0131nda temizlik, restorasyon ve \u00e7evre d\u00fczenlemesi yap\u0131lan tarihi kentin, tan\u0131t\u0131m \u00e7al\u0131\u015fmalar\u0131 ile k\u0131sa zamanda turizme kazand\u0131r\u0131lmas\u0131 bekleniyor.<\/p>\n<p>\u201cKilistra karakol g\u00f6revi yap\u0131yordu\u201d<\/p>\n<p>Kilistra\u2019n\u0131n milattan \u00f6nce 3. y\u00fczy\u0131la kadar uzanan kay\u0131tlar\u0131 oldu\u011funu s\u00f6yleyen Sel\u00e7uk \u00dcniversitesi Jeoloji M\u00fchendisli\u011fi B\u00f6l\u00fcm\u00fc \u00d6\u011fretim \u00dcyesi ve Jeoloji M\u00fchendisleri Odas\u0131 Konya \u015eube Ba\u015fkan\u0131 Prof. Dr. Fetullah Ar\u0131k, \u201cKilistra b\u00f6lgesinde daha \u00f6nceden Pagan inanc\u0131na sahip olan insanlar\u0131n ya\u015fad\u0131\u011f\u0131 bir b\u00f6lge. Bozk\u0131r yani G\u00fcneydeki \u0130zora b\u00f6lgesinden gelen ya\u011fmac\u0131lara engel olmas\u0131 i\u00e7in Hatunsaray\u2019\u0131 koruyan bir karakol b\u00f6lgesidir. Tarihi yerle\u015fim yerinin Antik Roma d\u00f6neminden g\u00fcn\u00fcm\u00fcze kadar bir\u00e7ok medeniyetin izlerini ta\u015f\u0131d\u0131\u011f\u0131n\u0131 vurgulayan Prof. Dr. Fetullah Ar\u0131k, &#8220;Bu b\u00f6lgeden Bey\u015fehir\u2019e kadar giden bir hat var. Bu hat \u00fczerinde t\u0131pk\u0131 Kapadokya\u2019da oldu\u011fu gibi volkanik t\u00fcflere oyulmu\u015f yap\u0131lar i\u00e7inde ya\u015fam\u0131\u015flar. Belki de savunma amac\u0131yla buralar\u0131 kullanm\u0131\u015flar. Hristiyanl\u0131\u011f\u0131n yayg\u0131nla\u015fmas\u0131yla toplumlar\u0131n yerle\u015fimleri biraz daha geni\u015fmi\u015f hatta \u015fuanda da yap\u0131lar\u0131n \u00e7o\u011fu oyma \u015feklinde oldu\u011fu g\u00f6r\u00fcl\u00fcyor\u201d dedi.<\/p>\n","protected":false},"excerpt":{"rendered":"<p>KONYA&#8217;NIN G\u00dcNEY\u0130NDEK\u0130 VOLKAN\u0130K ARAZ\u0130 \u00dcZER\u0130NDE BULUNAN KAPADOKYA BENZER\u0130 DOKUSU \u0130LE D\u0130KKAT\u0130 \u00c7EKEN VE HA\u00c7LILARDAN YA\u011eMACILARA KADAR B\u0130R\u00c7OK TOPLUMA EV SAH\u0130PL\u0130\u011e\u0130 YAPAN &#8220;KRAL YOLU&#8221; \u00dcZER\u0130NDEK\u0130 &#8220;K\u0130L\u0130STRA ANT\u0130K KENT\u0130&#8221;N\u0130N \u00d6N\u00dcM\u00dcZDEK\u0130 G\u00dcNLERDE TUR\u0130ZME KAZANDIRILMASI BEKLEN\u0130YOR.<\/p>\n","protected":false},"author":1,"featured_media":167839,"comment_status":"closed","ping_status":"open","sticky":false,"template":"","format":"standard","meta":{"jetpack_post_was_ever_published":false,"_jetpack_newsletter_access":"","_jetpack_dont_email_post_to_subs":false,"_jetpack_newsletter_tier_id":0,"_jetpack_memberships_contains_paywalled_content":false,"_jetpack_memberships_contains_paid_content":false,"footnotes":"","jetpack_publicize_message":"","jetpack_publicize_feature_enabled":true,"jetpack_social_post_already_shared":true,"jetpack_social_options":{"image_generator_settings":{"template":"highway","default_image_id":0,"font":"","enabled":false},"version":2}},"categories":[1],"tags":[15465,10105,24703,1966,2980,800,4148,4565],"class_list":["post-167838","post","type-post","status-publish","format-standard","has-post-thumbnail","hentry","category-genel","tag-antik","tag-dayanan","tag-kazandirilacak","tag-kent","tag-konyada","tag-tarihi","tag-turizme","tag-yuzyila"],"jetpack_publicize_connections":[],"jetpack_featured_media_url":"https:\/\/i0.wp.com\/www.tvturk.com\/wp-content\/uploads\/2019\/06\/konyada-3-yuzyila-dayanan-tarihi-antik-kent-turizme-kazandirilacak_e45fcee.jpg?fit=1000%2C562","jetpack_sharing_enabled":true,"jetpack_shortlink":"https:\/\/wp.me\/paKIfm-HF4","_links":{"self":[{"href":"http:\/\/www.tvturk.com\/index.php\/wp-json\/wp\/v2\/posts\/167838","targetHints":{"allow":["GET"]}}],"collection":[{"href":"http:\/\/www.tvturk.com\/index.php\/wp-json\/wp\/v2\/posts"}],"about":[{"href":"http:\/\/www.tvturk.com\/index.php\/wp-json\/wp\/v2\/types\/post"}],"author":[{"embeddable":true,"href":"http:\/\/www.tvturk.com\/index.php\/wp-json\/wp\/v2\/users\/1"}],"replies":[{"embeddable":true,"href":"http:\/\/www.tvturk.com\/index.php\/wp-json\/wp\/v2\/comments?post=167838"}],"version-history":[{"count":0,"href":"http:\/\/www.tvturk.com\/index.php\/wp-json\/wp\/v2\/posts\/167838\/revisions"}],"wp:featuredmedia":[{"embeddable":true,"href":"http:\/\/www.tvturk.com\/index.php\/wp-json\/wp\/v2\/media\/167839"}],"wp:attachment":[{"href":"http:\/\/www.tvturk.com\/index.php\/wp-json\/wp\/v2\/media?parent=167838"}],"wp:term":[{"taxonomy":"category","embeddable":true,"href":"http:\/\/www.tvturk.com\/index.php\/wp-json\/wp\/v2\/categories?post=167838"},{"taxonomy":"post_tag","embeddable":true,"href":"http:\/\/www.tvturk.com\/index.php\/wp-json\/wp\/v2\/tags?post=167838"}],"curies":[{"name":"wp","href":"https:\/\/api.w.org\/{rel}","templated":true}]}}