{"id":167854,"date":"2019-06-11T12:42:33","date_gmt":"2019-06-11T09:42:33","guid":{"rendered":"http:\/\/www.tvturk.com\/index.php\/yksye-girecek-ogrencilere-ulasim-ucretsiz\/"},"modified":"2019-06-11T12:42:33","modified_gmt":"2019-06-11T09:42:33","slug":"yksye-girecek-ogrencilere-ulasim-ucretsiz","status":"publish","type":"post","link":"http:\/\/www.tvturk.com\/index.php\/yksye-girecek-ogrencilere-ulasim-ucretsiz\/","title":{"rendered":"YKS\u2019ye girecek \u00f6\u011frencilere ula\u015f\u0131m \u2018\u00fccretsiz\u2019"},"content":{"rendered":"<p>Samsun B\u00fcy\u00fck\u015fehir Belediye Ba\u015fkan\u0131 Mustafa Demir, hafta sonu \u00fclke genelinde ger\u00e7ekle\u015ftirilecek Y\u00fcksek\u00f6\u011fretim Kurumlar\u0131 S\u0131nav\u0131 (YKS) nedeniyle \u00f6\u011frencilere ula\u015f\u0131m\u0131n 2 g\u00fcn boyunca \u2019\u00fccretsiz\u2019 olaca\u011f\u0131n\u0131 a\u00e7\u0131klad\u0131.<\/p>\n<p>S\u0131nava giri\u015f belgesi yeterli<\/p>\n<p>Ba\u015fkan Demir taraf\u0131ndan yap\u0131lan a\u00e7\u0131klamada, &#8220;15 Haziran Cumartesi ve 16 Haziran Pazar g\u00fcn\u00fc yap\u0131lacak olan Y\u00fcksek\u00f6\u011fretim Kurumlar\u0131 S\u0131nav\u0131(YKS) kapsam\u0131nda Temel Yeterlilik Testi (TYT), Alan Yeterlilik Testleri (AYT) ve Yabanc\u0131 Dil Testi (YDT) s\u0131navlar\u0131na girecek t\u00fcm \u00f6\u011frencilerimiz, s\u0131nav yerlerine gidi\u015f ve d\u00f6n\u00fc\u015flerinde SAMULA\u015e\u2019a ait tramvaylar ile ring\/ekspres ve terminal otob\u00fcslerinden \u00fccretsiz olarak faydalanabileceklerdir. \u00d6\u011frencilerimizin bu imkandan faydalanmalar\u0131 i\u00e7in \u2019s\u0131nava giri\u015f belgesi\u2019ni g\u00f6stermeleri yeterlidir&#8221; denildi.<\/p>\n<p>\u00d6\u011frencilere mesaj: \u201cSakin ve sab\u0131rl\u0131 olun\u201d<\/p>\n<p>Mesaj\u0131nda \u00f6\u011frencilere de seslenen Ba\u015fkan Mustafa Demir, &#8220;Gelece\u011finize y\u00f6n verece\u011finiz \u00e7ok \u00f6nemli bir a\u015famay\u0131 daha ge\u00e7mek \u00fczeresiniz. Y\u00fcksek \u00f6\u011fretim kurumlar\u0131m\u0131zda g\u00f6rece\u011finiz e\u011fitim, \u00fcniversitelerde deneyimleyece\u011finiz ya\u015fam, sonraki ya\u015fam\u0131n\u0131zda \u00e7ok \u00f6nemli belirleyici roller \u00fcstlenecektir. En b\u00fcy\u00fck arzumuz ve beklentimiz, y\u00fcksek \u00f6\u011frenim s\u00fcreci boyunca daha k\u00fclt\u00fcrl\u00fc, daha ara\u015ft\u0131rmac\u0131, daha bilgili, \u00fclke ve millet de\u011ferlerine daha s\u0131k\u0131 s\u0131k\u0131ya sar\u0131l\u0131 bireyler haline gelmenizdir. Hafta sonu zorlu maratonda s\u0131nava girecek \u00f6\u011frencilerimize \u015fimdiden ba\u015far\u0131lar diliyorum&#8221; dedi.<\/p>\n","protected":false},"excerpt":{"rendered":"<p>SAMSUN B\u00dcY\u00dcK\u015eEH\u0130R BELED\u0130YE BA\u015eKANI MUSTAFA DEM\u0130R, HAFTA SONU \u00dcLKE GENEL\u0130NDE GER\u00c7EKLE\u015eT\u0130R\u0130LECEK Y\u00dcKSEK\u00d6\u011eRET\u0130M KURUMLARI SINAVI(YKS) NEDEN\u0130YLE \u00d6\u011eRENC\u0130LERE ULA\u015eIMIN 2 G\u00dcN BOYUNCA &#8216;\u00dcCRETS\u0130Z&#8217; OLACA\u011eINI A\u00c7IKLADI.<\/p>\n","protected":false},"author":1,"featured_media":167855,"comment_status":"closed","ping_status":"open","sticky":false,"template":"","format":"standard","meta":{"jetpack_post_was_ever_published":false,"_jetpack_newsletter_access":"","_jetpack_dont_email_post_to_subs":false,"_jetpack_newsletter_tier_id":0,"_jetpack_memberships_contains_paywalled_content":false,"_jetpack_memberships_contains_paid_content":false,"footnotes":"","jetpack_publicize_message":"","jetpack_publicize_feature_enabled":true,"jetpack_social_post_already_shared":true,"jetpack_social_options":{"image_generator_settings":{"template":"highway","default_image_id":0,"font":"","enabled":false},"version":2}},"categories":[1],"tags":[11540,2208,324,1416,38774],"class_list":["post-167854","post","type-post","status-publish","format-standard","has-post-thumbnail","hentry","category-genel","tag-girecek","tag-ogrencilere","tag-ucretsiz","tag-ulasim","tag-yksye"],"jetpack_publicize_connections":[],"jetpack_featured_media_url":"https:\/\/i0.wp.com\/www.tvturk.com\/wp-content\/uploads\/2019\/06\/yksye-girecek-ogrencilere-ulasim-ucretsiz_8505749.jpg?fit=1000%2C666","jetpack_sharing_enabled":true,"jetpack_shortlink":"https:\/\/wp.me\/paKIfm-HFk","_links":{"self":[{"href":"http:\/\/www.tvturk.com\/index.php\/wp-json\/wp\/v2\/posts\/167854","targetHints":{"allow":["GET"]}}],"collection":[{"href":"http:\/\/www.tvturk.com\/index.php\/wp-json\/wp\/v2\/posts"}],"about":[{"href":"http:\/\/www.tvturk.com\/index.php\/wp-json\/wp\/v2\/types\/post"}],"author":[{"embeddable":true,"href":"http:\/\/www.tvturk.com\/index.php\/wp-json\/wp\/v2\/users\/1"}],"replies":[{"embeddable":true,"href":"http:\/\/www.tvturk.com\/index.php\/wp-json\/wp\/v2\/comments?post=167854"}],"version-history":[{"count":0,"href":"http:\/\/www.tvturk.com\/index.php\/wp-json\/wp\/v2\/posts\/167854\/revisions"}],"wp:featuredmedia":[{"embeddable":true,"href":"http:\/\/www.tvturk.com\/index.php\/wp-json\/wp\/v2\/media\/167855"}],"wp:attachment":[{"href":"http:\/\/www.tvturk.com\/index.php\/wp-json\/wp\/v2\/media?parent=167854"}],"wp:term":[{"taxonomy":"category","embeddable":true,"href":"http:\/\/www.tvturk.com\/index.php\/wp-json\/wp\/v2\/categories?post=167854"},{"taxonomy":"post_tag","embeddable":true,"href":"http:\/\/www.tvturk.com\/index.php\/wp-json\/wp\/v2\/tags?post=167854"}],"curies":[{"name":"wp","href":"https:\/\/api.w.org\/{rel}","templated":true}]}}