{"id":167884,"date":"2019-06-11T13:12:02","date_gmt":"2019-06-11T10:12:02","guid":{"rendered":"http:\/\/www.tvturk.com\/index.php\/sardinya-adasinda-cekirge-istilasi\/"},"modified":"2019-06-11T13:12:02","modified_gmt":"2019-06-11T10:12:02","slug":"sardinya-adasinda-cekirge-istilasi","status":"publish","type":"post","link":"http:\/\/www.tvturk.com\/index.php\/sardinya-adasinda-cekirge-istilasi\/","title":{"rendered":"Sardinya Adas\u0131\u2019nda \u00e7ekirge istilas\u0131"},"content":{"rendered":"<p>Akdeniz\u2019in Sicilya\u2019dan sonra ikinci en b\u00fcy\u00fck adas\u0131 Sardinya\u2019da son 60 y\u0131l\u0131n en b\u00fcy\u00fck \u00e7ekirge istilas\u0131 ya\u015fan\u0131yor.<\/p>\n<p>\u0130talya\u2019n\u0131n bat\u0131s\u0131ndaki Sardinya Adas\u0131\u2019n\u0131 \u00e7ekirgeler istila etti. Son 60 y\u0131l\u0131n en b\u00fcy\u00fck \u00e7ekirge istilas\u0131n\u0131n ya\u015fand\u0131\u011f\u0131 adada 2 bin hektardan fazla tar\u0131m arazisi \u00e7ekirgeler taraf\u0131ndan tahrip edildi. Evleri istila eden \u00e7ekirgelerin s\u0131cak havalar\u0131n etkisiyle artt\u0131\u011f\u0131 belirtiliyor.<\/p>\n<p>H\u00fck\u00fcmete yard\u0131m \u00e7a\u011fr\u0131s\u0131<\/p>\n<p>\u0130talyan Ziraat\u00e7iler Derne\u011fi Coldiretti, mahs\u00fcllerin yok oldu\u011funu belirterek h\u00fck\u00fcmetten yard\u0131m istedi\u011fini a\u00e7\u0131klad\u0131. \u00c7ekirge istilas\u0131n\u0131n b\u00f6lgedeki \u00e7ift\u00e7ileri yok etme a\u015famas\u0131na getirdi\u011fini aktard\u0131. Coldiretti, meyve a\u011fa\u00e7lar\u0131n\u0131n da tahrip oldu\u011fu adada \u00e7ekirge salg\u0131n\u0131yla m\u00fccadele etmeye \u00e7al\u0131\u015ft\u0131klar\u0131n\u0131 aktard\u0131.<\/p>\n<p>\u00c7ekirgelerin bu y\u0131l \u00e7ok say\u0131da olmas\u0131n\u0131n nedeni ise hen\u00fcz bilinmiyor.<\/p>\n","protected":false},"excerpt":{"rendered":"<p>AKDEN\u0130Z&#8217;\u0130N S\u0130C\u0130LYA&#8217;DAN SONRA \u0130K\u0130NC\u0130 EN B\u00dcY\u00dcK ADASI SARD\u0130NYA\u2019DA SON 60 YILIN EN B\u00dcY\u00dcK \u00c7EK\u0130RGE \u0130ST\u0130LASI YA\u015eANIYOR.<\/p>\n","protected":false},"author":1,"featured_media":167885,"comment_status":"closed","ping_status":"open","sticky":false,"template":"","format":"standard","meta":{"jetpack_post_was_ever_published":false,"_jetpack_newsletter_access":"","_jetpack_dont_email_post_to_subs":false,"_jetpack_newsletter_tier_id":0,"_jetpack_memberships_contains_paywalled_content":false,"_jetpack_memberships_contains_paid_content":false,"footnotes":"","jetpack_publicize_message":"","jetpack_publicize_feature_enabled":true,"jetpack_social_post_already_shared":true,"jetpack_social_options":{"image_generator_settings":{"template":"highway","default_image_id":0,"font":"","enabled":false},"version":2}},"categories":[10],"tags":[15535,10844,34573,40203],"class_list":["post-167884","post","type-post","status-publish","format-standard","has-post-thumbnail","hentry","category-dunya","tag-adasinda","tag-cekirge","tag-istilasi","tag-sardinya"],"jetpack_publicize_connections":[],"jetpack_featured_media_url":"https:\/\/i0.wp.com\/www.tvturk.com\/wp-content\/uploads\/2019\/06\/sardinya-adasinda-cekirge-istilasi_c378bb7.jpg?fit=1000%2C933","jetpack_sharing_enabled":true,"jetpack_shortlink":"https:\/\/wp.me\/paKIfm-HFO","_links":{"self":[{"href":"http:\/\/www.tvturk.com\/index.php\/wp-json\/wp\/v2\/posts\/167884","targetHints":{"allow":["GET"]}}],"collection":[{"href":"http:\/\/www.tvturk.com\/index.php\/wp-json\/wp\/v2\/posts"}],"about":[{"href":"http:\/\/www.tvturk.com\/index.php\/wp-json\/wp\/v2\/types\/post"}],"author":[{"embeddable":true,"href":"http:\/\/www.tvturk.com\/index.php\/wp-json\/wp\/v2\/users\/1"}],"replies":[{"embeddable":true,"href":"http:\/\/www.tvturk.com\/index.php\/wp-json\/wp\/v2\/comments?post=167884"}],"version-history":[{"count":0,"href":"http:\/\/www.tvturk.com\/index.php\/wp-json\/wp\/v2\/posts\/167884\/revisions"}],"wp:featuredmedia":[{"embeddable":true,"href":"http:\/\/www.tvturk.com\/index.php\/wp-json\/wp\/v2\/media\/167885"}],"wp:attachment":[{"href":"http:\/\/www.tvturk.com\/index.php\/wp-json\/wp\/v2\/media?parent=167884"}],"wp:term":[{"taxonomy":"category","embeddable":true,"href":"http:\/\/www.tvturk.com\/index.php\/wp-json\/wp\/v2\/categories?post=167884"},{"taxonomy":"post_tag","embeddable":true,"href":"http:\/\/www.tvturk.com\/index.php\/wp-json\/wp\/v2\/tags?post=167884"}],"curies":[{"name":"wp","href":"https:\/\/api.w.org\/{rel}","templated":true}]}}