{"id":167902,"date":"2019-06-11T13:28:06","date_gmt":"2019-06-11T10:28:06","guid":{"rendered":"http:\/\/www.tvturk.com\/index.php\/turk-dovusculer-viyanayi-sallamaya-hazirlaniyor\/"},"modified":"2019-06-11T13:28:06","modified_gmt":"2019-06-11T10:28:06","slug":"turk-dovusculer-viyanayi-sallamaya-hazirlaniyor","status":"publish","type":"post","link":"http:\/\/www.tvturk.com\/index.php\/turk-dovusculer-viyanayi-sallamaya-hazirlaniyor\/","title":{"rendered":"T\u00fcrk d\u00f6v\u00fc\u015f\u00e7\u00fcler Viyana\u2019y\u0131 sallamaya haz\u0131rlan\u0131yor"},"content":{"rendered":"<p>Avusturya\u2019n\u0131n en b\u00fcy\u00fck d\u00f6v\u00fc\u015f kul\u00fcb\u00fc Iron Fist Gym (Demir Yumruk) ve Vendetta Organizasyon Y\u00f6netim Kurulu Ba\u015fkan\u0131 B\u00fclent Sa\u011flam taraf\u0131ndan 15 Haziran tarihinde ger\u00e7ekle\u015ftirilecek olan galada iki T\u00fcrk gencini daha ringe \u00e7\u0131kacak.<\/p>\n<p>Kadir Akba\u015f ve Selim Topuz\u2019un da ayn\u0131 gecede eldiven giyece\u011fi a\u00e7\u0131kland\u0131. Her iki sporcunun da gelece\u011fin \u015fampiyonlar\u0131ndan oldu\u011funu vurgulayan B\u00fclent Sa\u011flam, &#8220;Kadir korkusuz, g\u00f6z\u00fc pek bir d\u00f6v\u00fc\u015f\u00e7\u00fc. Rakip se\u00e7miyor, \u00f6n\u00fcne kim \u00e7\u0131karsa \u00e7\u0131ks\u0131n sonuna kadar d\u00f6v\u00fc\u015fmeye haz\u0131r. Selim, muhte\u015fem tekni\u011fi ile daha \u015fimdiden d\u00fcnyan\u0131n dikkatini \u00e7ekmi\u015f bulunuyor. Gelecekte \u00fclkemizi b\u00fcy\u00fck bir ba\u015far\u0131yla temsil edeceklerini sezinledi\u011fim i\u00e7in her t\u00fcrl\u00fc deste\u011fi veriyorum&#8221; dedi.<\/p>\n<p>Kar\u015f\u0131la\u015fmaya Taylant\u2019ta haz\u0131rland\u0131\u011f\u0131n\u0131 belirten Selim Topuz, &#8220;Orada d\u00fcnyan\u0131n en iyi sporcular\u0131na antrenman olana\u011f\u0131 sa\u011flayan bir kurum beni de be\u011fenmi\u015f ve bana da \u00f6zel antrenman program\u0131 sundular. Tabi bu antrenman\u0131 alabilmem i\u00e7in bana yard\u0131mc\u0131 olan Adnan Sert, \u00d6nder G\u00fcner ve Robert Pastuch\u2019a da buradan te\u015fekk\u00fcr etmek istiyorum. Hedefim \u015fampiyon olarak bayra\u011f\u0131m\u0131z\u0131 her yerde zirvede tutmakt\u0131r&#8221; dedi.<\/p>\n<p>T\u00fcrk gen\u00e7leri d\u00f6v\u00fc\u015f sporlar\u0131nda lider<\/p>\n<p>Be\u015f y\u0131ldan beridir d\u00f6v\u00fc\u015f sporlar\u0131yla ilgilendi\u011fini belirten 23 ya\u015f\u0131ndaki Kadir Akba\u015f, &#8220;Kar\u015f\u0131la\u015fmaya Viyana\u2019daki Demir Yumruk tesislerinde haz\u0131rland\u0131m. On birinci ma\u00e7\u0131ma \u00e7\u0131kaca\u011f\u0131m. Rakibim \u00e7ok g\u00fc\u00e7l\u00fc ancak biz de de\u011ferli promot\u00f6r\u00fcm B\u00fclent Sa\u011flam, sayesinde gereken \u00f6nlemleri ald\u0131k ve bu m\u00fcsabakay\u0131 kazanarak, \u00fclkemizin ad\u0131n\u0131 Avrupa\u2019n\u0131n g\u00f6be\u011finde zirveye ta\u015f\u0131yaca\u011f\u0131z&#8221; \u015feklinde konu\u015ftu.<\/p>\n<p>Vendetta Organizasyon Bas\u0131n Dan\u0131\u015fman\u0131 Vedat Alyaz, son d\u00f6nemlerde Avrupa\u2019da d\u00f6v\u00fc\u015f sporlar\u0131nda T\u00fcrk gen\u00e7lerinin ak\u0131n ak\u0131n geldi\u011fini vurgulayarak, &#8220;Hangi organizasyona gitseniz mutlaka birka\u00e7 T\u00fcrk genci ringe \u00e7\u0131k\u0131yor. Onun d\u0131\u015f\u0131nda promot\u00f6rlerimiz organizasyonlarda dev ad\u0131mlar atmaya ba\u015flad\u0131lar. Avusturya\u2019da B\u00fclent Sa\u011flam, Almanya\u2019da Erol Ceylan, Levent \u00c7ukur ve \u00e7ok say\u0131da organizat\u00f6r Avrupa\u2019n\u0131n en b\u00fcy\u00fck galalar\u0131na imza at\u0131yorlar&#8221; dedi.<\/p>\n","protected":false},"excerpt":{"rendered":"<p>AVUSTURYA&#8217;NIN EN B\u00dcY\u00dcK D\u00d6V\u00dc\u015e KUL\u00dcB\u00dc IRON F\u0130ST GYM (DEM\u0130R YUMRUK) VE VENDETTA ORGAN\u0130ZASYON Y\u00d6NET\u0130M KURULU BA\u015eKANI B\u00dcLENT SA\u011eLAM TARAFINDAN 15 HAZ\u0130RAN TAR\u0130H\u0130NDE GER\u00c7EKLE\u015eT\u0130R\u0130LECEK OLAN GALADA SEL\u0130M TOPUZ DA R\u0130NGE \u00c7IKACAK.<\/p>\n","protected":false},"author":1,"featured_media":167903,"comment_status":"closed","ping_status":"open","sticky":false,"template":"","format":"standard","meta":{"jetpack_post_was_ever_published":false,"_jetpack_newsletter_access":"","_jetpack_dont_email_post_to_subs":false,"_jetpack_newsletter_tier_id":0,"_jetpack_memberships_contains_paywalled_content":false,"_jetpack_memberships_contains_paid_content":false,"footnotes":"","jetpack_publicize_message":"","jetpack_publicize_feature_enabled":true,"jetpack_social_post_already_shared":true,"jetpack_social_options":{"image_generator_settings":{"template":"highway","default_image_id":0,"font":"","enabled":false},"version":2}},"categories":[657],"tags":[40210,297,40212,957,40211],"class_list":["post-167902","post","type-post","status-publish","format-standard","has-post-thumbnail","hentry","category-spor","tag-dovusculer","tag-hazirlaniyor","tag-sallamaya","tag-turk","tag-viyanayi"],"jetpack_publicize_connections":[],"jetpack_featured_media_url":"https:\/\/i0.wp.com\/www.tvturk.com\/wp-content\/uploads\/2019\/06\/turk-dovusculer-viyanayi-sallamaya-hazirlaniyor_7d1d979.jpg?fit=1000%2C619","jetpack_sharing_enabled":true,"jetpack_shortlink":"https:\/\/wp.me\/paKIfm-HG6","_links":{"self":[{"href":"http:\/\/www.tvturk.com\/index.php\/wp-json\/wp\/v2\/posts\/167902","targetHints":{"allow":["GET"]}}],"collection":[{"href":"http:\/\/www.tvturk.com\/index.php\/wp-json\/wp\/v2\/posts"}],"about":[{"href":"http:\/\/www.tvturk.com\/index.php\/wp-json\/wp\/v2\/types\/post"}],"author":[{"embeddable":true,"href":"http:\/\/www.tvturk.com\/index.php\/wp-json\/wp\/v2\/users\/1"}],"replies":[{"embeddable":true,"href":"http:\/\/www.tvturk.com\/index.php\/wp-json\/wp\/v2\/comments?post=167902"}],"version-history":[{"count":0,"href":"http:\/\/www.tvturk.com\/index.php\/wp-json\/wp\/v2\/posts\/167902\/revisions"}],"wp:featuredmedia":[{"embeddable":true,"href":"http:\/\/www.tvturk.com\/index.php\/wp-json\/wp\/v2\/media\/167903"}],"wp:attachment":[{"href":"http:\/\/www.tvturk.com\/index.php\/wp-json\/wp\/v2\/media?parent=167902"}],"wp:term":[{"taxonomy":"category","embeddable":true,"href":"http:\/\/www.tvturk.com\/index.php\/wp-json\/wp\/v2\/categories?post=167902"},{"taxonomy":"post_tag","embeddable":true,"href":"http:\/\/www.tvturk.com\/index.php\/wp-json\/wp\/v2\/tags?post=167902"}],"curies":[{"name":"wp","href":"https:\/\/api.w.org\/{rel}","templated":true}]}}