{"id":167934,"date":"2019-06-11T14:03:21","date_gmt":"2019-06-11T11:03:21","guid":{"rendered":"http:\/\/www.tvturk.com\/index.php\/geleneksel-cocuk-oyunlari-zeminin-azizligine-ugradi\/"},"modified":"2019-06-11T14:03:21","modified_gmt":"2019-06-11T11:03:21","slug":"geleneksel-cocuk-oyunlari-zeminin-azizligine-ugradi","status":"publish","type":"post","link":"http:\/\/www.tvturk.com\/index.php\/geleneksel-cocuk-oyunlari-zeminin-azizligine-ugradi\/","title":{"rendered":"\u2018Geleneksel \u00c7ocuk Oyunlar\u0131\u2019 zeminin azizli\u011fine u\u011frad\u0131"},"content":{"rendered":"<p>Karab\u00fck\u2019te d\u00fczenlenen \u2018Geleneksel \u00c7ocuk Oyunlar\u0131\u2019 il birincili\u011fi finalinde \u2018Ya\u011f Satar\u0131m Bal Satar\u0131m\u2019 oyun kategorisinde m\u00fccadele eden \u00e7ocuklar\u0131n zeminin azizli\u011fine u\u011frayarak yaralanmalar\u0131 sonucu oyun iptal edildi.<\/p>\n<p>Gen\u00e7lik ve Spor Bakanl\u0131\u011f\u0131 ve Milli E\u011fitim Bakanl\u0131\u011f\u0131 projesi olan \u2019Geleneksel \u00c7ocuk Oyunlar\u0131 \u0130l Birincili\u011fi Finali\u2019 Kent Meydan\u0131nda ger\u00e7ekle\u015ftirildi. Unutulmaya y\u00fcz tutmu\u015f \u00e7ocuk oyunlar\u0131n\u0131n yeniden ya\u015fat\u0131lmas\u0131, gelecek ku\u015faklara ta\u015f\u0131nmas\u0131, geleneksel oyunlar\u0131 ya\u015fatmak amac\u0131yla d\u00fczenlenen yar\u0131\u015fmaya 180 \u00f6\u011frenci kat\u0131ld\u0131. Co\u015fkuyla ba\u015flayan geleneksel \u00e7ocuk oyunlar\u0131nda mendil kapmaca, ya\u011f satar\u0131m bal satar\u0131m ve yakan top oynand\u0131. Renkli g\u00f6r\u00fcnt\u00fclerin ortaya \u00e7\u0131kt\u0131\u011f\u0131 yar\u0131\u015fmada \u2018ya\u011f satar\u0131m bal satar\u0131m\u2019 oyununda h\u00fcnerlerini sergileyen \u00f6\u011frenciler zeminden dolay\u0131 ayaklar\u0131n\u0131n kaymas\u0131 ile birlikte yere d\u00fc\u015ferek yaraland\u0131lar. \u00c7e\u015fitli yerlerinden yaralanan \u00f6\u011frencilere program i\u00e7in meydanda bekletilen ambulansta ilk m\u00fcdahaleleri yap\u0131ld\u0131. Daha fazla \u00f6\u011frencinin sakatlanmas\u0131n\u0131 engellemek amac\u0131yla \u2018ya\u011f satar\u0131m bal satar\u0131m\u2019 oyunu iptal edildi.<\/p>\n<p>\u201c\u00d6\u011frenciler g\u00f6zya\u015flar\u0131na hakim olamad\u0131\u201d<\/p>\n<p>Geleneksel \u00e7ocuk oyunlar\u0131 kapsam\u0131nda oynanan mendil kapmaca oyununda \u015eirinevler \u0130lkokulu ve Anayasa \u0130lkokulu \u00f6\u011frencileri kar\u015f\u0131 kar\u015f\u0131ya geldi. \u00d6\u011frencilerin h\u00fcnerlerini sergiledi\u011fi ve k\u0131yas\u0131ya m\u00fccadele etti\u011fi yar\u0131\u015fmada \u015eirinevler \u0130lkokulu \u00f6\u011frencileri yar\u0131\u015fma esnas\u0131nda g\u00f6zya\u015flar\u0131na hakim olamad\u0131. Yar\u0131\u015fmadan ma\u011flup ayr\u0131lan \u00f6\u011frencileri \u00f6\u011fretmenleri ve arkada\u015flar\u0131 teselli etti.<\/p>\n<p>Okul Sporlar\u0131 \u0130l Temsilcisi Sezgin Say\u0131n, organizasyonu d\u00fczenlerken baz\u0131 durumlar\u0131 d\u00fc\u015f\u00fcnemediklerini belirterek, \u201cYa\u011f satar\u0131m bal satar\u0131m oyununda \u00e7ocuklar\u0131m\u0131z\u0131n h\u0131zl\u0131 bir \u015fekilde daire etraf\u0131nda ko\u015fmas\u0131ndan dolay\u0131 ufak tefek sakatl\u0131klar meydana geldi. Daha fazla sakatl\u0131k olmas\u0131n diye yar\u0131n spor salonunda \u2018Ya\u011f satar\u0131m bal satar\u0131m\u2019 oyununu kendi ba\u015f\u0131na organizasyon yapmak \u00fczere ertelemede bulunduk\u201d dedi.<\/p>\n","protected":false},"excerpt":{"rendered":"<p>KARAB\u00dcK\u2019TE D\u00dcZENLENEN \u2018GELENEKSEL \u00c7OCUK OYUNLARI\u2019 \u0130L B\u0130R\u0130NC\u0130L\u0130\u011e\u0130 F\u0130NAL\u0130NDE \u2018YA\u011e SATARIM BAL SATARIM\u2019 OYUN KATEGOR\u0130S\u0130NDE M\u00dcCADELE EDEN \u00c7OCUKLARIN ZEM\u0130N\u0130N AZ\u0130ZL\u0130\u011e\u0130NE U\u011eRAYARAK YARALANMALARI SONUCU OYUN \u0130PTAL ED\u0130LD\u0130.<\/p>\n","protected":false},"author":1,"featured_media":167935,"comment_status":"closed","ping_status":"open","sticky":false,"template":"","format":"standard","meta":{"jetpack_post_was_ever_published":false,"_jetpack_newsletter_access":"","_jetpack_dont_email_post_to_subs":false,"_jetpack_newsletter_tier_id":0,"_jetpack_memberships_contains_paywalled_content":false,"_jetpack_memberships_contains_paid_content":false,"footnotes":"","jetpack_publicize_message":"","jetpack_publicize_feature_enabled":true,"jetpack_social_post_already_shared":true,"jetpack_social_options":{"image_generator_settings":{"template":"highway","default_image_id":0,"font":"","enabled":false},"version":2}},"categories":[1],"tags":[40224,1008,7470,5915,23186,24569],"class_list":["post-167934","post","type-post","status-publish","format-standard","has-post-thumbnail","hentry","category-genel","tag-azizligine","tag-cocuk","tag-geleneksel","tag-oyunlari","tag-ugradi","tag-zeminin"],"jetpack_publicize_connections":[],"jetpack_featured_media_url":"https:\/\/i0.wp.com\/www.tvturk.com\/wp-content\/uploads\/2019\/06\/geleneksel-cocuk-oyunlari-zeminin-azizligine-ugradi_92a01c9.jpg?fit=1000%2C562","jetpack_sharing_enabled":true,"jetpack_shortlink":"https:\/\/wp.me\/paKIfm-HGC","_links":{"self":[{"href":"http:\/\/www.tvturk.com\/index.php\/wp-json\/wp\/v2\/posts\/167934","targetHints":{"allow":["GET"]}}],"collection":[{"href":"http:\/\/www.tvturk.com\/index.php\/wp-json\/wp\/v2\/posts"}],"about":[{"href":"http:\/\/www.tvturk.com\/index.php\/wp-json\/wp\/v2\/types\/post"}],"author":[{"embeddable":true,"href":"http:\/\/www.tvturk.com\/index.php\/wp-json\/wp\/v2\/users\/1"}],"replies":[{"embeddable":true,"href":"http:\/\/www.tvturk.com\/index.php\/wp-json\/wp\/v2\/comments?post=167934"}],"version-history":[{"count":0,"href":"http:\/\/www.tvturk.com\/index.php\/wp-json\/wp\/v2\/posts\/167934\/revisions"}],"wp:featuredmedia":[{"embeddable":true,"href":"http:\/\/www.tvturk.com\/index.php\/wp-json\/wp\/v2\/media\/167935"}],"wp:attachment":[{"href":"http:\/\/www.tvturk.com\/index.php\/wp-json\/wp\/v2\/media?parent=167934"}],"wp:term":[{"taxonomy":"category","embeddable":true,"href":"http:\/\/www.tvturk.com\/index.php\/wp-json\/wp\/v2\/categories?post=167934"},{"taxonomy":"post_tag","embeddable":true,"href":"http:\/\/www.tvturk.com\/index.php\/wp-json\/wp\/v2\/tags?post=167934"}],"curies":[{"name":"wp","href":"https:\/\/api.w.org\/{rel}","templated":true}]}}