{"id":167970,"date":"2019-06-11T14:59:35","date_gmt":"2019-06-11T11:59:35","guid":{"rendered":"http:\/\/www.tvturk.com\/index.php\/kasta-denizden-cikmayan-kalmadi\/"},"modified":"2019-06-11T14:59:35","modified_gmt":"2019-06-11T11:59:35","slug":"kasta-denizden-cikmayan-kalmadi","status":"publish","type":"post","link":"http:\/\/www.tvturk.com\/index.php\/kasta-denizden-cikmayan-kalmadi\/","title":{"rendered":"Ka\u015f\u2019ta denizden \u00e7\u0131kmayan kalmad\u0131"},"content":{"rendered":"<p>Antalya\u2019n\u0131n Ka\u015f il\u00e7esinde deniz dip temizli\u011fi yap\u0131ld\u0131. Kaymakam Ula\u015f Akhan da Ka\u015f Liman\u0131\u2019nda k\u0131sa s\u00fcreli bir dal\u0131\u015f ger\u00e7ekle\u015ftirdi.<\/p>\n<p>Ka\u015f Kaymakaml\u0131\u011f\u0131, Ka\u015f Belediyesi ve Sahil G\u00fcvenlik Komutanl\u0131\u011f\u0131 i\u015fbirli\u011fiyle ger\u00e7ekle\u015fen \u00e7al\u0131\u015fmada deniz dibi temizlendi. Deniz kirlili\u011fine dikkati \u00e7ekmek ve deniz temizli\u011finin \u00f6nemi konusunda bilin\u00e7 kazand\u0131rmak amac\u0131yla d\u00fczenlenen etkinlikte Kaymakam Ula\u015f Akhan, Belediye Ba\u015fkan\u0131 Mutlu Uluta\u015f ve Sahil G\u00fcvenlik Komutan\u0131 K\u0131demli Ba\u015f\u00e7avu\u015f \u0130brahim Y\u00fcksek \u00e7al\u0131\u015fmalar\u0131 yerinde inceledi.<\/p>\n<p>Liman i\u00e7i temizli\u011fi, Ka\u015f Sualt\u0131 Derne\u011fi (KASAD) denetiminde yap\u0131ld\u0131. Liman\u0131n kuzey ve g\u00fcney taraf\u0131nda yap\u0131lan temizlik faaliyetine Ka\u015f\u2019taki dal\u0131\u015f okullar\u0131ndan 22 ki\u015fi ile 2 at\u0131k toplama teknesi kat\u0131ld\u0131. \u00c7al\u0131\u015fmayla ortalama 12 metre derinlikte 2 bin metrekare deniz dibi alan\u0131 temizlendi. Deniz dip temizli\u011fi sonucunda dalg\u0131\u00e7lar taraf\u0131ndan \u00e7\u0131kar\u0131lan teneke kutu, plastik \u015fi\u015fe, sandalye, hal\u0131, boru, g\u00f6zl\u00fck, demir, motor par\u00e7as\u0131, lastik, mangal, cep telefonu, pazar arabas\u0131 ve saire materyaller limanda sergilendi. Bu at\u0131klar\u0131n ayr\u0131\u015ft\u0131r\u0131larak, geri d\u00f6n\u00fc\u015f\u00fcm olarak kullan\u0131laca\u011f\u0131 kaydedildi.<\/p>\n<p>Limanda k\u0131sa s\u00fcreli dal\u0131\u015f yapan Kaymakam Ula\u015f Akhan, Ka\u015f\u2019\u0131n \u00fclkemizin ve d\u00fcnyan\u0131n en \u00f6nemli turizm beldelerinden biri oldu\u011funu belirterek, &#8220;\u00d6zellikle burada do\u011fal ve tarihi g\u00fczelliklerimizle misafirlerimize hizmet veriyoruz. Bunun yan\u0131nda il\u00e7emiz d\u00fcnyan\u0131n en iyi 50 dal\u0131\u015f noktas\u0131ndan biri. Ka\u015f\u2019\u0131n tercih edilmesinin nedeni, denizin g\u00fczelli\u011fi, temizli\u011fi ve g\u00f6r\u00fc\u015f zenginli\u011fi. Dal\u0131\u015f noktalar\u0131m\u0131z\u0131n daha da cazip hale gelmesi, bal\u0131k pop\u00fclasyonunun ve denizalt\u0131 canl\u0131l\u0131\u011f\u0131n\u0131n daha da artmas\u0131 i\u00e7in \u00e7al\u0131\u015fmalar y\u00fcr\u00fct\u00fcyoruz. Bug\u00fcn bu \u00e7al\u0131\u015fmalardan birini daha ger\u00e7ekle\u015ftirdik, devam\u0131n\u0131 bekliyoruz. Bunun i\u00e7in t\u00fcm akt\u00f6rlerle birlikte ortak \u00e7al\u0131\u015fma y\u00fcr\u00fctece\u011fiz&#8221; diye konu\u015ftu.<\/p>\n<p>Belediye Ba\u015fkan\u0131 Mutlu Uluta\u015f da &#8220;Ka\u015f\u2019\u0131n denizi ger\u00e7ekten \u00e7ok temiz, en \u00f6nemli dal\u0131\u015f merkezlerinden biri. Sualt\u0131 sporlar\u0131 burada yap\u0131l\u0131yor. \u00d6zellikle Ka\u015f denizlerinin temizli\u011fiyle ilgili fark\u0131ndal\u0131k olu\u015fturmak ad\u0131na Ka\u015f Liman\u0131\u2019nda denizalt\u0131 temizli\u011fi ger\u00e7ekle\u015ftirdik. Bu t\u00fcr \u00e7al\u0131\u015fmay\u0131 zaman zaman yapaca\u011f\u0131z. Do\u011fay\u0131, \u00e7evreyi koruyaca\u011f\u0131z&#8221; \u015feklinde konu\u015ftu.<\/p>\n","protected":false},"excerpt":{"rendered":"<p>ANTALYA\u2019NIN KA\u015e \u0130L\u00c7ES\u0130NDE DEN\u0130Z D\u0130P TEM\u0130ZL\u0130\u011e\u0130 YAPILDI. KAYMAKAM ULA\u015e AKHAN DA KA\u015e L\u0130MANI\u2019NDA KISA S\u00dcREL\u0130 B\u0130R DALI\u015e GER\u00c7EKLE\u015eT\u0130RD\u0130.<\/p>\n","protected":false},"author":1,"featured_media":167971,"comment_status":"closed","ping_status":"open","sticky":false,"template":"","format":"standard","meta":{"jetpack_post_was_ever_published":false,"_jetpack_newsletter_access":"","_jetpack_dont_email_post_to_subs":false,"_jetpack_newsletter_tier_id":0,"_jetpack_memberships_contains_paywalled_content":false,"_jetpack_memberships_contains_paid_content":false,"footnotes":"","jetpack_publicize_message":"","jetpack_publicize_feature_enabled":true,"jetpack_social_post_already_shared":true,"jetpack_social_options":{"image_generator_settings":{"template":"highway","default_image_id":0,"font":"","enabled":false},"version":2}},"categories":[1],"tags":[40237,4604,13178,896],"class_list":["post-167970","post","type-post","status-publish","format-standard","has-post-thumbnail","hentry","category-genel","tag-cikmayan","tag-denizden","tag-kalmadi","tag-kasta"],"jetpack_publicize_connections":[],"jetpack_featured_media_url":"https:\/\/i0.wp.com\/www.tvturk.com\/wp-content\/uploads\/2019\/06\/kasta-denizden-cikmayan-kalmadi_c2ebb96.jpg?fit=1000%2C666","jetpack_sharing_enabled":true,"jetpack_shortlink":"https:\/\/wp.me\/paKIfm-HHc","_links":{"self":[{"href":"http:\/\/www.tvturk.com\/index.php\/wp-json\/wp\/v2\/posts\/167970","targetHints":{"allow":["GET"]}}],"collection":[{"href":"http:\/\/www.tvturk.com\/index.php\/wp-json\/wp\/v2\/posts"}],"about":[{"href":"http:\/\/www.tvturk.com\/index.php\/wp-json\/wp\/v2\/types\/post"}],"author":[{"embeddable":true,"href":"http:\/\/www.tvturk.com\/index.php\/wp-json\/wp\/v2\/users\/1"}],"replies":[{"embeddable":true,"href":"http:\/\/www.tvturk.com\/index.php\/wp-json\/wp\/v2\/comments?post=167970"}],"version-history":[{"count":0,"href":"http:\/\/www.tvturk.com\/index.php\/wp-json\/wp\/v2\/posts\/167970\/revisions"}],"wp:featuredmedia":[{"embeddable":true,"href":"http:\/\/www.tvturk.com\/index.php\/wp-json\/wp\/v2\/media\/167971"}],"wp:attachment":[{"href":"http:\/\/www.tvturk.com\/index.php\/wp-json\/wp\/v2\/media?parent=167970"}],"wp:term":[{"taxonomy":"category","embeddable":true,"href":"http:\/\/www.tvturk.com\/index.php\/wp-json\/wp\/v2\/categories?post=167970"},{"taxonomy":"post_tag","embeddable":true,"href":"http:\/\/www.tvturk.com\/index.php\/wp-json\/wp\/v2\/tags?post=167970"}],"curies":[{"name":"wp","href":"https:\/\/api.w.org\/{rel}","templated":true}]}}